{"id":26730,"date":"2026-01-19T18:41:53","date_gmt":"2026-01-19T21:41:53","guid":{"rendered":"https:\/\/www.ifbaiano.edu.br\/unidades\/santaines\/?p=26730"},"modified":"2026-01-19T18:41:53","modified_gmt":"2026-01-19T21:41:53","slug":"if-baiano-divulga-resultado-final-de-matricula-para-cursos-tecnicos-ead-em-santa-ines-e-maracas","status":"publish","type":"post","link":"https:\/\/www.ifbaiano.edu.br\/unidades\/santaines\/if-baiano-divulga-resultado-final-de-matricula-para-cursos-tecnicos-ead-em-santa-ines-e-maracas\/","title":{"rendered":"IF Baiano divulga resultado final de matr\u00edcula para cursos t\u00e9cnicos EaD em Santa In\u00eas e Marac\u00e1s"},"content":{"rendered":"\n<p>O Instituto Federal Baiano (IF Baiano) \u2013 Campus Santa In\u00eas tornou p\u00fablica as listas dos candidatos matriculados para os cursos t\u00e9cnicos da Educa\u00e7\u00e3o Profissional T\u00e9cnica de N\u00edvel M\u00e9dio, na modalidade a dist\u00e2ncia (EaD). A sele\u00e7\u00e3o, regida pelo <a href=\"https:\/\/ingresso.ifbaiano.edu.br\/wp-content\/uploads\/2025\/10\/EditalNo-31-2025-DE-21-DE-OUTUBRO-DE-2025.pdf\">Edital n\u00ba 31\/2025<\/a>, \u00e9 destinada a estudantes que j\u00e1 conclu\u00edram o Ensino M\u00e9dio (forma subsequente).<\/p>\n\n\n\n<h3 class=\"wp-block-heading\"><strong>Onde conferir a lista?<\/strong><\/h3>\n\n\n\n<p>Os candidatos podem consultar a rela\u00e7\u00e3o final de matriculados (Polo Santa In\u00eas e Polo Marac\u00e1s) diretamente na <a href=\"https:\/\/ingresso.ifbaiano.edu.br\/concursos\/subsequente-ead-santa-ines-2026\/\">P\u00e1gina de Ingressos<\/a> do IF Baiano. \u00c9 fundamental que o estudante acompanhe as publica\u00e7\u00f5es oficiais para verificar se sua documenta\u00e7\u00e3o foi aceita sem pend\u00eancias. Da mesma forma, o estudante deve ficar atento aos e-mails cadastrados para orienta\u00e7\u00f5es sobre o acesso \u00e0 plataforma de ensino e encontros presenciais nos polos.  <\/p>\n\n\n\n<p>Acesse a p\u00e1gina de Ingresso para consultar toda a documenta\u00e7\u00e3o do processo seletivo.<\/p>\n\n\n\n<p>Para mais informa\u00e7\u00f5es ou d\u00favidas sobre o processo seletivo, os candidatos podem entrar em contato com a Comiss\u00e3o Local de Processo Seletivo pelo e-mail:\u00a0<strong><a rel=\"noreferrer noopener\" href=\"https:\/\/www.google.com\/url?sa=E&amp;q=mailto%3Aprosel%40si.ifbaiano.edu.br\" target=\"_blank\">prosel@si.ifbaiano.edu.br<\/a><\/strong>.<\/p>\n\n\n\n<hr class=\"wp-block-separator has-alpha-channel-opacity\" \/>\n","protected":false},"excerpt":{"rendered":"<p>Candidatos j\u00e1 podem conferir as listas dos matriculados para o ano letivo de 2026. Aulas est\u00e3o previstas para come\u00e7ar em mar\u00e7o.<\/p>\n","protected":false},"author":86,"featured_media":26723,"comment_status":"closed","ping_status":"closed","sticky":false,"template":"","format":"standard","meta":[],"categories":[4,5,8,57],"tags":[],"_links":{"self":[{"href":"https:\/\/www.ifbaiano.edu.br\/unidades\/santaines\/wp-json\/wp\/v2\/posts\/26730"}],"collection":[{"href":"https:\/\/www.ifbaiano.edu.br\/unidades\/santaines\/wp-json\/wp\/v2\/posts"}],"about":[{"href":"https:\/\/www.ifbaiano.edu.br\/unidades\/santaines\/wp-json\/wp\/v2\/types\/post"}],"author":[{"embeddable":true,"href":"https:\/\/www.ifbaiano.edu.br\/unidades\/santaines\/wp-json\/wp\/v2\/users\/86"}],"replies":[{"embeddable":true,"href":"https:\/\/www.ifbaiano.edu.br\/unidades\/santaines\/wp-json\/wp\/v2\/comments?post=26730"}],"version-history":[{"count":1,"href":"https:\/\/www.ifbaiano.edu.br\/unidades\/santaines\/wp-json\/wp\/v2\/posts\/26730\/revisions"}],"predecessor-version":[{"id":26731,"href":"https:\/\/www.ifbaiano.edu.br\/unidades\/santaines\/wp-json\/wp\/v2\/posts\/26730\/revisions\/26731"}],"wp:featuredmedia":[{"embeddable":true,"href":"https:\/\/www.ifbaiano.edu.br\/unidades\/santaines\/wp-json\/wp\/v2\/media\/26723"}],"wp:attachment":[{"href":"https:\/\/www.ifbaiano.edu.br\/unidades\/santaines\/wp-json\/wp\/v2\/media?parent=26730"}],"wp:term":[{"taxonomy":"category","embeddable":true,"href":"https:\/\/www.ifbaiano.edu.br\/unidades\/santaines\/wp-json\/wp\/v2\/categories?post=26730"},{"taxonomy":"post_tag","embeddable":true,"href":"https:\/\/www.ifbaiano.edu.br\/unidades\/santaines\/wp-json\/wp\/v2\/tags?post=26730"}],"curies":[{"name":"wp","href":"https:\/\/api.w.org\/{rel}","templated":true}]}}