{"id":26732,"date":"2026-01-23T10:53:37","date_gmt":"2026-01-23T13:53:37","guid":{"rendered":"https:\/\/www.ifbaiano.edu.br\/unidades\/santaines\/?p=26732"},"modified":"2026-01-23T10:53:37","modified_gmt":"2026-01-23T13:53:37","slug":"if-baiano-campus-santa-ines-abre-inscricoes-para-vagas-remanescentes-em-cursos-tecnicos-integrados-ao-ensino-medio","status":"publish","type":"post","link":"https:\/\/www.ifbaiano.edu.br\/unidades\/santaines\/if-baiano-campus-santa-ines-abre-inscricoes-para-vagas-remanescentes-em-cursos-tecnicos-integrados-ao-ensino-medio\/","title":{"rendered":"IF Baiano \u2013 Campus Santa In\u00eas abre inscri\u00e7\u00f5es para vagas remanescentes em Cursos T\u00e9cnicos Integrados ao Ensino M\u00e9dio"},"content":{"rendered":"\n<p>O Instituto Federal de Educa\u00e7\u00e3o, Ci\u00eancia e Tecnologia Baiano (IF Baiano) \u2013 Campus Santa In\u00eas publicou o <a href=\"https:\/\/ingresso.ifbaiano.edu.br\/wp-content\/uploads\/2025\/08\/EDITAL-DE-VAGAS-REMANESCENTES.pdf\">Edital n\u00ba 3\/2026<\/a>, que disp\u00f5e sobre o processo seletivo para preenchimento de vagas remanescentes nos cursos da Educa\u00e7\u00e3o Profissional T\u00e9cnica de N\u00edvel M\u00e9dio, na forma integrada ao ensino m\u00e9dio, na modalidade presencial.<\/p>\n\n\n\n<p>As vagas s\u00e3o destinadas a estudantes que tenham conclu\u00eddo o ensino fundamental (9\u00ba ano) at\u00e9 o momento da inscri\u00e7\u00e3o\/matr\u00edcula. O ingresso ocorrer\u00e1 por meio de <strong>manifesta\u00e7\u00e3o de interesse<\/strong>, com classifica\u00e7\u00e3o definida pela <strong>ordem de chegada<\/strong>, desde que toda a documenta\u00e7\u00e3o exigida seja apresentada corretamente.<\/p>\n\n\n\n<p>As inscri\u00e7\u00f5es e matr\u00edculas ser\u00e3o realizadas <strong>presencialmente<\/strong>, no dia <strong>27 de janeiro de 2026<\/strong>, no hor\u00e1rio das <strong>8h \u00e0s 13h30<\/strong>, no IF Baiano \u2013 Campus Santa In\u00eas, localizado na BR-420 (trecho Santa In\u00eas\/Uba\u00edra). O atendimento seguir\u00e1 at\u00e9 o preenchimento total das vagas dispon\u00edveis ou at\u00e9 o in\u00edcio das aulas, o que ocorrer primeiro.<\/p>\n\n\n\n<p>No ato da manifesta\u00e7\u00e3o de interesse, os(as) candidatos(as) dever\u00e3o entregar toda a documenta\u00e7\u00e3o exigida em edital, incluindo documento de identifica\u00e7\u00e3o, CPF, hist\u00f3rico escolar, comprovante de resid\u00eancia, certid\u00e3o de nascimento ou casamento, cart\u00e3o do SUS, cart\u00e3o de vacina\u00e7\u00e3o, fotos 3&#215;4, entre outros documentos obrigat\u00f3rios. Candidatos(as) menores de 18 anos dever\u00e3o comparecer acompanhados(as) de respons\u00e1vel legal.<\/p>\n\n\n\n<p>Caso o n\u00famero de interessados(as) ultrapasse a quantidade de vagas ofertadas, ser\u00e1 formada uma <strong>lista de espera<\/strong>, que poder\u00e1 ser utilizada para preenchimento de poss\u00edveis desist\u00eancias, em at\u00e9 30 dias ap\u00f3s o in\u00edcio das aulas. Em situa\u00e7\u00f5es de empate, ter\u00e1 prioridade o(a) candidato(a) de maior idade.<\/p>\n\n\n\n<p>A rela\u00e7\u00e3o dos(as) estudantes matriculados(as) e da lista de espera ser\u00e1 divulgada a partir de <strong>9 de fevereiro de 2026<\/strong>, na <a href=\"https:\/\/ingresso.ifbaiano.edu.br\/concursos\/integrado-santa-ines-2026\/\">p\u00e1gina oficial de ingresso do IF Baiano<\/a>.<\/p>\n\n\n\n<p>Todas as regras, prazos e orienta\u00e7\u00f5es detalhadas est\u00e3o dispon\u00edveis no <a href=\"https:\/\/ingresso.ifbaiano.edu.br\/wp-content\/uploads\/2025\/08\/EDITAL-DE-VAGAS-REMANESCENTES.pdf\">edital<\/a>, que deve ser lido atentamente pelos(as) candidatos(as). D\u00favidas sobre o processo seletivo podem ser encaminhadas para o e-mail <strong>prosel@si.ifbaiano.edu.br<\/strong>.<\/p>\n\n\n\n<hr class=\"wp-block-separator has-alpha-channel-opacity\" \/>\n","protected":false},"excerpt":{"rendered":"<p>O Instituto Federal de Educa\u00e7\u00e3o, Ci\u00eancia e Tecnologia Baiano (IF Baiano) \u2013 Campus Santa In\u00eas publicou o Edital n\u00ba 3\/2026, que disp\u00f5e sobre o processo seletivo para preenchimento de vagas remanescentes nos cursos da Educa\u00e7\u00e3o Profissional T\u00e9cnica de N\u00edvel M\u00e9dio, na forma integrada ao ensino m\u00e9dio, na modalidade presencial. As vagas s\u00e3o destinadas a estudantes [&hellip;]<\/p>\n","protected":false},"author":86,"featured_media":26086,"comment_status":"closed","ping_status":"closed","sticky":false,"template":"","format":"standard","meta":[],"categories":[4,5,8,57],"tags":[],"_links":{"self":[{"href":"https:\/\/www.ifbaiano.edu.br\/unidades\/santaines\/wp-json\/wp\/v2\/posts\/26732"}],"collection":[{"href":"https:\/\/www.ifbaiano.edu.br\/unidades\/santaines\/wp-json\/wp\/v2\/posts"}],"about":[{"href":"https:\/\/www.ifbaiano.edu.br\/unidades\/santaines\/wp-json\/wp\/v2\/types\/post"}],"author":[{"embeddable":true,"href":"https:\/\/www.ifbaiano.edu.br\/unidades\/santaines\/wp-json\/wp\/v2\/users\/86"}],"replies":[{"embeddable":true,"href":"https:\/\/www.ifbaiano.edu.br\/unidades\/santaines\/wp-json\/wp\/v2\/comments?post=26732"}],"version-history":[{"count":1,"href":"https:\/\/www.ifbaiano.edu.br\/unidades\/santaines\/wp-json\/wp\/v2\/posts\/26732\/revisions"}],"predecessor-version":[{"id":26733,"href":"https:\/\/www.ifbaiano.edu.br\/unidades\/santaines\/wp-json\/wp\/v2\/posts\/26732\/revisions\/26733"}],"wp:featuredmedia":[{"embeddable":true,"href":"https:\/\/www.ifbaiano.edu.br\/unidades\/santaines\/wp-json\/wp\/v2\/media\/26086"}],"wp:attachment":[{"href":"https:\/\/www.ifbaiano.edu.br\/unidades\/santaines\/wp-json\/wp\/v2\/media?parent=26732"}],"wp:term":[{"taxonomy":"category","embeddable":true,"href":"https:\/\/www.ifbaiano.edu.br\/unidades\/santaines\/wp-json\/wp\/v2\/categories?post=26732"},{"taxonomy":"post_tag","embeddable":true,"href":"https:\/\/www.ifbaiano.edu.br\/unidades\/santaines\/wp-json\/wp\/v2\/tags?post=26732"}],"curies":[{"name":"wp","href":"https:\/\/api.w.org\/{rel}","templated":true}]}}