{"id":26754,"date":"2026-01-29T16:09:21","date_gmt":"2026-01-29T19:09:21","guid":{"rendered":"https:\/\/www.ifbaiano.edu.br\/unidades\/santaines\/?p=26754"},"modified":"2026-01-29T16:09:22","modified_gmt":"2026-01-29T19:09:22","slug":"campus-santa-ines-atualiza-processo-seletivo-para-residencia-estudantil-em-2026","status":"publish","type":"post","link":"https:\/\/www.ifbaiano.edu.br\/unidades\/santaines\/campus-santa-ines-atualiza-processo-seletivo-para-residencia-estudantil-em-2026\/","title":{"rendered":"Campus Santa In\u00eas atualiza processo seletivo para Resid\u00eancia Estudantil em 2026"},"content":{"rendered":"\n<p>O Instituto Federal Baiano (IF Baiano) \u2013 Campus Santa In\u00eas publicou o <strong><a href=\"https:\/\/www.ifbaiano.edu.br\/unidades\/santaines\/files\/2026\/01\/Edital-de-retificacao-Residencia-estudantil.pdf\">Edital de Retifica\u00e7\u00e3o n\u00ba 5\/2026<\/a><\/strong>, que altera informa\u00e7\u00f5es do <strong><a href=\"https:\/\/www.ifbaiano.edu.br\/unidades\/santaines\/files\/2025\/12\/EDITAL-DE-PROCESSO-SELETIVO-PARA-RESIDENCIA-ESTUDANTIL-2026.pdf\">Edital n\u00ba 42\/2025<\/a><\/strong>, referente ao processo seletivo para ingresso na <strong>Resid\u00eancia Estudantil no ano letivo de 2026<\/strong>. As mudan\u00e7as dizem respeito, principalmente, ao <strong>per\u00edodo de inscri\u00e7\u00f5es<\/strong>, \u00e0 <strong>forma de sele\u00e7\u00e3o<\/strong> e ao <strong>cronograma<\/strong> do certame.<\/p>\n\n\n\n<p>A sele\u00e7\u00e3o \u00e9 destinada a estudantes regularmente matriculados nos <strong>Cursos T\u00e9cnicos Integrados<\/strong> do campus que residem em outros munic\u00edpios ou em \u00e1reas rurais de dif\u00edcil acesso, sem oferta de transporte escolar regular.<\/p>\n\n\n\n<h3 class=\"wp-block-heading\">Sobre a Resid\u00eancia Estudantil<\/h3>\n\n\n\n<p>A Resid\u00eancia Estudantil \u00e9 um espa\u00e7o localizado dentro do pr\u00f3prio campus e tem como objetivo garantir melhores condi\u00e7\u00f5es de perman\u00eancia e \u00eaxito escolar. Os estudantes selecionados contam com <strong>hospedagem gratuita<\/strong>, al\u00e9m de <strong>tr\u00eas refei\u00e7\u00f5es di\u00e1rias (caf\u00e9 da manh\u00e3, almo\u00e7o e jantar)<\/strong> durante a semana.<\/p>\n\n\n\n<p>Ao todo, s\u00e3o ofertadas <strong>74 vagas<\/strong>, distribu\u00eddas da seguinte forma:<\/p>\n\n\n\n<ul>\n<li><strong>46 vagas para a Resid\u00eancia Feminina<\/strong>;<\/li>\n\n\n\n<li><strong>28 vagas para a Resid\u00eancia Masculina<\/strong>.<\/li>\n<\/ul>\n\n\n\n<p>A sele\u00e7\u00e3o prioriza estudantes em situa\u00e7\u00e3o de <strong>vulnerabilidade socioecon\u00f4mica<\/strong>, conforme crit\u00e9rios estabelecidos no edital.<\/p>\n\n\n\n<h3 class=\"wp-block-heading\">O que mudou com a retifica\u00e7\u00e3o?<\/h3>\n\n\n\n<p>Com a publica\u00e7\u00e3o do <strong><a href=\"https:\/\/www.ifbaiano.edu.br\/unidades\/santaines\/files\/2026\/01\/Edital-de-retificacao-Residencia-estudantil.pdf\">Edital de Retifica\u00e7\u00e3o<\/a><\/strong>, a <strong>sele\u00e7\u00e3o passa a ser realizada por meio de entrevista social<\/strong>, conduzida pela assistente social do campus, <strong>na resid\u00eancia do estudante<\/strong>, conforme cronograma a ser divulgado ap\u00f3s o resultado final das inscri\u00e7\u00f5es. Al\u00e9m disso, o <strong>per\u00edodo de inscri\u00e7\u00f5es foi prorrogado<\/strong>, assim como houve ajustes nas datas das demais etapas do processo.<\/p>\n\n\n\n<h3 class=\"wp-block-heading\">Quem pode participar?<\/h3>\n\n\n\n<p>Podem concorrer \u00e0s vagas estudantes que atendam, entre outros, aos seguintes requisitos:<\/p>\n\n\n\n<ul>\n<li>Estar regularmente matriculado em Curso T\u00e9cnico Integrado do IF Baiano \u2013 Campus Santa In\u00eas;<\/li>\n\n\n\n<li>Residir em outro munic\u00edpio ou estado sem transporte escolar para o campus;<\/li>\n\n\n\n<li>Ou morar na zona rural de Santa In\u00eas, em local sem transporte escolar regular.<\/li>\n<\/ul>\n\n\n\n<h3 class=\"wp-block-heading\">Como realizar a inscri\u00e7\u00e3o?<\/h3>\n\n\n\n<p>As <strong>inscri\u00e7\u00f5es s\u00e3o gratuitas<\/strong> e devem ser realizadas <strong>exclusivamente por e-mail<\/strong>, no per\u00edodo de <strong>26 de dezembro de 2025 a 29 de janeiro de 2026<\/strong>.<\/p>\n\n\n\n<p>O estudante ou respons\u00e1vel deve enviar a documenta\u00e7\u00e3o digitalizada, em formato PDF, para o e-mail: <strong><a>clae@si.ifbaiano.edu.br<\/a><\/strong>.<\/p>\n\n\n\n<h4 class=\"wp-block-heading\">Documentos necess\u00e1rios:<\/h4>\n\n\n\n<ul>\n<li>RG e CPF;<\/li>\n\n\n\n<li>Comprovante de matr\u00edcula;<\/li>\n\n\n\n<li>Comprovante de resid\u00eancia atualizado (em nome do respons\u00e1vel);<\/li>\n\n\n\n<li>Espelho do Cad\u00danico (se houver, utilizado como crit\u00e9rio de desempate);<\/li>\n\n\n\n<li>Ficha de inscri\u00e7\u00e3o devidamente preenchida e assinada.<\/li>\n<\/ul>\n\n\n\n<h3 class=\"wp-block-heading\">Cronograma atualizado<\/h3>\n\n\n\n<ul>\n<li><strong>Per\u00edodo de inscri\u00e7\u00f5es:<\/strong> 26\/12\/2025 a 29\/01\/2026<\/li>\n\n\n\n<li><strong>Resultado preliminar das inscri\u00e7\u00f5es:<\/strong> 30\/01\/2026<\/li>\n\n\n\n<li><strong>Interposi\u00e7\u00e3o de recursos:<\/strong> 31\/01\/2026<\/li>\n\n\n\n<li><strong>Resultado da an\u00e1lise dos recursos:<\/strong> 02\/02\/2026<\/li>\n\n\n\n<li><strong>Resultado final das inscri\u00e7\u00f5es e divulga\u00e7\u00e3o do cronograma de visitas domiciliares:<\/strong> 03\/02\/2026<\/li>\n\n\n\n<li><strong>Visitas domiciliares (entrevistas sociais):<\/strong> 04 a 13\/02\/2026 e 18 a 20\/02\/2026<\/li>\n\n\n\n<li><strong>Resultado final da sele\u00e7\u00e3o:<\/strong> 21\/02\/2026<\/li>\n<\/ul>\n\n\n\n<h3 class=\"wp-block-heading\">Mais informa\u00e7\u00f5es<\/h3>\n\n\n\n<p>Em caso de d\u00favidas, os interessados podem entrar em contato com a <strong>Coordena\u00e7\u00e3o de Assuntos Estudantis<\/strong>, pelo WhatsApp: <strong>(73) 98144-6257<\/strong>.<\/p>\n\n\n\n<hr class=\"wp-block-separator has-alpha-channel-opacity\" \/>\n\n\n\n<p>Veja tamb\u00e9m <a href=\"https:\/\/www.ifbaiano.edu.br\/unidades\/santaines\/campus-santa-ines-abre-processo-seletivo-para-residencia-estudantil-em-2026\/\">not\u00edcia anterior<\/a>.<\/p>\n","protected":false},"excerpt":{"rendered":"<p>O Instituto Federal Baiano (IF Baiano) \u2013 Campus Santa In\u00eas publicou o Edital de Retifica\u00e7\u00e3o n\u00ba 5\/2026, que altera informa\u00e7\u00f5es do Edital n\u00ba 42\/2025, referente ao processo seletivo para ingresso na Resid\u00eancia Estudantil no ano letivo de 2026. As mudan\u00e7as dizem respeito, principalmente, ao per\u00edodo de inscri\u00e7\u00f5es, \u00e0 forma de sele\u00e7\u00e3o e ao cronograma do [&hellip;]<\/p>\n","protected":false},"author":86,"featured_media":26556,"comment_status":"closed","ping_status":"closed","sticky":false,"template":"","format":"standard","meta":[],"categories":[4,13,5,8,57],"tags":[],"_links":{"self":[{"href":"https:\/\/www.ifbaiano.edu.br\/unidades\/santaines\/wp-json\/wp\/v2\/posts\/26754"}],"collection":[{"href":"https:\/\/www.ifbaiano.edu.br\/unidades\/santaines\/wp-json\/wp\/v2\/posts"}],"about":[{"href":"https:\/\/www.ifbaiano.edu.br\/unidades\/santaines\/wp-json\/wp\/v2\/types\/post"}],"author":[{"embeddable":true,"href":"https:\/\/www.ifbaiano.edu.br\/unidades\/santaines\/wp-json\/wp\/v2\/users\/86"}],"replies":[{"embeddable":true,"href":"https:\/\/www.ifbaiano.edu.br\/unidades\/santaines\/wp-json\/wp\/v2\/comments?post=26754"}],"version-history":[{"count":1,"href":"https:\/\/www.ifbaiano.edu.br\/unidades\/santaines\/wp-json\/wp\/v2\/posts\/26754\/revisions"}],"predecessor-version":[{"id":26756,"href":"https:\/\/www.ifbaiano.edu.br\/unidades\/santaines\/wp-json\/wp\/v2\/posts\/26754\/revisions\/26756"}],"wp:featuredmedia":[{"embeddable":true,"href":"https:\/\/www.ifbaiano.edu.br\/unidades\/santaines\/wp-json\/wp\/v2\/media\/26556"}],"wp:attachment":[{"href":"https:\/\/www.ifbaiano.edu.br\/unidades\/santaines\/wp-json\/wp\/v2\/media?parent=26754"}],"wp:term":[{"taxonomy":"category","embeddable":true,"href":"https:\/\/www.ifbaiano.edu.br\/unidades\/santaines\/wp-json\/wp\/v2\/categories?post=26754"},{"taxonomy":"post_tag","embeddable":true,"href":"https:\/\/www.ifbaiano.edu.br\/unidades\/santaines\/wp-json\/wp\/v2\/tags?post=26754"}],"curies":[{"name":"wp","href":"https:\/\/api.w.org\/{rel}","templated":true}]}}