{"id":26757,"date":"2026-01-30T13:44:01","date_gmt":"2026-01-30T16:44:01","guid":{"rendered":"https:\/\/www.ifbaiano.edu.br\/unidades\/santaines\/?p=26757"},"modified":"2026-01-30T13:47:13","modified_gmt":"2026-01-30T16:47:13","slug":"if-baiano-campus-santa-ines-convoca-candidatos-aprovados-no-sisu-2026-para-matricula-regular-nos-cursos-de-graduacao","status":"publish","type":"post","link":"https:\/\/www.ifbaiano.edu.br\/unidades\/santaines\/if-baiano-campus-santa-ines-convoca-candidatos-aprovados-no-sisu-2026-para-matricula-regular-nos-cursos-de-graduacao\/","title":{"rendered":"IF Baiano \u2013 Campus Santa In\u00eas convoca candidatos aprovados no SISU 2026 para matr\u00edcula regular nos cursos de gradua\u00e7\u00e3o"},"content":{"rendered":"\n<p>O Instituto Federal de Educa\u00e7\u00e3o, Ci\u00eancia e Tecnologia Baiano (IF Baiano) &#8211; Campus Santa In\u00eas, convoca para realiza\u00e7\u00e3o de matr\u00edculas, nos cursos de gradua\u00e7\u00e3o gratuitos, <a href=\"https:\/\/ingresso.ifbaiano.edu.br\/wp-content\/uploads\/2026\/01\/Resultado-e-Convocacao-para-matricula-Chamada-Regular.pdf\">candidatos<\/a> que realizaram a inscri\u00e7\u00e3o por meio do <strong>Sistema de Sele\u00e7\u00e3o Unificada (Sisu) 2026<\/strong>.<\/p>\n\n\n\n<p>O processo de matr\u00edcula \u00e9 regido pelo <strong><a href=\"https:\/\/ingresso.ifbaiano.edu.br\/wp-content\/uploads\/2026\/01\/Chamada-para-Matricula.pdf\">Edital n\u00ba 02<\/a><\/strong>, de 16 de janeiro de 2026 que oferece <strong>120 vagas<\/strong> distribu\u00eddas em tr\u00eas op\u00e7\u00f5es de cursos presenciais, com acesso garantido pelo desempenho no <strong>Exame Nacional do Ensino M\u00e9dio (Enem)<\/strong>.<\/p>\n\n\n\n<ul>\n<li><strong>Bacharelado em Zootecnia<\/strong> \u2013 40 vagas<\/li>\n\n\n\n<li><strong>Licenciatura em Ci\u00eancias Biol\u00f3gicas<\/strong> \u2013 40 vagas<\/li>\n\n\n\n<li><strong>Licenciatura em Geografia<\/strong> \u2013 40 vagas<\/li>\n<\/ul>\n\n\n\n<p>Esses cursos contemplam \u00e1reas importantes para o desenvolvimento regional, como ci\u00eancias agr\u00e1rias, educa\u00e7\u00e3o e meio ambiente, e integram a oferta de mais de mil vagas que o IF Baiano est\u00e1 disponibilizando em seus campi na Bahia pelo Sisu 2026.<\/p>\n\n\n\n<p><strong>Prazos e cronograma<\/strong><\/p>\n\n\n\n<p>As matr\u00edculas para a chamada regular iniciaram hoje, 30, e seguem at\u00e9 o dia 5 de fevereiro de 2026.<\/p>\n\n\n\n<p>Todos os detalhes sobre datas, documentos exigidos e convoca\u00e7\u00f5es est\u00e3o dispon\u00edveis no <a href=\"https:\/\/ingresso.ifbaiano.edu.br\/concursos\/sisu-2026\/santa-ines\/\">portal de ingresso do IF Baiano<\/a>.<\/p>\n\n\n\n<hr class=\"wp-block-separator has-alpha-channel-opacity\" \/>\n\n\n\n<p><\/p>\n","protected":false},"excerpt":{"rendered":"<p>Matr\u00edcula come\u00e7ou hoje, 30, e segue at\u00e9 o dia 5 de janeiro<\/p>\n","protected":false},"author":86,"featured_media":26760,"comment_status":"closed","ping_status":"closed","sticky":false,"template":"","format":"standard","meta":[],"categories":[4,12,5,57],"tags":[],"_links":{"self":[{"href":"https:\/\/www.ifbaiano.edu.br\/unidades\/santaines\/wp-json\/wp\/v2\/posts\/26757"}],"collection":[{"href":"https:\/\/www.ifbaiano.edu.br\/unidades\/santaines\/wp-json\/wp\/v2\/posts"}],"about":[{"href":"https:\/\/www.ifbaiano.edu.br\/unidades\/santaines\/wp-json\/wp\/v2\/types\/post"}],"author":[{"embeddable":true,"href":"https:\/\/www.ifbaiano.edu.br\/unidades\/santaines\/wp-json\/wp\/v2\/users\/86"}],"replies":[{"embeddable":true,"href":"https:\/\/www.ifbaiano.edu.br\/unidades\/santaines\/wp-json\/wp\/v2\/comments?post=26757"}],"version-history":[{"count":1,"href":"https:\/\/www.ifbaiano.edu.br\/unidades\/santaines\/wp-json\/wp\/v2\/posts\/26757\/revisions"}],"predecessor-version":[{"id":26759,"href":"https:\/\/www.ifbaiano.edu.br\/unidades\/santaines\/wp-json\/wp\/v2\/posts\/26757\/revisions\/26759"}],"wp:featuredmedia":[{"embeddable":true,"href":"https:\/\/www.ifbaiano.edu.br\/unidades\/santaines\/wp-json\/wp\/v2\/media\/26760"}],"wp:attachment":[{"href":"https:\/\/www.ifbaiano.edu.br\/unidades\/santaines\/wp-json\/wp\/v2\/media?parent=26757"}],"wp:term":[{"taxonomy":"category","embeddable":true,"href":"https:\/\/www.ifbaiano.edu.br\/unidades\/santaines\/wp-json\/wp\/v2\/categories?post=26757"},{"taxonomy":"post_tag","embeddable":true,"href":"https:\/\/www.ifbaiano.edu.br\/unidades\/santaines\/wp-json\/wp\/v2\/tags?post=26757"}],"curies":[{"name":"wp","href":"https:\/\/api.w.org\/{rel}","templated":true}]}}