{"id":26761,"date":"2026-02-02T09:22:33","date_gmt":"2026-02-02T12:22:33","guid":{"rendered":"https:\/\/www.ifbaiano.edu.br\/unidades\/santaines\/?p=26761"},"modified":"2026-02-02T09:22:34","modified_gmt":"2026-02-02T12:22:34","slug":"if-baiano-campus-santa-ines-divulga-resultado-preliminar-do-processo-seletivo-para-residencia-estudantil-2026","status":"publish","type":"post","link":"https:\/\/www.ifbaiano.edu.br\/unidades\/santaines\/if-baiano-campus-santa-ines-divulga-resultado-preliminar-do-processo-seletivo-para-residencia-estudantil-2026\/","title":{"rendered":"IF Baiano \u2013 Campus Santa In\u00eas divulga resultado preliminar do Processo Seletivo para Resid\u00eancia Estudantil 2026"},"content":{"rendered":"\n<p>O <strong>Instituto Federal de Educa\u00e7\u00e3o, Ci\u00eancia e Tecnologia Baiano (IF Baiano) \u2013 Campus Santa In\u00eas<\/strong> divulgou o <strong>resultado preliminar<\/strong> do <strong>Processo Seletivo para Resid\u00eancia Estudantil 2026<\/strong>, regido pelo <strong><a href=\"https:\/\/www.ifbaiano.edu.br\/unidades\/santaines\/files\/2025\/12\/EDITAL-DE-PROCESSO-SELETIVO-PARA-RESIDENCIA-ESTUDANTIL-2026.pdf\">Edital n\u00ba 42\/2025<\/a><\/strong>, de 8 de dezembro de 2025, e retificado pelo <strong><a href=\"https:\/\/www.ifbaiano.edu.br\/unidades\/santaines\/files\/2025\/12\/EDITAL-DE-PROCESSO-SELETIVO-PARA-RESIDENCIA-ESTUDANTIL-2026-1.pdf\">Edital de Retifica\u00e7\u00e3o n\u00ba 5\/2026<\/a><\/strong>, de 29 de janeiro de 2026 .<\/p>\n\n\n\n<p>A sele\u00e7\u00e3o integra a <strong>Pol\u00edtica de Assist\u00eancia Estudantil do IF Baiano (PAISE)<\/strong> e tem como objetivo garantir condi\u00e7\u00f5es de perman\u00eancia e \u00eaxito aos estudantes em situa\u00e7\u00e3o de <strong>vulnerabilidade socioecon\u00f4mica<\/strong>, regularmente matriculados em cursos presenciais do Campus Santa In\u00eas.<\/p>\n\n\n\n<h3 class=\"wp-block-heading\">Vagas ofertadas<\/h3>\n\n\n\n<p>Para o ano letivo de 2026, est\u00e3o sendo ofertadas <strong>74 vagas<\/strong>, distribu\u00eddas da seguinte forma:<\/p>\n\n\n\n<ul>\n<li><strong>Resid\u00eancia Estudantil Feminina:<\/strong> 46 vagas<\/li>\n\n\n\n<li><strong>Resid\u00eancia Estudantil Masculina:<\/strong> 28 vagas<\/li>\n<\/ul>\n\n\n\n<p>Os resultados preliminares foram publicados em listas espec\u00edficas para a <strong><a href=\"https:\/\/concurso.ifbaiano.edu.br\/portal\/paise-santa-ines-marco-2025\/wp-content\/uploads\/sites\/1166\/2026\/02\/RESULTADO-PRELIMINAR-FEMININA.pdf\">resid\u00eancia feminina<\/a><\/strong> e <strong><a href=\"https:\/\/concurso.ifbaiano.edu.br\/portal\/paise-santa-ines-marco-2025\/wp-content\/uploads\/sites\/1166\/2026\/02\/RESULTADO-PRELIMINAR-MASCULINA.pdf\">resid\u00eancia masculina<\/a><\/strong>, contendo os nomes dos(as) estudantes classificados(as), conforme crit\u00e9rios estabelecidos no edital.<\/p>\n\n\n\n<h3 class=\"wp-block-heading\">Acompanhamento<\/h3>\n\n\n\n<p>Todas as informa\u00e7\u00f5es, comunicados oficiais, resultados e demais etapas do processo seletivo est\u00e3o dispon\u00edveis no <a href=\"https:\/\/concurso.ifbaiano.edu.br\/portal\/paise-santa-ines-marco-2025\/\">site institucional do IF Baiano<\/a>.<\/p>\n\n\n\n<hr class=\"wp-block-separator has-alpha-channel-opacity\" \/>\n","protected":false},"excerpt":{"rendered":"<p>O Instituto Federal de Educa\u00e7\u00e3o, Ci\u00eancia e Tecnologia Baiano (IF Baiano) \u2013 Campus Santa In\u00eas divulgou o resultado preliminar do Processo Seletivo para Resid\u00eancia Estudantil 2026, regido pelo Edital n\u00ba 42\/2025, de 8 de dezembro de 2025, e retificado pelo Edital de Retifica\u00e7\u00e3o n\u00ba 5\/2026, de 29 de janeiro de 2026 . A sele\u00e7\u00e3o integra [&hellip;]<\/p>\n","protected":false},"author":86,"featured_media":26556,"comment_status":"closed","ping_status":"closed","sticky":false,"template":"","format":"standard","meta":[],"categories":[4,5,57],"tags":[],"_links":{"self":[{"href":"https:\/\/www.ifbaiano.edu.br\/unidades\/santaines\/wp-json\/wp\/v2\/posts\/26761"}],"collection":[{"href":"https:\/\/www.ifbaiano.edu.br\/unidades\/santaines\/wp-json\/wp\/v2\/posts"}],"about":[{"href":"https:\/\/www.ifbaiano.edu.br\/unidades\/santaines\/wp-json\/wp\/v2\/types\/post"}],"author":[{"embeddable":true,"href":"https:\/\/www.ifbaiano.edu.br\/unidades\/santaines\/wp-json\/wp\/v2\/users\/86"}],"replies":[{"embeddable":true,"href":"https:\/\/www.ifbaiano.edu.br\/unidades\/santaines\/wp-json\/wp\/v2\/comments?post=26761"}],"version-history":[{"count":1,"href":"https:\/\/www.ifbaiano.edu.br\/unidades\/santaines\/wp-json\/wp\/v2\/posts\/26761\/revisions"}],"predecessor-version":[{"id":26762,"href":"https:\/\/www.ifbaiano.edu.br\/unidades\/santaines\/wp-json\/wp\/v2\/posts\/26761\/revisions\/26762"}],"wp:featuredmedia":[{"embeddable":true,"href":"https:\/\/www.ifbaiano.edu.br\/unidades\/santaines\/wp-json\/wp\/v2\/media\/26556"}],"wp:attachment":[{"href":"https:\/\/www.ifbaiano.edu.br\/unidades\/santaines\/wp-json\/wp\/v2\/media?parent=26761"}],"wp:term":[{"taxonomy":"category","embeddable":true,"href":"https:\/\/www.ifbaiano.edu.br\/unidades\/santaines\/wp-json\/wp\/v2\/categories?post=26761"},{"taxonomy":"post_tag","embeddable":true,"href":"https:\/\/www.ifbaiano.edu.br\/unidades\/santaines\/wp-json\/wp\/v2\/tags?post=26761"}],"curies":[{"name":"wp","href":"https:\/\/api.w.org\/{rel}","templated":true}]}}