{"id":26763,"date":"2026-02-02T13:35:05","date_gmt":"2026-02-02T16:35:05","guid":{"rendered":"https:\/\/www.ifbaiano.edu.br\/unidades\/santaines\/?p=26763"},"modified":"2026-02-02T13:35:06","modified_gmt":"2026-02-02T16:35:06","slug":"if-baiano-abre-selecao-simplificada-de-professores-para-o-programa-partiuif","status":"publish","type":"post","link":"https:\/\/www.ifbaiano.edu.br\/unidades\/santaines\/if-baiano-abre-selecao-simplificada-de-professores-para-o-programa-partiuif\/","title":{"rendered":"IF Baiano abre sele\u00e7\u00e3o simplificada de professores para o Programa PartiuIF"},"content":{"rendered":"\n<p>O&nbsp;<strong>Instituto Federal de Educa\u00e7\u00e3o, Ci\u00eancia e Tecnologia Baiano (IF Baiano)<\/strong>&nbsp;abre inscri\u00e7\u00f5es na pr\u00f3xima sexta-feira (30) para o&nbsp;<a href=\"https:\/\/concurso.ifbaiano.edu.br\/portal\/professor-temporario-cadastro-reserva-partiuif-janeiro-2026\/wp-content\/uploads\/sites\/1298\/2026\/01\/Edital-n%C2%B0-15-de-27-de-janeiro-de-2026.pdf\"><strong>Edital n\u00ba 15\/2026<\/strong><\/a>, que visa a sele\u00e7\u00e3o simplificada de professores tempor\u00e1rios para o&nbsp;<strong>Programa PartiuIF<\/strong>. A sele\u00e7\u00e3o oferece 42 vagas imediatas e forma\u00e7\u00e3o de cadastro reserva para os campi de Alagoinhas, Bom Jesus da Lapa, Catu, Governador Mangabeira, Guanambi, Itaberaba, Itapetinga, Santa In\u00eas, Senhor do Bonfim, Serrinha, Teixeira de Freitas, Uru\u00e7uca, Valen\u00e7a e Xique-Xique.&nbsp; Cada docente contratado receber\u00e1 10 parcelas de bolsas no valor de R$ 1.430,00, referentes ao per\u00edodo de mar\u00e7o a dezembro de 2026.<\/p>\n\n\n\n<ul>\n<li><strong>Vagas e \u00c1reas:<\/strong>&nbsp;Est\u00e3o sendo selecionados 42 docentes para as disciplinas de&nbsp;<strong>L\u00edngua Portuguesa, Matem\u00e1tica e Ci\u00eancias da Natureza<\/strong>.<\/li>\n\n\n\n<li><strong>Requisitos:<\/strong>&nbsp;Podem concorrer servidores efetivos e substitutos que possuam a habilita\u00e7\u00e3o m\u00ednima exigida: gradua\u00e7\u00e3o (licenciatura plena ou bacharelado com complementa\u00e7\u00e3o pedag\u00f3gica) na \u00e1rea espec\u00edfica da disciplina.<\/li>\n\n\n\n<li><strong>Per\u00edodo de Inscri\u00e7\u00e3o:<\/strong>&nbsp;30\/01\/2026 a 08\/02\/2026&nbsp;<\/li>\n\n\n\n<li><strong>Link para Inscri\u00e7\u00f5es:<\/strong>&nbsp;Os interessados devem realizar a inscri\u00e7\u00e3o neste&nbsp;<a href=\"https:\/\/docs.google.com\/forms\/d\/e\/1FAIpQLSdfiZRWoFD7zWf3lyT3EBaRMMuo7qjXpp1OiVeLTuYpaHNlJw\/closedform\">formul\u00e1rio online<\/a>.<\/li>\n<\/ul>\n\n\n\n<h3 class=\"wp-block-heading\"><strong>Sele\u00e7\u00e3o<\/strong><\/h3>\n\n\n\n<p>Para se candidatar, o(a) servidor(a) deve:<\/p>\n\n\n\n<ul>\n<li>Estar lotado(a) no campus para o qual concorre;<\/li>\n\n\n\n<li>Possuir a habilita\u00e7\u00e3o m\u00ednima exigida para a \u00e1rea;<\/li>\n\n\n\n<li>Preencher o formul\u00e1rio on-line e anexar, em um \u00fanico arquivo PDF, a documenta\u00e7\u00e3o solicitada no edital, incluindo diploma, comprovantes de titula\u00e7\u00e3o (quando houver), termo de compromisso e documentos para pontua\u00e7\u00e3o curricular.<\/li>\n<\/ul>\n\n\n\n<p>A sele\u00e7\u00e3o ser\u00e1 realizada por an\u00e1lise curricular, com crit\u00e9rios que consideram tempo de doc\u00eancia dentro e fora da institui\u00e7\u00e3o, participa\u00e7\u00e3o em a\u00e7\u00f5es extensionistas, atua\u00e7\u00e3o anterior no PartiuIF e titula\u00e7\u00e3o acad\u00eamica.<\/p>\n\n\n\n<h3 class=\"wp-block-heading\"><strong>Sobre o Programa PartiuIF<\/strong><\/h3>\n\n\n\n<p>O Programa Nacional de Promo\u00e7\u00e3o de Igualdade de Oportunidades para Acesso de Estudantes da Rede P\u00fablica de Ensino \u00e0 Rede Federal (PartiuIF) tem como objetivo oferecer apoio pedag\u00f3gico a estudantes do&nbsp;<strong>9\u00ba ano do Ensino Fundamental<\/strong>. O foco \u00e9 a recomposi\u00e7\u00e3o de aprendizagens para facilitar o ingresso desses jovens em cursos t\u00e9cnicos da Rede Federal.<\/p>\n\n\n\n<h3 class=\"wp-block-heading\"><strong>Atua\u00e7\u00e3o e Carga Hor\u00e1ria<\/strong><\/h3>\n\n\n\n<p>Os professores selecionados atuar\u00e3o em cursos de forma\u00e7\u00e3o inicial e continuada, com uma carga hor\u00e1ria de\u00a0<strong>10 horas semanais<\/strong>\u00a0em turno diurno. Os selecionados n\u00e3o poder\u00e3o extrapolar o limite de 40 horas\/m\u00eas, mesmo que em disciplinas distintas. O processo busca enfrentar desigualdades \u00e9tnico-raciais e promover a equidade educacional, priorizando o atendimento a grupos em situa\u00e7\u00e3o de vulnerabilidade.<\/p>\n\n\n\n<hr class=\"wp-block-separator has-alpha-channel-opacity\" \/>\n","protected":false},"excerpt":{"rendered":"<p>O&nbsp;Instituto Federal de Educa\u00e7\u00e3o, Ci\u00eancia e Tecnologia Baiano (IF Baiano)&nbsp;abre inscri\u00e7\u00f5es na pr\u00f3xima sexta-feira (30) para o&nbsp;Edital n\u00ba 15\/2026, que visa a sele\u00e7\u00e3o simplificada de professores tempor\u00e1rios para o&nbsp;Programa PartiuIF. A sele\u00e7\u00e3o oferece 42 vagas imediatas e forma\u00e7\u00e3o de cadastro reserva para os campi de Alagoinhas, Bom Jesus da Lapa, Catu, Governador Mangabeira, Guanambi, Itaberaba, [&hellip;]<\/p>\n","protected":false},"author":86,"featured_media":26765,"comment_status":"closed","ping_status":"closed","sticky":false,"template":"","format":"standard","meta":[],"categories":[4,57],"tags":[],"_links":{"self":[{"href":"https:\/\/www.ifbaiano.edu.br\/unidades\/santaines\/wp-json\/wp\/v2\/posts\/26763"}],"collection":[{"href":"https:\/\/www.ifbaiano.edu.br\/unidades\/santaines\/wp-json\/wp\/v2\/posts"}],"about":[{"href":"https:\/\/www.ifbaiano.edu.br\/unidades\/santaines\/wp-json\/wp\/v2\/types\/post"}],"author":[{"embeddable":true,"href":"https:\/\/www.ifbaiano.edu.br\/unidades\/santaines\/wp-json\/wp\/v2\/users\/86"}],"replies":[{"embeddable":true,"href":"https:\/\/www.ifbaiano.edu.br\/unidades\/santaines\/wp-json\/wp\/v2\/comments?post=26763"}],"version-history":[{"count":1,"href":"https:\/\/www.ifbaiano.edu.br\/unidades\/santaines\/wp-json\/wp\/v2\/posts\/26763\/revisions"}],"predecessor-version":[{"id":26766,"href":"https:\/\/www.ifbaiano.edu.br\/unidades\/santaines\/wp-json\/wp\/v2\/posts\/26763\/revisions\/26766"}],"wp:featuredmedia":[{"embeddable":true,"href":"https:\/\/www.ifbaiano.edu.br\/unidades\/santaines\/wp-json\/wp\/v2\/media\/26765"}],"wp:attachment":[{"href":"https:\/\/www.ifbaiano.edu.br\/unidades\/santaines\/wp-json\/wp\/v2\/media?parent=26763"}],"wp:term":[{"taxonomy":"category","embeddable":true,"href":"https:\/\/www.ifbaiano.edu.br\/unidades\/santaines\/wp-json\/wp\/v2\/categories?post=26763"},{"taxonomy":"post_tag","embeddable":true,"href":"https:\/\/www.ifbaiano.edu.br\/unidades\/santaines\/wp-json\/wp\/v2\/tags?post=26763"}],"curies":[{"name":"wp","href":"https:\/\/api.w.org\/{rel}","templated":true}]}}