{"id":26771,"date":"2026-02-03T10:28:47","date_gmt":"2026-02-03T13:28:47","guid":{"rendered":"https:\/\/www.ifbaiano.edu.br\/unidades\/santaines\/?p=26771"},"modified":"2026-02-03T11:12:17","modified_gmt":"2026-02-03T14:12:17","slug":"campus-santa-ines-divulga-resultado-final-do-processo-seletivo-da-residencia-estudantil-2026","status":"publish","type":"post","link":"https:\/\/www.ifbaiano.edu.br\/unidades\/santaines\/campus-santa-ines-divulga-resultado-final-do-processo-seletivo-da-residencia-estudantil-2026\/","title":{"rendered":"Campus Santa In\u00eas divulga resultado final do processo seletivo da Resid\u00eancia Estudantil 2026"},"content":{"rendered":"\n<p>O Instituto Federal Baiano (IF Baiano) \u2013 Campus Santa In\u00eas divulgou as <strong>listas de interposi\u00e7\u00e3o de recursos<\/strong>, referentes \u00e0s <strong>Resid\u00eancias Estudantis Masculina e Feminina<\/strong>, bem como o <strong>resultado final dos(as) estudantes contemplados(as)<\/strong> no processo seletivo para ingresso na Resid\u00eancia Estudantil no ano letivo de 2026.<\/p>\n\n\n\n<p>A sele\u00e7\u00e3o \u00e9 regida pelo <a rel=\"noreferrer noopener\" href=\"https:\/\/concurso.ifbaiano.edu.br\/portal\/paise-santa-ines-marco-2025\/wp-content\/uploads\/sites\/1166\/2026\/02\/EDITAL-DE-PROCESSO-SELETIVO-PARA-RESIDENCIA-ESTUDANTIL-2026.pdf\" target=\"_blank\">Edital n\u00ba 42\/2025<\/a>, com altera\u00e7\u00f5es promovidas pelo <a rel=\"noreferrer noopener\" href=\"https:\/\/concurso.ifbaiano.edu.br\/portal\/paise-santa-ines-marco-2025\/wp-content\/uploads\/sites\/1166\/2026\/02\/Edital-de-retificacao-Residencia-estudantil.pdf\" target=\"_blank\">Edital de retifica\u00e7\u00e3o n\u00ba 5\/2026<\/a>, e integra a Pol\u00edtica de Assist\u00eancia Estudantil da institui\u00e7\u00e3o, com o objetivo de garantir condi\u00e7\u00f5es adequadas de perman\u00eancia e \u00eaxito escolar aos estudantes em situa\u00e7\u00e3o de vulnerabilidade socioecon\u00f4mica.<\/p>\n\n\n\n<p>Os resultados divulgados contemplam:<\/p>\n\n\n\n<ul>\n<li><strong>Lista de estudantes que interpuseram recursos<\/strong>, separadas por modalidade (<a href=\"https:\/\/concurso.ifbaiano.edu.br\/portal\/paise-santa-ines-marco-2025\/wp-content\/uploads\/sites\/1166\/2026\/02\/RESULT.-INTERP.-DE-RECURSO-MASCULINA-2.pdf\">Resid\u00eancia Masculina<\/a> e <a href=\"https:\/\/concurso.ifbaiano.edu.br\/portal\/paise-santa-ines-marco-2025\/wp-content\/uploads\/sites\/1166\/2026\/02\/RESULT.-INTERP.-DE-RECURSO-FEMININA.pdf\">Resid\u00eancia Feminina<\/a>);<\/li>\n\n\n\n<li><strong>Resultado final da sele\u00e7\u00e3o<\/strong>, com a rela\u00e7\u00e3o nominal dos(as) estudantes contemplados(as) com vagas nas resid\u00eancias estudantis <a href=\"https:\/\/concurso.ifbaiano.edu.br\/portal\/paise-santa-ines-marco-2025\/wp-content\/uploads\/sites\/1166\/2026\/02\/RESULT.-FINAL-RES.-MASCULINA.pdf\">masculina <\/a>e <a href=\"https:\/\/concurso.ifbaiano.edu.br\/portal\/paise-santa-ines-marco-2025\/wp-content\/uploads\/sites\/1166\/2026\/02\/RESULT.-FINAL-RES.-FEMININA.pdf\">feminina<\/a>.<\/li>\n<\/ul>\n\n\n\n<p>Todo o processo de sele\u00e7\u00e3o considerou a <strong>an\u00e1lise socioecon\u00f4mica<\/strong>, realizada por meio de <strong>entrevista social domiciliar<\/strong>, conforme previsto no edital retificado.<\/p>\n\n\n\n<p>Os documentos oficiais com as listas completas est\u00e3o dispon\u00edveis para consulta no <a href=\"http:\/\/Os documentos oficiais com as listas completas est\u00e3o dispon\u00edveis para consulta no portal institucional, por meio do endere\u00e7o eletr\u00f4nico: \ud83d\udc49 https:\/\/concurso.ifbaiano.edu.br\/portal\/paise-santa-ines-marco-2025\/\">portal institucional<\/a>.<\/p>\n\n\n\n<p>A Coordena\u00e7\u00e3o de Assuntos Estudantis refor\u00e7a a import\u00e2ncia de que os(as) estudantes selecionados(as) acompanhem atentamente as orienta\u00e7\u00f5es e comunicados posteriores relacionados ao ingresso e \u00e0 perman\u00eancia na Resid\u00eancia Estudantil.<\/p>\n\n\n\n<p>Em caso de d\u00favidas, os interessados podem entrar em contato com a <strong>Coordena\u00e7\u00e3o de Assuntos Estudantis do Campus Santa In\u00eas<\/strong> atrav\u00e9s do envio de e-mail para: clae@si.ifbaiano.edu.br ou, presencialmente, no pr\u00f3prio campus.<\/p>\n\n\n\n<p>.<\/p>\n\n\n\n<hr class=\"wp-block-separator has-alpha-channel-opacity\" \/>\n","protected":false},"excerpt":{"rendered":"<p>O Instituto Federal Baiano (IF Baiano) \u2013 Campus Santa In\u00eas divulgou as listas de interposi\u00e7\u00e3o de recursos, referentes \u00e0s Resid\u00eancias Estudantis Masculina e Feminina, bem como o resultado final dos(as) estudantes contemplados(as) no processo seletivo para ingresso na Resid\u00eancia Estudantil no ano letivo de 2026. A sele\u00e7\u00e3o \u00e9 regida pelo Edital n\u00ba 42\/2025, com altera\u00e7\u00f5es [&hellip;]<\/p>\n","protected":false},"author":86,"featured_media":26556,"comment_status":"closed","ping_status":"closed","sticky":false,"template":"","format":"standard","meta":[],"categories":[4,38,5,8,57],"tags":[],"_links":{"self":[{"href":"https:\/\/www.ifbaiano.edu.br\/unidades\/santaines\/wp-json\/wp\/v2\/posts\/26771"}],"collection":[{"href":"https:\/\/www.ifbaiano.edu.br\/unidades\/santaines\/wp-json\/wp\/v2\/posts"}],"about":[{"href":"https:\/\/www.ifbaiano.edu.br\/unidades\/santaines\/wp-json\/wp\/v2\/types\/post"}],"author":[{"embeddable":true,"href":"https:\/\/www.ifbaiano.edu.br\/unidades\/santaines\/wp-json\/wp\/v2\/users\/86"}],"replies":[{"embeddable":true,"href":"https:\/\/www.ifbaiano.edu.br\/unidades\/santaines\/wp-json\/wp\/v2\/comments?post=26771"}],"version-history":[{"count":3,"href":"https:\/\/www.ifbaiano.edu.br\/unidades\/santaines\/wp-json\/wp\/v2\/posts\/26771\/revisions"}],"predecessor-version":[{"id":26775,"href":"https:\/\/www.ifbaiano.edu.br\/unidades\/santaines\/wp-json\/wp\/v2\/posts\/26771\/revisions\/26775"}],"wp:featuredmedia":[{"embeddable":true,"href":"https:\/\/www.ifbaiano.edu.br\/unidades\/santaines\/wp-json\/wp\/v2\/media\/26556"}],"wp:attachment":[{"href":"https:\/\/www.ifbaiano.edu.br\/unidades\/santaines\/wp-json\/wp\/v2\/media?parent=26771"}],"wp:term":[{"taxonomy":"category","embeddable":true,"href":"https:\/\/www.ifbaiano.edu.br\/unidades\/santaines\/wp-json\/wp\/v2\/categories?post=26771"},{"taxonomy":"post_tag","embeddable":true,"href":"https:\/\/www.ifbaiano.edu.br\/unidades\/santaines\/wp-json\/wp\/v2\/tags?post=26771"}],"curies":[{"name":"wp","href":"https:\/\/api.w.org\/{rel}","templated":true}]}}