{"id":26785,"date":"2026-02-05T21:06:34","date_gmt":"2026-02-06T00:06:34","guid":{"rendered":"https:\/\/www.ifbaiano.edu.br\/unidades\/santaines\/?p=26785"},"modified":"2026-02-05T21:07:26","modified_gmt":"2026-02-06T00:07:26","slug":"professor-do-if-baiano-campus-santa-ines-e-eleito-zootecnista-do-ano-na-bahia","status":"publish","type":"post","link":"https:\/\/www.ifbaiano.edu.br\/unidades\/santaines\/professor-do-if-baiano-campus-santa-ines-e-eleito-zootecnista-do-ano-na-bahia\/","title":{"rendered":"Professor do IF Baiano \u2013 Campus Santa In\u00eas \u00e9 eleito Zootecnista do Ano na Bahia"},"content":{"rendered":"\n<p>O professor <strong>Antonio Alcyone Oliveira de Sousa Junior<\/strong>, do IF Baiano \u2013 Campus Santa In\u00eas, foi eleito <strong>Zootecnista do Ano na Bahia<\/strong>, reconhecimento concedido pela <strong>Associa\u00e7\u00e3o Brasileira de Zootecnistas (ABZ)<\/strong> no \u00e2mbito do concurso <em>Zootecnista do Ano por Unidade da Federa\u00e7\u00e3o e Zootecnistas Mais Influentes de 2025<\/em>.<\/p>\n\n\n\n<figure class=\"wp-block-image size-large\"><a href=\"https:\/\/www.ifbaiano.edu.br\/unidades\/santaines\/files\/2026\/02\/5592-Alcyone.webp\"><img decoding=\"async\" loading=\"lazy\" width=\"1024\" height=\"851\" src=\"https:\/\/www.ifbaiano.edu.br\/unidades\/santaines\/files\/2026\/02\/5592-Alcyone-1024x851.webp\" alt=\"\" class=\"wp-image-26789\" srcset=\"https:\/\/www.ifbaiano.edu.br\/unidades\/santaines\/files\/2026\/02\/5592-Alcyone-1024x851.webp 1024w, https:\/\/www.ifbaiano.edu.br\/unidades\/santaines\/files\/2026\/02\/5592-Alcyone-300x249.webp 300w, https:\/\/www.ifbaiano.edu.br\/unidades\/santaines\/files\/2026\/02\/5592-Alcyone-768x639.webp 768w, https:\/\/www.ifbaiano.edu.br\/unidades\/santaines\/files\/2026\/02\/5592-Alcyone-100x83.webp 100w, https:\/\/www.ifbaiano.edu.br\/unidades\/santaines\/files\/2026\/02\/5592-Alcyone.webp 1080w\" sizes=\"(max-width: 1024px) 100vw, 1024px\" \/><\/a><\/figure>\n\n\n\n<p>A indica\u00e7\u00e3o do docente foi realizada no dia 02 de dezembro de 2025, de forma online, pelo Centro Acad\u00eamico de Zootecnia (CA) do Campus Santa In\u00eas, por meio de link disponibilizado na p\u00e1gina oficial da ABZ. A inscri\u00e7\u00e3o ocorreu sem o conhecimento pr\u00e9vio do professor, que recebeu a not\u00edcia com surpresa na \u00faltima ter\u00e7a-feira, 4 de fevereiro de 2026, ao ter seu nome divulgado entre os vencedores do certame.<\/p>\n\n\n\n<p>De acordo com o presidente do Centro Acad\u00eamico de Zootecnia, Anderson Sousa, o concurso tem como objetivo eleger e reconhecer profissionais que se destacam pelo compromisso com a Zootecnia, seja na atua\u00e7\u00e3o em campo ou na forma\u00e7\u00e3o acad\u00eamica. Segundo ele, a indica\u00e7\u00e3o do professor Alcyone foi motivada pela gratid\u00e3o e reconhecimento \u00e0 sua dedica\u00e7\u00e3o cotidiana, tanto como educador quanto como profissional.<\/p>\n\n\n\n<p>\u201cN\u00f3s ficamos felizes pelo pr\u00eamio merecido. Quando decidimos indic\u00e1-lo e realizar a inscri\u00e7\u00e3o, fizemos isso movidos pela gratid\u00e3o \u00e0 sua dedica\u00e7\u00e3o ao ensino e ao profissional que \u00e9. De segunda a sexta, o encontramos no campus, sempre disposto a ajudar a todos. Somos imensamente gratos por tudo\u201d, destacou Anderson Sousa.<\/p>\n\n\n\n<p>A diretora-geral do IF Baiano \u2013 Campus Santa In\u00eas, Genilda Lima, tamb\u00e9m ressaltou a relev\u00e2ncia da premia\u00e7\u00e3o, enfatizando que o reconhecimento evidencia a qualidade do trabalho desenvolvido no campus, o compromisso institucional com a forma\u00e7\u00e3o de excel\u00eancia e o impacto positivo da atua\u00e7\u00e3o do professor Alcyone na educa\u00e7\u00e3o e no fortalecimento da Zootecnia no estado da Bahia.<\/p>\n\n\n\n<p>Em pronunciamento, o professor homenageado agradeceu a indica\u00e7\u00e3o e compartilhou a conquista com todos que fizeram parte de sua trajet\u00f3ria pessoal e profissional.<\/p>\n\n\n\n<p>\u201cRecebo esse reconhecimento com muita gratid\u00e3o. Ser indicado como Zootecnista do Ano \u00e9 uma honra imensa e um incentivo para seguir firme na miss\u00e3o que escolhi. Agrade\u00e7o primeiramente a Deus, \u00e0 minha fam\u00edlia, que sempre foi meu alicerce, aos meus professores, que me formaram e inspiraram, aos amigos, colegas e, de modo muito especial, aos meus alunos, que me ensinam e d\u00e3o sentido ao meu trabalho todos os dias. Esse reconhecimento n\u00e3o \u00e9 s\u00f3 meu, \u00e9 de todos que acreditam na Zootecnia, na educa\u00e7\u00e3o e no trabalho feito com responsabilidade, amor e dedica\u00e7\u00e3o. Muito obrigado!\u201d<\/p>\n\n\n\n<p>A homenagem tamb\u00e9m foi celebrada publicamente pelo Centro Acad\u00eamico de Zootecnia, por meio das <a href=\"https:\/\/www.instagram.com\/cazooifbaiano\/\">redes sociais<\/a>, onde destacou a dedica\u00e7\u00e3o incans\u00e1vel do docente, sua presen\u00e7a constante no campus, o compromisso \u00e9tico e o impacto de sua atua\u00e7\u00e3o na forma\u00e7\u00e3o de estudantes e no fortalecimento da Zootecnia na Bahia.<\/p>\n\n\n\n<p>A Associa\u00e7\u00e3o Brasileira de Zootecnistas (ABZ) <a href=\"https:\/\/www.instagram.com\/abzootecnistas\/\">divulgou oficialmente<\/a> a lista dos Zootecnistas do Ano por Unidade da Federa\u00e7\u00e3o \u2013 Edi\u00e7\u00e3o 2025, ressaltando que os profissionais eleitos se destacaram pela excel\u00eancia, expertise t\u00e9cnica e relev\u00e2ncia no cen\u00e1rio estadual. A honraria reconhece os servi\u00e7os prestados \u00e0 Zootecnia estadual e nacional, evidenciando o impacto significativo dessas contribui\u00e7\u00f5es para o desenvolvimento do setor.<\/p>\n\n\n\n<figure class=\"wp-block-gallery has-nested-images columns-default is-cropped wp-block-gallery-1 is-layout-flex\">\n<figure class=\"wp-block-image size-large\"><a href=\"https:\/\/www.ifbaiano.edu.br\/unidades\/santaines\/files\/2026\/02\/5513-SnapInsta.to_626461452_18525602722068047_3192630442825464563_n.webp\"><img decoding=\"async\" loading=\"lazy\" width=\"819\" height=\"1024\" data-id=\"26786\"  src=\"https:\/\/www.ifbaiano.edu.br\/unidades\/santaines\/files\/2026\/02\/5513-SnapInsta.to_626461452_18525602722068047_3192630442825464563_n-819x1024.webp\" alt=\"\" class=\"wp-image-26786\" srcset=\"https:\/\/www.ifbaiano.edu.br\/unidades\/santaines\/files\/2026\/02\/5513-SnapInsta.to_626461452_18525602722068047_3192630442825464563_n-819x1024.webp 819w, https:\/\/www.ifbaiano.edu.br\/unidades\/santaines\/files\/2026\/02\/5513-SnapInsta.to_626461452_18525602722068047_3192630442825464563_n-240x300.webp 240w, https:\/\/www.ifbaiano.edu.br\/unidades\/santaines\/files\/2026\/02\/5513-SnapInsta.to_626461452_18525602722068047_3192630442825464563_n-768x960.webp 768w, https:\/\/www.ifbaiano.edu.br\/unidades\/santaines\/files\/2026\/02\/5513-SnapInsta.to_626461452_18525602722068047_3192630442825464563_n-100x125.webp 100w, https:\/\/www.ifbaiano.edu.br\/unidades\/santaines\/files\/2026\/02\/5513-SnapInsta.to_626461452_18525602722068047_3192630442825464563_n.webp 864w\" sizes=\"(max-width: 819px) 100vw, 819px\" \/><\/a><\/figure>\n\n\n\n<figure class=\"wp-block-image size-large\"><a href=\"https:\/\/www.ifbaiano.edu.br\/unidades\/santaines\/files\/2026\/02\/5516-SnapInsta.to_626427667_18525602773068047_1694550237346266894_n.webp\"><img decoding=\"async\" loading=\"lazy\" width=\"819\" height=\"1024\" data-id=\"26788\"  src=\"https:\/\/www.ifbaiano.edu.br\/unidades\/santaines\/files\/2026\/02\/5516-SnapInsta.to_626427667_18525602773068047_1694550237346266894_n-819x1024.webp\" alt=\"\" class=\"wp-image-26788\" srcset=\"https:\/\/www.ifbaiano.edu.br\/unidades\/santaines\/files\/2026\/02\/5516-SnapInsta.to_626427667_18525602773068047_1694550237346266894_n-819x1024.webp 819w, https:\/\/www.ifbaiano.edu.br\/unidades\/santaines\/files\/2026\/02\/5516-SnapInsta.to_626427667_18525602773068047_1694550237346266894_n-240x300.webp 240w, https:\/\/www.ifbaiano.edu.br\/unidades\/santaines\/files\/2026\/02\/5516-SnapInsta.to_626427667_18525602773068047_1694550237346266894_n-768x960.webp 768w, https:\/\/www.ifbaiano.edu.br\/unidades\/santaines\/files\/2026\/02\/5516-SnapInsta.to_626427667_18525602773068047_1694550237346266894_n-100x125.webp 100w, https:\/\/www.ifbaiano.edu.br\/unidades\/santaines\/files\/2026\/02\/5516-SnapInsta.to_626427667_18525602773068047_1694550237346266894_n.webp 864w\" sizes=\"(max-width: 819px) 100vw, 819px\" \/><\/a><\/figure>\n<\/figure>\n\n\n\n<p>Os profissionais agraciados receber\u00e3o certificado de reconhecimento de m\u00e9rito e placa comemorativa, que ser\u00e3o entregues durante o 35\u00ba Congresso Brasileiro de Zootecnia (ZOOTEC), a ser realizado de 20 a 23 de maio de 2026, em Vi\u00e7osa (MG), al\u00e9m de um ano de isen\u00e7\u00e3o da anuidade da ABZ.<\/p>\n\n\n\n<p>A conquista do professor Antonio Alcyone reafirma o protagonismo do IF Baiano \u2013 Campus Santa In\u00eas na forma\u00e7\u00e3o de profissionais comprometidos com a ci\u00eancia, a educa\u00e7\u00e3o e o desenvolvimento da Zootecnia no Brasil.<\/p>\n\n\n\n<hr class=\"wp-block-separator has-alpha-channel-opacity\" \/>\n","protected":false},"excerpt":{"rendered":"<p>O professor Antonio Alcyone Oliveira de Sousa Junior, do IF Baiano \u2013 Campus Santa In\u00eas, foi eleito Zootecnista do Ano na Bahia, reconhecimento concedido pela Associa\u00e7\u00e3o Brasileira de Zootecnistas (ABZ) no \u00e2mbito do concurso Zootecnista do Ano por Unidade da Federa\u00e7\u00e3o e Zootecnistas Mais Influentes de 2025. A indica\u00e7\u00e3o do docente foi realizada no dia [&hellip;]<\/p>\n","protected":false},"author":86,"featured_media":26789,"comment_status":"closed","ping_status":"closed","sticky":false,"template":"","format":"standard","meta":[],"categories":[4,5,57],"tags":[],"_links":{"self":[{"href":"https:\/\/www.ifbaiano.edu.br\/unidades\/santaines\/wp-json\/wp\/v2\/posts\/26785"}],"collection":[{"href":"https:\/\/www.ifbaiano.edu.br\/unidades\/santaines\/wp-json\/wp\/v2\/posts"}],"about":[{"href":"https:\/\/www.ifbaiano.edu.br\/unidades\/santaines\/wp-json\/wp\/v2\/types\/post"}],"author":[{"embeddable":true,"href":"https:\/\/www.ifbaiano.edu.br\/unidades\/santaines\/wp-json\/wp\/v2\/users\/86"}],"replies":[{"embeddable":true,"href":"https:\/\/www.ifbaiano.edu.br\/unidades\/santaines\/wp-json\/wp\/v2\/comments?post=26785"}],"version-history":[{"count":1,"href":"https:\/\/www.ifbaiano.edu.br\/unidades\/santaines\/wp-json\/wp\/v2\/posts\/26785\/revisions"}],"predecessor-version":[{"id":26790,"href":"https:\/\/www.ifbaiano.edu.br\/unidades\/santaines\/wp-json\/wp\/v2\/posts\/26785\/revisions\/26790"}],"wp:featuredmedia":[{"embeddable":true,"href":"https:\/\/www.ifbaiano.edu.br\/unidades\/santaines\/wp-json\/wp\/v2\/media\/26789"}],"wp:attachment":[{"href":"https:\/\/www.ifbaiano.edu.br\/unidades\/santaines\/wp-json\/wp\/v2\/media?parent=26785"}],"wp:term":[{"taxonomy":"category","embeddable":true,"href":"https:\/\/www.ifbaiano.edu.br\/unidades\/santaines\/wp-json\/wp\/v2\/categories?post=26785"},{"taxonomy":"post_tag","embeddable":true,"href":"https:\/\/www.ifbaiano.edu.br\/unidades\/santaines\/wp-json\/wp\/v2\/tags?post=26785"}],"curies":[{"name":"wp","href":"https:\/\/api.w.org\/{rel}","templated":true}]}}