{"id":26791,"date":"2026-02-09T13:09:35","date_gmt":"2026-02-09T16:09:35","guid":{"rendered":"https:\/\/www.ifbaiano.edu.br\/unidades\/santaines\/?p=26791"},"modified":"2026-02-09T13:09:35","modified_gmt":"2026-02-09T16:09:35","slug":"mec-se-reune-com-estudantes-e-gestores-do-if-baiano","status":"publish","type":"post","link":"https:\/\/www.ifbaiano.edu.br\/unidades\/santaines\/mec-se-reune-com-estudantes-e-gestores-do-if-baiano\/","title":{"rendered":"MEC se re\u00fane com estudantes e gestores do IF Baiano"},"content":{"rendered":"\n<figure class=\"wp-block-image\"><img decoding=\"async\" src=\"https:\/\/ifbaiano.edu.br\/portal\/wp-content\/uploads\/2026\/02\/6919-c6b49eb4-23c9-4b38-a1e3-68f46d37f985.webp\" alt=\"\" class=\"wp-image-37940\" \/><figcaption class=\"wp-element-caption\">Foto: Bruna Ara\u00fajo\/MEC<\/figcaption><\/figure>\n\n\n\n<p>Nesta&nbsp;sexta-feira,&nbsp;6&nbsp;de fevereiro, o ministro da Educa\u00e7\u00e3o, Camilo Santana,&nbsp;se reuniu&nbsp;com gestores e servidores do Instituto Federal Baiano (IF Baiano), para tratar dos&nbsp;novos&nbsp;campi&nbsp;da institui\u00e7\u00e3o. Al\u00e9m disso, o chefe do Minist\u00e9rio da Educa\u00e7\u00e3o (MEC) se encontrou&nbsp;com estudantes do&nbsp;<a rel=\"noreferrer noopener\" href=\"https:\/\/www.gov.br\/mec\/pt-br\/assuntos\/ept\/mulheres-mil\" target=\"_blank\">Programa Mulheres Mil<\/a>&nbsp;e do&nbsp;<a rel=\"noreferrer noopener\" href=\"https:\/\/www.gov.br\/mec\/pt-br\/partiu-if\" target=\"_blank\">Programa Nacional de Promo\u00e7\u00e3o de Igualdade de Oportunidades para acesso de estudantes da rede p\u00fablica de ensino \u00e0 Rede Federal de Educa\u00e7\u00e3o Profissional, Cient\u00edfica e Tecnol\u00f3gica (Partiu IF)<\/a>.&nbsp;<\/p>\n\n\n\n<p>Durante a visita, Santana parabenizou os professores e os estudantes da institui\u00e7\u00e3o. \u201cEu tenho muito orgulho desse instituto e do trabalho de voc\u00eas. Para mim, \u00e9 uma honra estar aqui. O minist\u00e9rio est\u00e1 de portas abertas ao di\u00e1logo e \u00e0 transpar\u00eancia, para que a gente possa fortalecer a educa\u00e7\u00e3o b\u00e1sica, a educa\u00e7\u00e3o superior e a educa\u00e7\u00e3o t\u00e9cnica do pa\u00eds\u201d, destacou.&nbsp;<\/p>\n\n\n\n<p>Para a expans\u00e3o dos institutos federais, o IF Baiano est\u00e1 recebendo investimento de R$&nbsp;100 milh\u00f5es, destinados \u00e0&nbsp;constru\u00e7\u00e3o e&nbsp;aquisi\u00e7\u00e3o de&nbsp;equipamentos dos novos campi em Santo Est\u00eav\u00e3o, Ribeira do Pombal, Ruy Barbosa e Remanso&nbsp;(BA).&nbsp;&nbsp;<\/p>\n\n\n\n<p>O investimento faz parte da a\u00e7\u00e3o do governo federal para a constru\u00e7\u00e3o de mais de 100 novas unidades de institutos federais em todo o pa\u00eds, com recursos do Novo Programa de Acelera\u00e7\u00e3o do Crescimento (Novo PAC), totalizando R$ 2,5 bilh\u00f5es. A previs\u00e3o \u00e9 criar mais de 142 mil novas vagas de educa\u00e7\u00e3o profissional e tecnol\u00f3gica. Cada campus recebe investimento\u202fm\u00e9dio\u202fde R$ 25 milh\u00f5es e ter\u00e1\u202fcapacidade\u202fde\u202fatender, em m\u00e9dia,\u202f1.400 estudantes.\u202f&nbsp;&nbsp;<\/p>\n\n\n\n<p>Para a consolida\u00e7\u00e3o das unidades existentes, o Novo PAC destina&nbsp;recursos no valor de&nbsp;R$ 1,4 bilh\u00e3o, voltados&nbsp;\u00e0 melhoria e amplia\u00e7\u00e3o da infraestrutura, com foco na constru\u00e7\u00e3o de\u202frestaurantes estudantis, bibliotecas, salas de aula, laborat\u00f3rios, quadras poliesportivas e unidades em instala\u00e7\u00f5es definitivas. No IF Baiano, o investimento \u00e9 de R$ 38,5 milh\u00f5es. Entre 2023 e 2025, foram repassados R$ 38,1 milh\u00f5es.&nbsp;&nbsp;<\/p>\n\n\n\n<p><strong>Mulheres Mil<\/strong>&nbsp;\u2013 O&nbsp;programa Mulheres Mil promove a autonomia econ\u00f4mica&nbsp;das mulheres, capacitando-as, fortalecendo a renda familiar, dinamizando as economias locais&nbsp;e contribuindo para a redu\u00e7\u00e3o da pobreza e da viol\u00eancia dom\u00e9stica. No IF Baiano, o Mulheres Mil recebe investimentos&nbsp;por meio do&nbsp;<a href=\"https:\/\/www.gov.br\/mec\/pt-br\/pronatec\" target=\"_blank\" rel=\"noreferrer noopener\">Programa Nacional de Acesso ao Ensino T\u00e9cnico e Emprego (Pronatec)<\/a>\u202fde R$ 1,2&nbsp;bilh\u00e3o&nbsp;para&nbsp;a&nbsp;oferta de 1.064 vagas.&nbsp;&nbsp;&nbsp;<\/p>\n\n\n\n<p><strong>Partiu IF<\/strong>&nbsp;\u2013 J\u00e1 o Partiu IF oferta aulas e atividades voltadas para a recupera\u00e7\u00e3o das aprendizagens de estudantes, com foco nos estudantes do 9\u00ba ano que cursaram integralmente o ensino fundamental na rede p\u00fablica de ensino, negros, quilombolas, ind\u00edgenas ou que tenham defici\u00eancia e renda familiar per capita de at\u00e9 um&nbsp;sal\u00e1rio m\u00ednimo. A a\u00e7\u00e3o ainda capacita esses estudantes para ingressarem nos&nbsp;institutos&nbsp;federais.&nbsp;&nbsp;<\/p>\n\n\n\n<p><em>Assessoria de Comunica\u00e7\u00e3o\u00a0Social do MEC, com informa\u00e7\u00f5es da Secretaria de Educa\u00e7\u00e3o Profissional e Tecnol\u00f3gica (Setec)<\/em>\u00a0\u00a0<\/p>\n\n\n\n<hr class=\"wp-block-separator has-alpha-channel-opacity\" \/>\n","protected":false},"excerpt":{"rendered":"<p>Encontro na sexta-feira (6) tratou da implementa\u00e7\u00e3o dos quatro novos campi do Instituto Federal Baiano, com investimento do Novo PAC de R$ 100 milh\u00f5es, e dos programas Mulheres Mil e Partiu IF<\/p>\n","protected":false},"author":86,"featured_media":26792,"comment_status":"closed","ping_status":"closed","sticky":false,"template":"","format":"standard","meta":[],"categories":[4,5,57],"tags":[],"_links":{"self":[{"href":"https:\/\/www.ifbaiano.edu.br\/unidades\/santaines\/wp-json\/wp\/v2\/posts\/26791"}],"collection":[{"href":"https:\/\/www.ifbaiano.edu.br\/unidades\/santaines\/wp-json\/wp\/v2\/posts"}],"about":[{"href":"https:\/\/www.ifbaiano.edu.br\/unidades\/santaines\/wp-json\/wp\/v2\/types\/post"}],"author":[{"embeddable":true,"href":"https:\/\/www.ifbaiano.edu.br\/unidades\/santaines\/wp-json\/wp\/v2\/users\/86"}],"replies":[{"embeddable":true,"href":"https:\/\/www.ifbaiano.edu.br\/unidades\/santaines\/wp-json\/wp\/v2\/comments?post=26791"}],"version-history":[{"count":1,"href":"https:\/\/www.ifbaiano.edu.br\/unidades\/santaines\/wp-json\/wp\/v2\/posts\/26791\/revisions"}],"predecessor-version":[{"id":26794,"href":"https:\/\/www.ifbaiano.edu.br\/unidades\/santaines\/wp-json\/wp\/v2\/posts\/26791\/revisions\/26794"}],"wp:featuredmedia":[{"embeddable":true,"href":"https:\/\/www.ifbaiano.edu.br\/unidades\/santaines\/wp-json\/wp\/v2\/media\/26792"}],"wp:attachment":[{"href":"https:\/\/www.ifbaiano.edu.br\/unidades\/santaines\/wp-json\/wp\/v2\/media?parent=26791"}],"wp:term":[{"taxonomy":"category","embeddable":true,"href":"https:\/\/www.ifbaiano.edu.br\/unidades\/santaines\/wp-json\/wp\/v2\/categories?post=26791"},{"taxonomy":"post_tag","embeddable":true,"href":"https:\/\/www.ifbaiano.edu.br\/unidades\/santaines\/wp-json\/wp\/v2\/tags?post=26791"}],"curies":[{"name":"wp","href":"https:\/\/api.w.org\/{rel}","templated":true}]}}