{"id":26795,"date":"2026-02-09T13:11:20","date_gmt":"2026-02-09T16:11:20","guid":{"rendered":"https:\/\/www.ifbaiano.edu.br\/unidades\/santaines\/?p=26795"},"modified":"2026-02-09T13:11:21","modified_gmt":"2026-02-09T16:11:21","slug":"if-baiano-abre-inscricoes-para-o-partiu-if-2026-com-560-vagas-e-bolsa-auxilio","status":"publish","type":"post","link":"https:\/\/www.ifbaiano.edu.br\/unidades\/santaines\/if-baiano-abre-inscricoes-para-o-partiu-if-2026-com-560-vagas-e-bolsa-auxilio\/","title":{"rendered":"IF Baiano abre inscri\u00e7\u00f5es para o Partiu IF 2026 com 560 vagas e bolsa-aux\u00edlio"},"content":{"rendered":"\n<p>O Instituto Federal Baiano (IF Baiano) est\u00e1 com inscri\u00e7\u00f5es abertas at\u00e9 o dia&nbsp;<strong>28 de fevereiro<\/strong>&nbsp;para a edi\u00e7\u00e3o 2026 do Programa Partiu IF. Com um total de 560 vagas distribu\u00eddas em 14 campi, o programa oferece um curso de Forma\u00e7\u00e3o Inicial e Continuada (FIC) de 320 horas, focado na recupera\u00e7\u00e3o de aprendizagens e no fortalecimento de compet\u00eancias de estudantes da rede p\u00fablica, visando ampliar suas chances de acesso \u00e0 Rede Federal de Educa\u00e7\u00e3o Profissional, Cient\u00edfica e Tecnol\u00f3gica. A iniciativa, que prioriza estudantes em situa\u00e7\u00e3o de vulnerabilidade social e alinhados \u00e0s a\u00e7\u00f5es afirmativas da Lei de Cotas, tamb\u00e9m oferece uma ajuda de custo mensal de R$ 200.<\/p>\n\n\n\n<p><strong>Inscri\u00e7\u00f5es e Sele\u00e7\u00e3o<\/strong><\/p>\n\n\n\n<p>As inscri\u00e7\u00f5es s\u00e3o realizadas exclusivamente por meio de&nbsp;<a href=\"https:\/\/docs.google.com\/forms\/d\/e\/1FAIpQLSdDHbbsWwTY-3LmWCQ8wPoXMlCuXbDReowNnIQM9cx8930aZQ\/viewform\">formul\u00e1rio eletr\u00f4nico online<\/a>. Os candidatos devem preencher o formul\u00e1rio e anexar a documenta\u00e7\u00e3o exigida, como hist\u00f3rico escolar ou declara\u00e7\u00e3o que comprove o estudo integral em escola p\u00fablica, al\u00e9m de documentos que atestem a condi\u00e7\u00e3o para as vagas reservadas (quando for o caso).<\/p>\n\n\n\n<p>A sele\u00e7\u00e3o ser\u00e1 feita por sorteio eletr\u00f4nico, com transmiss\u00e3o p\u00fablica&nbsp;<a href=\"https:\/\/www.youtube.com\/@TVBemBaiano\/featured\">no canal do IF Baiano no YouTube.<\/a>&nbsp;Os candidatos sorteados poder\u00e3o ser aprovados (dentro das vagas) ou integrar uma lista de espera.<\/p>\n\n\n\n<p><strong>Quem pode participar?<\/strong><\/p>\n\n\n\n<p>O Partiu IF \u00e9 destinado a estudantes que cursaram todo o Ensino Fundamental (1\u00ba ao 9\u00ba ano) em escola p\u00fablica. O programa tem como p\u00fablico-alvo priorit\u00e1rio aqueles que se enquadram nos grupos previstos na Lei n\u00ba 12.711\/2012, incluindo estudantes com renda familiar bruta per capita igual ou inferior a um sal\u00e1rio m\u00ednimo, autodeclarados pretos, pardos, ind\u00edgenas ou quilombolas, e pessoas com defici\u00eancia. O principal requisito \u00e9 a comprova\u00e7\u00e3o documental da condi\u00e7\u00e3o referente \u00e0 modalidade de vaga, conforme as regras do edital.<\/p>\n\n\n\n<p><strong>Estrutura do Curso e Benef\u00edcios<\/strong><\/p>\n\n\n\n<p>O curso, com dura\u00e7\u00e3o de 8 meses e modalidade presencial, abrange os componentes curriculares de L\u00edngua Portuguesa, Matem\u00e1tica e Ci\u00eancias da Natureza, al\u00e9m de Pr\u00e1ticas Suplementares. As aulas ocorrer\u00e3o no turno vespertino, com dias da semana variando conforme o campus.<\/p>\n\n\n\n<p>O programa oferece uma ajuda de custo no valor total de R$ 1.600. Este valor \u00e9 destinado a auxiliar com despesas de transporte e alimenta\u00e7\u00e3o, e o pagamento \u00e9 feito pela FUNCERN via dep\u00f3sito de parcelas mensais de R$ 200 em conta banc\u00e1ria do estudante, exigindo frequ\u00eancia m\u00ednima de 75% para o recebimento integral. \u00c9 importante ressaltar que a bolsa n\u00e3o gera v\u00ednculo empregat\u00edcio.<\/p>\n\n\n\n<p><strong>Campi Participantes e Vagas<\/strong><\/p>\n\n\n\n<p>S\u00e3o ofertadas 40 vagas por campus do IF Baiano, totalizando 560 vagas distribu\u00eddas nos seguintes campi: Alagoinhas, Bom Jesus da Lapa, Catu, Governador Mangabeira, Guanambi, Itaberaba, Itapetinga, Santa In\u00eas, Senhor do Bonfim, Serrinha, Teixeira de Freitas, Uru\u00e7uca, Valen\u00e7a e Xique-Xique.<\/p>\n\n\n\n<p>\u00c9 importante destacar que a participa\u00e7\u00e3o no Partiu IF n\u00e3o garante vaga futura em cursos do IF Baiano. Para ingressar em cursos t\u00e9cnicos ou do Ensino M\u00e9dio da institui\u00e7\u00e3o, o estudante ainda precisar\u00e1 passar por processo seletivo pr\u00f3prio.<\/p>\n\n\n\n<p><strong>O Sucesso da Edi\u00e7\u00e3o Anterior Motiva Novas Oportunidades<\/strong><\/p>\n\n\n\n<p>A abertura das inscri\u00e7\u00f5es para o Partiu IF 2026 acontece ap\u00f3s divulga\u00e7\u00e3o dos resultados expressivos da primeira edi\u00e7\u00e3o do programa, que teve um balan\u00e7o extremamente positivo. Em 2025, o programa preparou 548 estudantes em 14 campi do IF Baiano, e o impacto foi not\u00e1vel:&nbsp;<strong>dos 331 participantes que se candidataram aos cursos da institui\u00e7\u00e3o em 2026, 226 foram aprovados, uma taxa de sucesso de 68%<\/strong>.<\/p>\n\n\n\n<p><strong>Acesse o Edital<\/strong>\u00a0<strong>completo para acesso a mais informa\u00e7\u00f5es: Edital n\u00ba 18 de 06 de fevereiro de 2026:<\/strong><a href=\"https:\/\/concurso.ifbaiano.edu.br\/portal\/selecao-estudantes-partiuif-fevereiro-2026\/wp-content\/uploads\/sites\/1300\/2026\/02\/Edital-no-18-de-06-de-fevereiro-de-2026.pdf\">\u00a0https:\/\/concurso.ifbaiano.edu.br\/portal\/selecao-estudantes-partiuif-fevereiro-2026\/wp-content\/uploads\/sites\/1300\/2026\/02\/Edital-no-18-de-06-de-fevereiro-de-2026.pdf<\/a><\/p>\n\n\n\n<hr class=\"wp-block-separator has-alpha-channel-opacity\" \/>\n","protected":false},"excerpt":{"rendered":"<p>Oportunidade para estudantes da rede p\u00fablica se prepararem para o ensino profissional e tecnol\u00f3gico<\/p>\n","protected":false},"author":86,"featured_media":26793,"comment_status":"closed","ping_status":"closed","sticky":false,"template":"","format":"standard","meta":[],"categories":[4,5,57],"tags":[],"_links":{"self":[{"href":"https:\/\/www.ifbaiano.edu.br\/unidades\/santaines\/wp-json\/wp\/v2\/posts\/26795"}],"collection":[{"href":"https:\/\/www.ifbaiano.edu.br\/unidades\/santaines\/wp-json\/wp\/v2\/posts"}],"about":[{"href":"https:\/\/www.ifbaiano.edu.br\/unidades\/santaines\/wp-json\/wp\/v2\/types\/post"}],"author":[{"embeddable":true,"href":"https:\/\/www.ifbaiano.edu.br\/unidades\/santaines\/wp-json\/wp\/v2\/users\/86"}],"replies":[{"embeddable":true,"href":"https:\/\/www.ifbaiano.edu.br\/unidades\/santaines\/wp-json\/wp\/v2\/comments?post=26795"}],"version-history":[{"count":1,"href":"https:\/\/www.ifbaiano.edu.br\/unidades\/santaines\/wp-json\/wp\/v2\/posts\/26795\/revisions"}],"predecessor-version":[{"id":26796,"href":"https:\/\/www.ifbaiano.edu.br\/unidades\/santaines\/wp-json\/wp\/v2\/posts\/26795\/revisions\/26796"}],"wp:featuredmedia":[{"embeddable":true,"href":"https:\/\/www.ifbaiano.edu.br\/unidades\/santaines\/wp-json\/wp\/v2\/media\/26793"}],"wp:attachment":[{"href":"https:\/\/www.ifbaiano.edu.br\/unidades\/santaines\/wp-json\/wp\/v2\/media?parent=26795"}],"wp:term":[{"taxonomy":"category","embeddable":true,"href":"https:\/\/www.ifbaiano.edu.br\/unidades\/santaines\/wp-json\/wp\/v2\/categories?post=26795"},{"taxonomy":"post_tag","embeddable":true,"href":"https:\/\/www.ifbaiano.edu.br\/unidades\/santaines\/wp-json\/wp\/v2\/tags?post=26795"}],"curies":[{"name":"wp","href":"https:\/\/api.w.org\/{rel}","templated":true}]}}