{"id":26862,"date":"2026-02-12T11:32:37","date_gmt":"2026-02-12T14:32:37","guid":{"rendered":"https:\/\/www.ifbaiano.edu.br\/unidades\/santaines\/?p=26862"},"modified":"2026-02-12T11:32:38","modified_gmt":"2026-02-12T14:32:38","slug":"if-baiano-lanca-edital-de-bolsas-de-mestrado-profissional-em-parceria-com-a-fapesb","status":"publish","type":"post","link":"https:\/\/www.ifbaiano.edu.br\/unidades\/santaines\/if-baiano-lanca-edital-de-bolsas-de-mestrado-profissional-em-parceria-com-a-fapesb\/","title":{"rendered":"IF Baiano lan\u00e7a edital de bolsas de mestrado profissional em parceria com a FAPESB"},"content":{"rendered":"\n<p>O Instituto Federal de Educa\u00e7\u00e3o, Ci\u00eancia e Tecnologia Baiano (IF Baiano) publicou o&nbsp;<strong><a href=\"https:\/\/concurso.ifbaiano.edu.br\/portal\/concessao-bolsas-mestrado-fapesb-fevereiro-2026\/wp-content\/uploads\/sites\/1302\/2026\/02\/Edital.pdf\">Edital n\u00ba 21\/2026<\/a><\/strong>, que abre sele\u00e7\u00e3o para a concess\u00e3o de&nbsp;<strong>tr\u00eas bolsas de mestrado profissional&nbsp;<\/strong>em parceria com a Funda\u00e7\u00e3o de Amparo \u00e0 Pesquisa do Estado da Bahia (FAPESB). As inscri\u00e7\u00f5es v\u00e3o de&nbsp;<strong>13 a 25 de fevereiro<\/strong>&nbsp;e a iniciativa busca fortalecer a pesquisa aplicada e apoiar a forma\u00e7\u00e3o de pesquisadores vinculados aos programas de p\u00f3s-gradua\u00e7\u00e3o da institui\u00e7\u00e3o.<\/p>\n\n\n\n<h3 class=\"wp-block-heading\"><strong>Vagas e apoio financeiro<\/strong><\/h3>\n\n\n\n<p>Ser\u00e3o selecionadas&nbsp;<strong>tr\u00eas propostas de projetos de pesquisa<\/strong>, cada uma vinculada a um estudante bolsista. O valor mensal da bolsa seguir\u00e1 a tabela vigente da FAPESB. Al\u00e9m do pagamento ao estudante, cada projeto aprovado poder\u00e1 receber at\u00e9&nbsp;<strong>R$ 5.000,00<\/strong>&nbsp;em&nbsp;<strong>Aux\u00edlio ao Pesquisador<\/strong>, destinado a despesas de custeio, como aquisi\u00e7\u00e3o de materiais e passagens.<\/p>\n\n\n\n<h3 class=\"wp-block-heading\"><strong>Quem pode participar<\/strong><\/h3>\n\n\n\n<p>Para concorrer \u00e0 bolsa, o estudante deve estar regularmente matriculado em curso de p\u00f3s-gradua\u00e7\u00e3o stricto sensu do IF Baiano reconhecido pela CAPES. Tamb\u00e9m \u00e9 exigida dedica\u00e7\u00e3o integral \u00e0s atividades do projeto e do programa. N\u00e3o \u00e9 permitido acumular a bolsa com outros benef\u00edcios financeiros ou v\u00ednculo empregat\u00edcio, salvo nas exce\u00e7\u00f5es previstas em edital, como aux\u00edlios de assist\u00eancia estudantil.<\/p>\n\n\n\n<p>J\u00e1 o orientador deve ser servidor do IF Baiano com carga hor\u00e1ria de 40 horas semanais ou regime de dedica\u00e7\u00e3o exclusiva, integrar o quadro do programa de p\u00f3s-gradua\u00e7\u00e3o e estar em dia com as obriga\u00e7\u00f5es junto \u00e0 Pr\u00f3-Reitoria de Pesquisa e Inova\u00e7\u00e3o (PROPES).<\/p>\n\n\n\n<h3 class=\"wp-block-heading\"><strong>Inscri\u00e7\u00f5es e prazos<\/strong><\/h3>\n\n\n\n<p>As propostas devem ser submetidas exclusivamente pela internet, por meio do sistema SUAP, no caminho&nbsp;<strong>Pesquisa &gt; Projetos &gt; Submeter Projetos<\/strong>. A responsabilidade pela submiss\u00e3o \u00e9 do orientador proponente, que deve incluir o discente candidato na aba \u201cEquipe\u201d durante o cadastro da proposta.<\/p>\n\n\n\n<p>O prazo de envio vai at\u00e9&nbsp;<strong>23h59 do dia<\/strong>&nbsp;<strong>25 de fevereiro<\/strong>. Os projetos aprovados ter\u00e3o vig\u00eancia de at\u00e9&nbsp;<strong>24 meses<\/strong>, sem possibilidade de prorroga\u00e7\u00e3o.<\/p>\n\n\n\n<p>Os candidatos devem manter o curr\u00edculo Lattes atualizado, com pelo menos tr\u00eas meses de atualiza\u00e7\u00e3o, e verificar se est\u00e3o adimplentes junto \u00e0 FAPESB e ao IF Baiano, condi\u00e7\u00e3o essencial para evitar a desclassifica\u00e7\u00e3o. O resultado final da sele\u00e7\u00e3o ser\u00e1 divulgado no p\u00e1gina Concursos e Sele\u00e7\u00f5es no portal do IF Baiano no dia 06 de mar\u00e7o.<\/p>\n\n\n\n<hr class=\"wp-block-separator has-alpha-channel-opacity\" \/>\n","protected":false},"excerpt":{"rendered":"<p>O Instituto Federal de Educa\u00e7\u00e3o, Ci\u00eancia e Tecnologia Baiano (IF Baiano) publicou o&nbsp;Edital n\u00ba 21\/2026, que abre sele\u00e7\u00e3o para a concess\u00e3o de&nbsp;tr\u00eas bolsas de mestrado profissional&nbsp;em parceria com a Funda\u00e7\u00e3o de Amparo \u00e0 Pesquisa do Estado da Bahia (FAPESB). As inscri\u00e7\u00f5es v\u00e3o de&nbsp;13 a 25 de fevereiro&nbsp;e a iniciativa busca fortalecer a pesquisa aplicada e [&hellip;]<\/p>\n","protected":false},"author":86,"featured_media":26863,"comment_status":"closed","ping_status":"closed","sticky":false,"template":"","format":"standard","meta":[],"categories":[4,38,5,57],"tags":[],"_links":{"self":[{"href":"https:\/\/www.ifbaiano.edu.br\/unidades\/santaines\/wp-json\/wp\/v2\/posts\/26862"}],"collection":[{"href":"https:\/\/www.ifbaiano.edu.br\/unidades\/santaines\/wp-json\/wp\/v2\/posts"}],"about":[{"href":"https:\/\/www.ifbaiano.edu.br\/unidades\/santaines\/wp-json\/wp\/v2\/types\/post"}],"author":[{"embeddable":true,"href":"https:\/\/www.ifbaiano.edu.br\/unidades\/santaines\/wp-json\/wp\/v2\/users\/86"}],"replies":[{"embeddable":true,"href":"https:\/\/www.ifbaiano.edu.br\/unidades\/santaines\/wp-json\/wp\/v2\/comments?post=26862"}],"version-history":[{"count":1,"href":"https:\/\/www.ifbaiano.edu.br\/unidades\/santaines\/wp-json\/wp\/v2\/posts\/26862\/revisions"}],"predecessor-version":[{"id":26864,"href":"https:\/\/www.ifbaiano.edu.br\/unidades\/santaines\/wp-json\/wp\/v2\/posts\/26862\/revisions\/26864"}],"wp:featuredmedia":[{"embeddable":true,"href":"https:\/\/www.ifbaiano.edu.br\/unidades\/santaines\/wp-json\/wp\/v2\/media\/26863"}],"wp:attachment":[{"href":"https:\/\/www.ifbaiano.edu.br\/unidades\/santaines\/wp-json\/wp\/v2\/media?parent=26862"}],"wp:term":[{"taxonomy":"category","embeddable":true,"href":"https:\/\/www.ifbaiano.edu.br\/unidades\/santaines\/wp-json\/wp\/v2\/categories?post=26862"},{"taxonomy":"post_tag","embeddable":true,"href":"https:\/\/www.ifbaiano.edu.br\/unidades\/santaines\/wp-json\/wp\/v2\/tags?post=26862"}],"curies":[{"name":"wp","href":"https:\/\/api.w.org\/{rel}","templated":true}]}}