{"id":26872,"date":"2026-02-20T13:54:06","date_gmt":"2026-02-20T16:54:06","guid":{"rendered":"https:\/\/www.ifbaiano.edu.br\/unidades\/santaines\/?p=26872"},"modified":"2026-02-20T13:54:07","modified_gmt":"2026-02-20T16:54:07","slug":"if-baiano-divulga-resultado-preliminar-da-analise-de-documentacao-da-especializacao-em-eja-articulada-a-educacao-profissional","status":"publish","type":"post","link":"https:\/\/www.ifbaiano.edu.br\/unidades\/santaines\/if-baiano-divulga-resultado-preliminar-da-analise-de-documentacao-da-especializacao-em-eja-articulada-a-educacao-profissional\/","title":{"rendered":"IF Baiano divulga Resultado Preliminar da An\u00e1lise de Documenta\u00e7\u00e3o da Especializa\u00e7\u00e3o em EJA articulada \u00e0 Educa\u00e7\u00e3o Profissional"},"content":{"rendered":"\n<p>O Instituto Federal de Educa\u00e7\u00e3o, Ci\u00eancia e Tecnologia Baiano (IF Baiano) divulgou, nesta sexta-feira, <strong>20 de fevereiro de 2026<\/strong>, o <strong><a href=\"http:\/\/Resultado Preliminar An\u00e1lise de Documenta\u00e7\u00e3o\">Resultado Preliminar da An\u00e1lise de Documenta\u00e7\u00e3o<\/a><\/strong> <strong>(Barema de Avalia\u00e7\u00e3o)<\/strong> do Processo Seletivo para o curso de p\u00f3s-gradua\u00e7\u00e3o lato sensu em <strong>Educa\u00e7\u00e3o de Jovens e Adultos Articulada \u00e0 Educa\u00e7\u00e3o Profissional<\/strong>, ofertado pelo Campus Santa In\u00eas, conforme o <a rel=\"noreferrer noopener\" href=\"https:\/\/concurso.ifbaiano.edu.br\/portal\/edital-236-novembro-2025\/wp-content\/uploads\/sites\/1276\/2025\/11\/Edital-No-236-de-11-de-novembro-de-2025.pdf\" target=\"_blank\">Edital N\u00ba 236, de 11 de novembro de 2025<\/a>.<\/p>\n\n\n\n<p>A etapa corresponde \u00e0 an\u00e1lise e pontua\u00e7\u00e3o dos documentos comprobat\u00f3rios apresentados pelos candidatos, de acordo com os crit\u00e9rios estabelecidos no <a href=\"https:\/\/concurso.ifbaiano.edu.br\/portal\/edital-236-novembro-2025\/wp-content\/uploads\/sites\/1276\/2025\/11\/ANEXO-V-BAREMA-DE-AVALIACAO-DO-PROCESSO-SELETIVO.pdf\">Anexo V do edital<\/a>. O resultado preliminar apresenta a pontua\u00e7\u00e3o obtida e a respectiva situa\u00e7\u00e3o dos candidatos nesta fase do certame.<\/p>\n\n\n\n<p>Os interessados poder\u00e3o interpor recurso dentro do prazo previsto em edital, observando as orienta\u00e7\u00f5es e procedimentos descritos no documento oficial. Ap\u00f3s a an\u00e1lise dos recursos, ser\u00e1 divulgado o resultado final do processo seletivo, conforme cronograma.<\/p>\n\n\n\n<p>O curso \u00e9 gratuito, possui carga hor\u00e1ria de 360 horas e ser\u00e1 realizado no Campus Santa In\u00eas, com in\u00edcio previsto para abril de 2026.<\/p>\n\n\n\n<p>A lista completa com a pontua\u00e7\u00e3o e a situa\u00e7\u00e3o dos candidatos est\u00e1 dispon\u00edvel no documento anexo. Para mais informa\u00e7\u00f5es, os candidatos devem acompanhar as publica\u00e7\u00f5es na <a href=\"https:\/\/concurso.ifbaiano.edu.br\/portal\/edital-236-novembro-2025\/\">se\u00e7\u00e3o de concursos do portal do IF Baiano<\/a> ou entrar em contato pelo e-mail <strong><a>prosel.poseja@si.ifbaiano.edu.br<\/a><\/strong>.<\/p>\n\n\n\n<hr class=\"wp-block-separator has-alpha-channel-opacity\" \/>\n","protected":false},"excerpt":{"rendered":"<p>O Instituto Federal de Educa\u00e7\u00e3o, Ci\u00eancia e Tecnologia Baiano (IF Baiano) divulgou, nesta sexta-feira, 20 de fevereiro de 2026, o Resultado Preliminar da An\u00e1lise de Documenta\u00e7\u00e3o (Barema de Avalia\u00e7\u00e3o) do Processo Seletivo para o curso de p\u00f3s-gradua\u00e7\u00e3o lato sensu em Educa\u00e7\u00e3o de Jovens e Adultos Articulada \u00e0 Educa\u00e7\u00e3o Profissional, ofertado pelo Campus Santa In\u00eas, conforme [&hellip;]<\/p>\n","protected":false},"author":86,"featured_media":26308,"comment_status":"closed","ping_status":"closed","sticky":false,"template":"","format":"standard","meta":[],"categories":[5,8,57],"tags":[],"_links":{"self":[{"href":"https:\/\/www.ifbaiano.edu.br\/unidades\/santaines\/wp-json\/wp\/v2\/posts\/26872"}],"collection":[{"href":"https:\/\/www.ifbaiano.edu.br\/unidades\/santaines\/wp-json\/wp\/v2\/posts"}],"about":[{"href":"https:\/\/www.ifbaiano.edu.br\/unidades\/santaines\/wp-json\/wp\/v2\/types\/post"}],"author":[{"embeddable":true,"href":"https:\/\/www.ifbaiano.edu.br\/unidades\/santaines\/wp-json\/wp\/v2\/users\/86"}],"replies":[{"embeddable":true,"href":"https:\/\/www.ifbaiano.edu.br\/unidades\/santaines\/wp-json\/wp\/v2\/comments?post=26872"}],"version-history":[{"count":1,"href":"https:\/\/www.ifbaiano.edu.br\/unidades\/santaines\/wp-json\/wp\/v2\/posts\/26872\/revisions"}],"predecessor-version":[{"id":26873,"href":"https:\/\/www.ifbaiano.edu.br\/unidades\/santaines\/wp-json\/wp\/v2\/posts\/26872\/revisions\/26873"}],"wp:featuredmedia":[{"embeddable":true,"href":"https:\/\/www.ifbaiano.edu.br\/unidades\/santaines\/wp-json\/wp\/v2\/media\/26308"}],"wp:attachment":[{"href":"https:\/\/www.ifbaiano.edu.br\/unidades\/santaines\/wp-json\/wp\/v2\/media?parent=26872"}],"wp:term":[{"taxonomy":"category","embeddable":true,"href":"https:\/\/www.ifbaiano.edu.br\/unidades\/santaines\/wp-json\/wp\/v2\/categories?post=26872"},{"taxonomy":"post_tag","embeddable":true,"href":"https:\/\/www.ifbaiano.edu.br\/unidades\/santaines\/wp-json\/wp\/v2\/tags?post=26872"}],"curies":[{"name":"wp","href":"https:\/\/api.w.org\/{rel}","templated":true}]}}