{"id":26892,"date":"2026-02-24T13:46:46","date_gmt":"2026-02-24T16:46:46","guid":{"rendered":"https:\/\/www.ifbaiano.edu.br\/unidades\/santaines\/?p=26892"},"modified":"2026-02-24T15:21:09","modified_gmt":"2026-02-24T18:21:09","slug":"reuniao-de-pais-e-responsaveis-marca-inicio-do-periodo-letivo-2026-no-campus-santa-ines","status":"publish","type":"post","link":"https:\/\/www.ifbaiano.edu.br\/unidades\/santaines\/reuniao-de-pais-e-responsaveis-marca-inicio-do-periodo-letivo-2026-no-campus-santa-ines\/","title":{"rendered":"Reuni\u00e3o de pais e respons\u00e1veis marca in\u00edcio do per\u00edodo letivo 2026 no Campus Santa In\u00eas"},"content":{"rendered":"\n<p>Na manh\u00e3 desta segunda-feira (23), o Instituto Federal Baiano \u2013 Campus Santa In\u00eas realizou a primeira reuni\u00e3o com pais e respons\u00e1veis dos estudantes ingressantes de 2026 nos cursos t\u00e9cnicos integrados ao Ensino M\u00e9dio em Agropecu\u00e1ria, Alimentos, Inform\u00e1tica e Zootecnia. O encontro aconteceu na quadra poliesportiva do campus e reuniu novos alunos, familiares, servidores e colaboradores da institui\u00e7\u00e3o.<\/p>\n\n\n\n<p>Com o tema \u201cEduca\u00e7\u00e3o come\u00e7a em casa: o papel ativo dos respons\u00e1veis no acolhimento escolar\u201d, a programa\u00e7\u00e3o foi marcada por acolhimento, di\u00e1logo e fortalecimento da parceria entre fam\u00edlia e escola. Um dos destaques da manh\u00e3 foi a palestra conduzida pela psic\u00f3loga do campus, Meirelande Rocha, que abordou a import\u00e2ncia da participa\u00e7\u00e3o ativa da fam\u00edlia na trajet\u00f3ria escolar dos filhos.<\/p>\n\n\n\n<figure class=\"wp-block-gallery has-nested-images columns-default is-cropped wp-block-gallery-1 is-layout-flex\">\n<figure class=\"wp-block-image size-large\"><a href=\"https:\/\/www.ifbaiano.edu.br\/unidades\/santaines\/files\/2026\/02\/1253-REUNIAO-DE-PAIS-2026-0.webp\"><img decoding=\"async\" loading=\"lazy\" width=\"1024\" height=\"576\" data-id=\"26907\"  src=\"https:\/\/www.ifbaiano.edu.br\/unidades\/santaines\/files\/2026\/02\/1253-REUNIAO-DE-PAIS-2026-0-1024x576.webp\" alt=\"\" class=\"wp-image-26907\" srcset=\"https:\/\/www.ifbaiano.edu.br\/unidades\/santaines\/files\/2026\/02\/1253-REUNIAO-DE-PAIS-2026-0-1024x576.webp 1024w, https:\/\/www.ifbaiano.edu.br\/unidades\/santaines\/files\/2026\/02\/1253-REUNIAO-DE-PAIS-2026-0-300x169.webp 300w, https:\/\/www.ifbaiano.edu.br\/unidades\/santaines\/files\/2026\/02\/1253-REUNIAO-DE-PAIS-2026-0-768x432.webp 768w, https:\/\/www.ifbaiano.edu.br\/unidades\/santaines\/files\/2026\/02\/1253-REUNIAO-DE-PAIS-2026-0-1536x864.webp 1536w, https:\/\/www.ifbaiano.edu.br\/unidades\/santaines\/files\/2026\/02\/1253-REUNIAO-DE-PAIS-2026-0-100x56.webp 100w, https:\/\/www.ifbaiano.edu.br\/unidades\/santaines\/files\/2026\/02\/1253-REUNIAO-DE-PAIS-2026-0.webp 1600w\" sizes=\"(max-width: 1024px) 100vw, 1024px\" \/><\/a><\/figure>\n\n\n\n<figure class=\"wp-block-image size-large\"><a href=\"https:\/\/www.ifbaiano.edu.br\/unidades\/santaines\/files\/2026\/02\/1259-REUNIAO-DE-PAIS-2026-7.webp\"><img decoding=\"async\" loading=\"lazy\" width=\"1024\" height=\"576\" data-id=\"26910\"  src=\"https:\/\/www.ifbaiano.edu.br\/unidades\/santaines\/files\/2026\/02\/1259-REUNIAO-DE-PAIS-2026-7-1024x576.webp\" alt=\"\" class=\"wp-image-26910\" srcset=\"https:\/\/www.ifbaiano.edu.br\/unidades\/santaines\/files\/2026\/02\/1259-REUNIAO-DE-PAIS-2026-7-1024x576.webp 1024w, https:\/\/www.ifbaiano.edu.br\/unidades\/santaines\/files\/2026\/02\/1259-REUNIAO-DE-PAIS-2026-7-300x169.webp 300w, https:\/\/www.ifbaiano.edu.br\/unidades\/santaines\/files\/2026\/02\/1259-REUNIAO-DE-PAIS-2026-7-768x432.webp 768w, https:\/\/www.ifbaiano.edu.br\/unidades\/santaines\/files\/2026\/02\/1259-REUNIAO-DE-PAIS-2026-7-1536x864.webp 1536w, https:\/\/www.ifbaiano.edu.br\/unidades\/santaines\/files\/2026\/02\/1259-REUNIAO-DE-PAIS-2026-7-100x56.webp 100w, https:\/\/www.ifbaiano.edu.br\/unidades\/santaines\/files\/2026\/02\/1259-REUNIAO-DE-PAIS-2026-7.webp 1600w\" sizes=\"(max-width: 1024px) 100vw, 1024px\" \/><\/a><\/figure>\n\n\n\n<figure class=\"wp-block-image size-large\"><a href=\"https:\/\/www.ifbaiano.edu.br\/unidades\/santaines\/files\/2026\/02\/1251-REUNIAO-DE-PAIS-2026-00.webp\"><img decoding=\"async\" loading=\"lazy\" width=\"1024\" height=\"576\" data-id=\"26906\"  src=\"https:\/\/www.ifbaiano.edu.br\/unidades\/santaines\/files\/2026\/02\/1251-REUNIAO-DE-PAIS-2026-00-1024x576.webp\" alt=\"\" class=\"wp-image-26906\" srcset=\"https:\/\/www.ifbaiano.edu.br\/unidades\/santaines\/files\/2026\/02\/1251-REUNIAO-DE-PAIS-2026-00-1024x576.webp 1024w, https:\/\/www.ifbaiano.edu.br\/unidades\/santaines\/files\/2026\/02\/1251-REUNIAO-DE-PAIS-2026-00-300x169.webp 300w, https:\/\/www.ifbaiano.edu.br\/unidades\/santaines\/files\/2026\/02\/1251-REUNIAO-DE-PAIS-2026-00-768x432.webp 768w, https:\/\/www.ifbaiano.edu.br\/unidades\/santaines\/files\/2026\/02\/1251-REUNIAO-DE-PAIS-2026-00-1536x864.webp 1536w, https:\/\/www.ifbaiano.edu.br\/unidades\/santaines\/files\/2026\/02\/1251-REUNIAO-DE-PAIS-2026-00-100x56.webp 100w, https:\/\/www.ifbaiano.edu.br\/unidades\/santaines\/files\/2026\/02\/1251-REUNIAO-DE-PAIS-2026-00.webp 1600w\" sizes=\"(max-width: 1024px) 100vw, 1024px\" \/><\/a><\/figure>\n<\/figure>\n\n\n\n<p>Em sua explana\u00e7\u00e3o, a psic\u00f3loga ressaltou que a chegada ao 1\u00ba ano do Instituto Federal representa um marco significativo na vida dos estudantes e tamb\u00e9m de suas fam\u00edlias, por se tratar de uma nova etapa repleta de desafios, descobertas, responsabilidades e crescimento. Segundo ela, mais do que acompanhar notas ou resultados, estar presente na vida escolar significa oferecer apoio emocional, escuta, orienta\u00e7\u00e3o e seguran\u00e7a.<\/p>\n\n\n\n<p>Durante o encontro, foram promovidas reflex\u00f5es sobre o papel da fam\u00edlia na adapta\u00e7\u00e3o ao novo ciclo escolar, a import\u00e2ncia do di\u00e1logo aberto com os adolescentes, os desafios pr\u00f3prios dessa fase da vida e a necessidade de acompanhamento mesmo quando os filhos aparentam independ\u00eancia. Merilande destacou ainda o impacto positivo da presen\u00e7a familiar na preven\u00e7\u00e3o de dificuldades emocionais e comportamentais, refor\u00e7ando que a adolesc\u00eancia \u00e9 um per\u00edodo de intensas transforma\u00e7\u00f5es e que, embora os jovens busquem autonomia, continuam necessitando de suporte afetivo e orienta\u00e7\u00e3o.<\/p>\n\n\n\n<p>Para a psic\u00f3loga, quando escola e fam\u00edlia caminham juntas, constroem uma rede de prote\u00e7\u00e3o e fortalecimento que impacta diretamente no desempenho acad\u00eamico, no desenvolvimento socioemocional e na constru\u00e7\u00e3o da autonomia dos estudantes. \u201cParticipar da vida escolar \u00e9 um ato de cuidado, amor e responsabilidade compartilhada\u201d, enfatizou, refor\u00e7ando que uma educa\u00e7\u00e3o de qualidade se constr\u00f3i com parceria, di\u00e1logo e compromisso coletivo.<\/p>\n\n\n\n<p>Em sua fala, a diretora-geral do campus, professora Genilda Lima, deu as boas-vindas \u00e0s fam\u00edlias e aos estudantes ingressantes, agradecendo pela confian\u00e7a depositada na institui\u00e7\u00e3o e tamb\u00e9m destacou a import\u00e2ncia da participa\u00e7\u00e3o ativa dos pais e respons\u00e1veis o processo formativo dos estudantes e refor\u00e7ou que a parceria entre fam\u00edlia e escola \u00e9 fundamental para o sucesso acad\u00eamico e pessoal dos jovens.<\/p>\n\n\n\n<p>Aos novos alunos, a diretora enfatizou a necessidade de aproveitarem todas as oportunidades oferecidas pelo IF Baiano, com responsabilidade, comprometimento e dedica\u00e7\u00e3o aos estudos. Na ocasi\u00e3o, tamb\u00e9m apresentou a metodologia e os objetivos da reuni\u00e3o, que, al\u00e9m do acolhimento inicial, buscou estreitar os la\u00e7os entre a comunidade escolar e as fam\u00edlias, contando com a participa\u00e7\u00e3o da equipe multiprofissional e a apresenta\u00e7\u00e3o dos setores que comp\u00f5em o campus.<\/p>\n\n\n\n<figure class=\"wp-block-gallery has-nested-images columns-default is-cropped wp-block-gallery-3 is-layout-flex\">\n<figure class=\"wp-block-image size-large\"><a href=\"https:\/\/www.ifbaiano.edu.br\/unidades\/santaines\/files\/2026\/02\/1269-REUNIAO-DE-PAIS-2026-2.webp\"><img decoding=\"async\" loading=\"lazy\" width=\"1024\" height=\"576\" data-id=\"26915\"  src=\"https:\/\/www.ifbaiano.edu.br\/unidades\/santaines\/files\/2026\/02\/1269-REUNIAO-DE-PAIS-2026-2-1024x576.webp\" alt=\"\" class=\"wp-image-26915\" srcset=\"https:\/\/www.ifbaiano.edu.br\/unidades\/santaines\/files\/2026\/02\/1269-REUNIAO-DE-PAIS-2026-2-1024x576.webp 1024w, https:\/\/www.ifbaiano.edu.br\/unidades\/santaines\/files\/2026\/02\/1269-REUNIAO-DE-PAIS-2026-2-300x169.webp 300w, https:\/\/www.ifbaiano.edu.br\/unidades\/santaines\/files\/2026\/02\/1269-REUNIAO-DE-PAIS-2026-2-768x432.webp 768w, https:\/\/www.ifbaiano.edu.br\/unidades\/santaines\/files\/2026\/02\/1269-REUNIAO-DE-PAIS-2026-2-1536x864.webp 1536w, https:\/\/www.ifbaiano.edu.br\/unidades\/santaines\/files\/2026\/02\/1269-REUNIAO-DE-PAIS-2026-2-100x56.webp 100w, https:\/\/www.ifbaiano.edu.br\/unidades\/santaines\/files\/2026\/02\/1269-REUNIAO-DE-PAIS-2026-2.webp 1600w\" sizes=\"(max-width: 1024px) 100vw, 1024px\" \/><\/a><\/figure>\n\n\n\n<figure class=\"wp-block-image size-large\"><a href=\"https:\/\/www.ifbaiano.edu.br\/unidades\/santaines\/files\/2026\/02\/1253-REUNIAO-DE-PAIS-2026-0.webp\"><img decoding=\"async\" loading=\"lazy\" width=\"1024\" height=\"576\" data-id=\"26907\"  src=\"https:\/\/www.ifbaiano.edu.br\/unidades\/santaines\/files\/2026\/02\/1253-REUNIAO-DE-PAIS-2026-0-1024x576.webp\" alt=\"\" class=\"wp-image-26907\" srcset=\"https:\/\/www.ifbaiano.edu.br\/unidades\/santaines\/files\/2026\/02\/1253-REUNIAO-DE-PAIS-2026-0-1024x576.webp 1024w, https:\/\/www.ifbaiano.edu.br\/unidades\/santaines\/files\/2026\/02\/1253-REUNIAO-DE-PAIS-2026-0-300x169.webp 300w, https:\/\/www.ifbaiano.edu.br\/unidades\/santaines\/files\/2026\/02\/1253-REUNIAO-DE-PAIS-2026-0-768x432.webp 768w, https:\/\/www.ifbaiano.edu.br\/unidades\/santaines\/files\/2026\/02\/1253-REUNIAO-DE-PAIS-2026-0-1536x864.webp 1536w, https:\/\/www.ifbaiano.edu.br\/unidades\/santaines\/files\/2026\/02\/1253-REUNIAO-DE-PAIS-2026-0-100x56.webp 100w, https:\/\/www.ifbaiano.edu.br\/unidades\/santaines\/files\/2026\/02\/1253-REUNIAO-DE-PAIS-2026-0.webp 1600w\" sizes=\"(max-width: 1024px) 100vw, 1024px\" \/><\/a><\/figure>\n\n\n\n<figure class=\"wp-block-image size-large\"><a href=\"https:\/\/www.ifbaiano.edu.br\/unidades\/santaines\/files\/2026\/02\/1251-REUNIAO-DE-PAIS-2026-00.webp\"><img decoding=\"async\" loading=\"lazy\" width=\"1024\" height=\"576\" data-id=\"26906\"  src=\"https:\/\/www.ifbaiano.edu.br\/unidades\/santaines\/files\/2026\/02\/1251-REUNIAO-DE-PAIS-2026-00-1024x576.webp\" alt=\"\" class=\"wp-image-26906\" srcset=\"https:\/\/www.ifbaiano.edu.br\/unidades\/santaines\/files\/2026\/02\/1251-REUNIAO-DE-PAIS-2026-00-1024x576.webp 1024w, https:\/\/www.ifbaiano.edu.br\/unidades\/santaines\/files\/2026\/02\/1251-REUNIAO-DE-PAIS-2026-00-300x169.webp 300w, https:\/\/www.ifbaiano.edu.br\/unidades\/santaines\/files\/2026\/02\/1251-REUNIAO-DE-PAIS-2026-00-768x432.webp 768w, https:\/\/www.ifbaiano.edu.br\/unidades\/santaines\/files\/2026\/02\/1251-REUNIAO-DE-PAIS-2026-00-1536x864.webp 1536w, https:\/\/www.ifbaiano.edu.br\/unidades\/santaines\/files\/2026\/02\/1251-REUNIAO-DE-PAIS-2026-00-100x56.webp 100w, https:\/\/www.ifbaiano.edu.br\/unidades\/santaines\/files\/2026\/02\/1251-REUNIAO-DE-PAIS-2026-00.webp 1600w\" sizes=\"(max-width: 1024px) 100vw, 1024px\" \/><\/a><\/figure>\n\n\n\n<figure class=\"wp-block-image size-large\"><a href=\"https:\/\/www.ifbaiano.edu.br\/unidades\/santaines\/files\/2026\/02\/1242-REUNIAO-DE-PAIS-2026-1.webp\"><img decoding=\"async\" loading=\"lazy\" width=\"1024\" height=\"576\" data-id=\"26902\"  src=\"https:\/\/www.ifbaiano.edu.br\/unidades\/santaines\/files\/2026\/02\/1242-REUNIAO-DE-PAIS-2026-1-1024x576.webp\" alt=\"\" class=\"wp-image-26902\" srcset=\"https:\/\/www.ifbaiano.edu.br\/unidades\/santaines\/files\/2026\/02\/1242-REUNIAO-DE-PAIS-2026-1-1024x576.webp 1024w, https:\/\/www.ifbaiano.edu.br\/unidades\/santaines\/files\/2026\/02\/1242-REUNIAO-DE-PAIS-2026-1-300x169.webp 300w, https:\/\/www.ifbaiano.edu.br\/unidades\/santaines\/files\/2026\/02\/1242-REUNIAO-DE-PAIS-2026-1-768x432.webp 768w, https:\/\/www.ifbaiano.edu.br\/unidades\/santaines\/files\/2026\/02\/1242-REUNIAO-DE-PAIS-2026-1-1536x864.webp 1536w, https:\/\/www.ifbaiano.edu.br\/unidades\/santaines\/files\/2026\/02\/1242-REUNIAO-DE-PAIS-2026-1-100x56.webp 100w, https:\/\/www.ifbaiano.edu.br\/unidades\/santaines\/files\/2026\/02\/1242-REUNIAO-DE-PAIS-2026-1.webp 1600w\" sizes=\"(max-width: 1024px) 100vw, 1024px\" \/><\/a><\/figure>\n\n\n\n<figure class=\"wp-block-image size-large\"><a href=\"https:\/\/www.ifbaiano.edu.br\/unidades\/santaines\/files\/2026\/02\/1244-REUNIAO-DE-PAIS-2026-04.webp\"><img decoding=\"async\" loading=\"lazy\" width=\"1024\" height=\"576\" data-id=\"26903\"  src=\"https:\/\/www.ifbaiano.edu.br\/unidades\/santaines\/files\/2026\/02\/1244-REUNIAO-DE-PAIS-2026-04-1024x576.webp\" alt=\"\" class=\"wp-image-26903\" srcset=\"https:\/\/www.ifbaiano.edu.br\/unidades\/santaines\/files\/2026\/02\/1244-REUNIAO-DE-PAIS-2026-04-1024x576.webp 1024w, https:\/\/www.ifbaiano.edu.br\/unidades\/santaines\/files\/2026\/02\/1244-REUNIAO-DE-PAIS-2026-04-300x169.webp 300w, https:\/\/www.ifbaiano.edu.br\/unidades\/santaines\/files\/2026\/02\/1244-REUNIAO-DE-PAIS-2026-04-768x432.webp 768w, https:\/\/www.ifbaiano.edu.br\/unidades\/santaines\/files\/2026\/02\/1244-REUNIAO-DE-PAIS-2026-04-1536x864.webp 1536w, https:\/\/www.ifbaiano.edu.br\/unidades\/santaines\/files\/2026\/02\/1244-REUNIAO-DE-PAIS-2026-04-100x56.webp 100w, https:\/\/www.ifbaiano.edu.br\/unidades\/santaines\/files\/2026\/02\/1244-REUNIAO-DE-PAIS-2026-04.webp 1600w\" sizes=\"(max-width: 1024px) 100vw, 1024px\" \/><\/a><\/figure>\n\n\n\n<figure class=\"wp-block-image size-large\"><a href=\"https:\/\/www.ifbaiano.edu.br\/unidades\/santaines\/files\/2026\/02\/1240-REUNIAO-DE-PAIS-2026-3.webp\"><img decoding=\"async\" loading=\"lazy\" width=\"1024\" height=\"576\" data-id=\"26901\"  src=\"https:\/\/www.ifbaiano.edu.br\/unidades\/santaines\/files\/2026\/02\/1240-REUNIAO-DE-PAIS-2026-3-1024x576.webp\" alt=\"\" class=\"wp-image-26901\" srcset=\"https:\/\/www.ifbaiano.edu.br\/unidades\/santaines\/files\/2026\/02\/1240-REUNIAO-DE-PAIS-2026-3-1024x576.webp 1024w, https:\/\/www.ifbaiano.edu.br\/unidades\/santaines\/files\/2026\/02\/1240-REUNIAO-DE-PAIS-2026-3-300x169.webp 300w, https:\/\/www.ifbaiano.edu.br\/unidades\/santaines\/files\/2026\/02\/1240-REUNIAO-DE-PAIS-2026-3-768x432.webp 768w, https:\/\/www.ifbaiano.edu.br\/unidades\/santaines\/files\/2026\/02\/1240-REUNIAO-DE-PAIS-2026-3-1536x864.webp 1536w, https:\/\/www.ifbaiano.edu.br\/unidades\/santaines\/files\/2026\/02\/1240-REUNIAO-DE-PAIS-2026-3-100x56.webp 100w, https:\/\/www.ifbaiano.edu.br\/unidades\/santaines\/files\/2026\/02\/1240-REUNIAO-DE-PAIS-2026-3.webp 1600w\" sizes=\"(max-width: 1024px) 100vw, 1024px\" \/><\/a><\/figure>\n<\/figure>\n\n\n\n<p>O coordenador de Acompanhamento ao Educando (CAE), \u00c2ngelo Francisco, ressaltou a relev\u00e2ncia da presen\u00e7a das fam\u00edlias no momento. \u201c\u00c9 important\u00edssimo essa presen\u00e7a dos pais e a parceria da fam\u00edlia com a escola. \u00c9 gratificante ver que os egressos est\u00e3o colocando seus filhos na institui\u00e7\u00e3o, isso comprova a confian\u00e7a que eles t\u00eam na institui\u00e7\u00e3o e no trabalho desenvolvido pela gest\u00e3o. Eles buscam um ensino de qualidade e gratuito e isso \u00e9 oferecido aqui no IF Baiano. \u00c9 tamb\u00e9m muito importante todo apoio, toda log\u00edstica, todo acolhimento, toda a assist\u00eancia que \u00e9 dada pela CAE com toda a sua equipe aos novos estudantes. Isso \u00e9 bom para a institui\u00e7\u00e3o, \u00e9 bom para os pais e, principalmente, \u00e9 bom para os novos ingressantes\u201d, afirmou.<\/p>\n\n\n\n<p>Entre os familiares presentes, Ana Cl\u00e1udia Ara\u00fajo, m\u00e3e de Maria Clara Ara\u00fajo, de 15 anos, ingressante no curso T\u00e9cnico em Agropecu\u00e1ria, compartilhou a emo\u00e7\u00e3o de ver a filha iniciando uma nova etapa, especialmente por residir no campus devido \u00e0 dist\u00e2ncia da cidade de origem. \u201cA gente que \u00e9 m\u00e3e escolhe o que \u00e9 melhor para os filhos da gente. Minha filha queria esse curso, que n\u00e3o tem em minha cidade, ent\u00e3o eu e o pai dela resolvemos apoiar. Oro a Deus que tudo dar\u00e1 certo\u201d, afirmou.<\/p>\n\n\n\n<p>J\u00e1 S\u00edlvia Rocha, m\u00e3e do estudante Fernando Rocha Machado, do curso T\u00e9cnico em Zootecnia, destacou que j\u00e1 conhecia o campus e seu irm\u00e3o \u00e9 egresso da institui\u00e7\u00e3o. Segundo ela, a escolha pelo IF Baiano se deu pela qualidade do ensino, pela seriedade da institui\u00e7\u00e3o e pela forma\u00e7\u00e3o completa oferecida aos alunos. \u201cMinha expectativa \u00e9 que meu filho tenha uma boa forma\u00e7\u00e3o acad\u00eamica e pessoal, desenvolvendo responsabilidade, conhecimento e preparo para o futuro\u201d, declarou.<\/p>\n\n\n\n<p>Joelson Almeida, pai de Enzo Neves de Jesus Almeida, estudante ingressante no curso T\u00e9cnico em Zootecnia, destacou a confian\u00e7a na institui\u00e7\u00e3o, constru\u00edda a partir da pr\u00f3pria trajet\u00f3ria familiar no Campus. \u201cFiz o curso T\u00e9cnico em Vendas e minha esposa fez o Ensino M\u00e9dio e Superior no IF Baiano \u2013 Campus Santa In\u00eas. Confio no ensino e nos profissionais que trabalham nessa institui\u00e7\u00e3o. Espero que meu filho saia da\u00ed preparado para uma faculdade\u201d, afirmou.<\/p>\n\n\n\n<p>A estudante Maria Isadora Damasceno, da cidade de Amargosa, ingressante no curso T\u00e9cnico em Inform\u00e1tica, tamb\u00e9m falou sobre suas expectativas. \u201cEu escolhi o Campus Santa In\u00eas porque acho que \u00e9 uma institui\u00e7\u00e3o que abre muitas portas para n\u00f3s, estudantes, e pode me trazer muitas oportunidades no futuro. Espero que a gente aproveite muito esse per\u00edodo de adapta\u00e7\u00e3o e depois as aulas, que possamos ser uma turma unida, tanto no curso quanto nos alojamentos, e aproveitar todas as oportunidades e experi\u00eancias que o campus tem a nos oferecer\u201d, disse.<\/p>\n\n\n\n<p>O depoimento refor\u00e7a a credibilidade do Campus junto \u00e0 comunidade e evidencia a rela\u00e7\u00e3o de confian\u00e7a constru\u00edda ao longo dos anos entre a institui\u00e7\u00e3o e as fam\u00edlias da regi\u00e3o.<\/p>\n\n\n\n<p>A reuni\u00e3o marcou o in\u00edcio do ano letivo para os novos estudantes, reafirmando o compromisso do IF Baiano \u2013 Campus Santa In\u00eas com uma educa\u00e7\u00e3o p\u00fablica, gratuita e de qualidade, constru\u00edda em parceria com as fam\u00edlias e pautada no acolhimento, na responsabilidade e na forma\u00e7\u00e3o integral dos seus alunos. Ao final, ficou evidente que, quando fam\u00edlia e escola se unem, quem ganha \u00e9 o estudante \u2014 e, consequentemente, toda a comunidade.<\/p>\n\n\n\n<figure class=\"wp-block-gallery has-nested-images columns-default is-cropped wp-block-gallery-5 is-layout-flex\">\n<figure class=\"wp-block-image size-large\"><a href=\"https:\/\/www.ifbaiano.edu.br\/unidades\/santaines\/files\/2026\/02\/1273-REUNIAO-DE-PAIS-2026.webp\"><img decoding=\"async\" loading=\"lazy\" width=\"1024\" height=\"576\" data-id=\"26917\"  src=\"https:\/\/www.ifbaiano.edu.br\/unidades\/santaines\/files\/2026\/02\/1273-REUNIAO-DE-PAIS-2026-1024x576.webp\" alt=\"\" class=\"wp-image-26917\" srcset=\"https:\/\/www.ifbaiano.edu.br\/unidades\/santaines\/files\/2026\/02\/1273-REUNIAO-DE-PAIS-2026-1024x576.webp 1024w, https:\/\/www.ifbaiano.edu.br\/unidades\/santaines\/files\/2026\/02\/1273-REUNIAO-DE-PAIS-2026-300x169.webp 300w, https:\/\/www.ifbaiano.edu.br\/unidades\/santaines\/files\/2026\/02\/1273-REUNIAO-DE-PAIS-2026-768x432.webp 768w, https:\/\/www.ifbaiano.edu.br\/unidades\/santaines\/files\/2026\/02\/1273-REUNIAO-DE-PAIS-2026-1536x864.webp 1536w, https:\/\/www.ifbaiano.edu.br\/unidades\/santaines\/files\/2026\/02\/1273-REUNIAO-DE-PAIS-2026-100x56.webp 100w, https:\/\/www.ifbaiano.edu.br\/unidades\/santaines\/files\/2026\/02\/1273-REUNIAO-DE-PAIS-2026.webp 1600w\" sizes=\"(max-width: 1024px) 100vw, 1024px\" \/><\/a><\/figure>\n\n\n\n<figure class=\"wp-block-image size-large\"><a href=\"https:\/\/www.ifbaiano.edu.br\/unidades\/santaines\/files\/2026\/02\/1265-REUNIAO-DE-PAIS-2026-4.webp\"><img decoding=\"async\" loading=\"lazy\" width=\"1024\" height=\"576\" data-id=\"26913\"  src=\"https:\/\/www.ifbaiano.edu.br\/unidades\/santaines\/files\/2026\/02\/1265-REUNIAO-DE-PAIS-2026-4-1024x576.webp\" alt=\"\" class=\"wp-image-26913\" srcset=\"https:\/\/www.ifbaiano.edu.br\/unidades\/santaines\/files\/2026\/02\/1265-REUNIAO-DE-PAIS-2026-4-1024x576.webp 1024w, https:\/\/www.ifbaiano.edu.br\/unidades\/santaines\/files\/2026\/02\/1265-REUNIAO-DE-PAIS-2026-4-300x169.webp 300w, https:\/\/www.ifbaiano.edu.br\/unidades\/santaines\/files\/2026\/02\/1265-REUNIAO-DE-PAIS-2026-4-768x432.webp 768w, https:\/\/www.ifbaiano.edu.br\/unidades\/santaines\/files\/2026\/02\/1265-REUNIAO-DE-PAIS-2026-4-1536x864.webp 1536w, https:\/\/www.ifbaiano.edu.br\/unidades\/santaines\/files\/2026\/02\/1265-REUNIAO-DE-PAIS-2026-4-100x56.webp 100w, https:\/\/www.ifbaiano.edu.br\/unidades\/santaines\/files\/2026\/02\/1265-REUNIAO-DE-PAIS-2026-4.webp 1600w\" sizes=\"(max-width: 1024px) 100vw, 1024px\" \/><\/a><\/figure>\n\n\n\n<figure class=\"wp-block-image size-large\"><a href=\"https:\/\/www.ifbaiano.edu.br\/unidades\/santaines\/files\/2026\/02\/1263-REUNIAO-DE-PAIS-2026-5.webp\"><img decoding=\"async\" loading=\"lazy\" width=\"1024\" height=\"576\" data-id=\"26912\"  src=\"https:\/\/www.ifbaiano.edu.br\/unidades\/santaines\/files\/2026\/02\/1263-REUNIAO-DE-PAIS-2026-5-1024x576.webp\" alt=\"\" class=\"wp-image-26912\" srcset=\"https:\/\/www.ifbaiano.edu.br\/unidades\/santaines\/files\/2026\/02\/1263-REUNIAO-DE-PAIS-2026-5-1024x576.webp 1024w, https:\/\/www.ifbaiano.edu.br\/unidades\/santaines\/files\/2026\/02\/1263-REUNIAO-DE-PAIS-2026-5-300x169.webp 300w, https:\/\/www.ifbaiano.edu.br\/unidades\/santaines\/files\/2026\/02\/1263-REUNIAO-DE-PAIS-2026-5-768x432.webp 768w, https:\/\/www.ifbaiano.edu.br\/unidades\/santaines\/files\/2026\/02\/1263-REUNIAO-DE-PAIS-2026-5-1536x864.webp 1536w, https:\/\/www.ifbaiano.edu.br\/unidades\/santaines\/files\/2026\/02\/1263-REUNIAO-DE-PAIS-2026-5-100x56.webp 100w, https:\/\/www.ifbaiano.edu.br\/unidades\/santaines\/files\/2026\/02\/1263-REUNIAO-DE-PAIS-2026-5.webp 1600w\" sizes=\"(max-width: 1024px) 100vw, 1024px\" \/><\/a><\/figure>\n\n\n\n<figure class=\"wp-block-image size-large\"><a href=\"https:\/\/www.ifbaiano.edu.br\/unidades\/santaines\/files\/2026\/02\/1251-REUNIAO-DE-PAIS-2026-00.webp\"><img decoding=\"async\" loading=\"lazy\" width=\"1024\" height=\"576\" data-id=\"26906\"  src=\"https:\/\/www.ifbaiano.edu.br\/unidades\/santaines\/files\/2026\/02\/1251-REUNIAO-DE-PAIS-2026-00-1024x576.webp\" alt=\"\" class=\"wp-image-26906\" srcset=\"https:\/\/www.ifbaiano.edu.br\/unidades\/santaines\/files\/2026\/02\/1251-REUNIAO-DE-PAIS-2026-00-1024x576.webp 1024w, https:\/\/www.ifbaiano.edu.br\/unidades\/santaines\/files\/2026\/02\/1251-REUNIAO-DE-PAIS-2026-00-300x169.webp 300w, https:\/\/www.ifbaiano.edu.br\/unidades\/santaines\/files\/2026\/02\/1251-REUNIAO-DE-PAIS-2026-00-768x432.webp 768w, https:\/\/www.ifbaiano.edu.br\/unidades\/santaines\/files\/2026\/02\/1251-REUNIAO-DE-PAIS-2026-00-1536x864.webp 1536w, https:\/\/www.ifbaiano.edu.br\/unidades\/santaines\/files\/2026\/02\/1251-REUNIAO-DE-PAIS-2026-00-100x56.webp 100w, https:\/\/www.ifbaiano.edu.br\/unidades\/santaines\/files\/2026\/02\/1251-REUNIAO-DE-PAIS-2026-00.webp 1600w\" sizes=\"(max-width: 1024px) 100vw, 1024px\" \/><\/a><\/figure>\n\n\n\n<figure class=\"wp-block-image size-large\"><a href=\"https:\/\/www.ifbaiano.edu.br\/unidades\/santaines\/files\/2026\/02\/1248-REUNIAO-DE-PAIS-2026-01.webp\"><img decoding=\"async\" loading=\"lazy\" width=\"1024\" height=\"576\" data-id=\"26905\"  src=\"https:\/\/www.ifbaiano.edu.br\/unidades\/santaines\/files\/2026\/02\/1248-REUNIAO-DE-PAIS-2026-01-1024x576.webp\" alt=\"\" class=\"wp-image-26905\" srcset=\"https:\/\/www.ifbaiano.edu.br\/unidades\/santaines\/files\/2026\/02\/1248-REUNIAO-DE-PAIS-2026-01-1024x576.webp 1024w, https:\/\/www.ifbaiano.edu.br\/unidades\/santaines\/files\/2026\/02\/1248-REUNIAO-DE-PAIS-2026-01-300x169.webp 300w, https:\/\/www.ifbaiano.edu.br\/unidades\/santaines\/files\/2026\/02\/1248-REUNIAO-DE-PAIS-2026-01-768x432.webp 768w, https:\/\/www.ifbaiano.edu.br\/unidades\/santaines\/files\/2026\/02\/1248-REUNIAO-DE-PAIS-2026-01-1536x864.webp 1536w, https:\/\/www.ifbaiano.edu.br\/unidades\/santaines\/files\/2026\/02\/1248-REUNIAO-DE-PAIS-2026-01-100x56.webp 100w, https:\/\/www.ifbaiano.edu.br\/unidades\/santaines\/files\/2026\/02\/1248-REUNIAO-DE-PAIS-2026-01.webp 1600w\" sizes=\"(max-width: 1024px) 100vw, 1024px\" \/><\/a><\/figure>\n\n\n\n<figure class=\"wp-block-image size-large\"><a href=\"https:\/\/www.ifbaiano.edu.br\/unidades\/santaines\/files\/2026\/02\/1246-REUNIAO-DE-PAIS-2026-02.webp\"><img decoding=\"async\" loading=\"lazy\" width=\"1024\" height=\"576\" data-id=\"26904\"  src=\"https:\/\/www.ifbaiano.edu.br\/unidades\/santaines\/files\/2026\/02\/1246-REUNIAO-DE-PAIS-2026-02-1024x576.webp\" alt=\"\" class=\"wp-image-26904\" srcset=\"https:\/\/www.ifbaiano.edu.br\/unidades\/santaines\/files\/2026\/02\/1246-REUNIAO-DE-PAIS-2026-02-1024x576.webp 1024w, https:\/\/www.ifbaiano.edu.br\/unidades\/santaines\/files\/2026\/02\/1246-REUNIAO-DE-PAIS-2026-02-300x169.webp 300w, https:\/\/www.ifbaiano.edu.br\/unidades\/santaines\/files\/2026\/02\/1246-REUNIAO-DE-PAIS-2026-02-768x432.webp 768w, https:\/\/www.ifbaiano.edu.br\/unidades\/santaines\/files\/2026\/02\/1246-REUNIAO-DE-PAIS-2026-02-1536x864.webp 1536w, https:\/\/www.ifbaiano.edu.br\/unidades\/santaines\/files\/2026\/02\/1246-REUNIAO-DE-PAIS-2026-02-100x56.webp 100w, https:\/\/www.ifbaiano.edu.br\/unidades\/santaines\/files\/2026\/02\/1246-REUNIAO-DE-PAIS-2026-02.webp 1600w\" sizes=\"(max-width: 1024px) 100vw, 1024px\" \/><\/a><\/figure>\n<\/figure>\n\n\n\n<hr class=\"wp-block-separator has-alpha-channel-opacity\" \/>\n","protected":false},"excerpt":{"rendered":"<p>Na manh\u00e3 desta segunda-feira (23), o Instituto Federal Baiano \u2013 Campus Santa In\u00eas realizou a primeira reuni\u00e3o com pais e respons\u00e1veis dos estudantes ingressantes de 2026 nos cursos t\u00e9cnicos integrados ao Ensino M\u00e9dio em Agropecu\u00e1ria, Alimentos, Inform\u00e1tica e Zootecnia. O encontro aconteceu na quadra poliesportiva do campus e reuniu novos alunos, familiares, servidores e colaboradores [&hellip;]<\/p>\n","protected":false},"author":86,"featured_media":26917,"comment_status":"closed","ping_status":"closed","sticky":false,"template":"","format":"standard","meta":[],"categories":[4,5,57],"tags":[],"_links":{"self":[{"href":"https:\/\/www.ifbaiano.edu.br\/unidades\/santaines\/wp-json\/wp\/v2\/posts\/26892"}],"collection":[{"href":"https:\/\/www.ifbaiano.edu.br\/unidades\/santaines\/wp-json\/wp\/v2\/posts"}],"about":[{"href":"https:\/\/www.ifbaiano.edu.br\/unidades\/santaines\/wp-json\/wp\/v2\/types\/post"}],"author":[{"embeddable":true,"href":"https:\/\/www.ifbaiano.edu.br\/unidades\/santaines\/wp-json\/wp\/v2\/users\/86"}],"replies":[{"embeddable":true,"href":"https:\/\/www.ifbaiano.edu.br\/unidades\/santaines\/wp-json\/wp\/v2\/comments?post=26892"}],"version-history":[{"count":2,"href":"https:\/\/www.ifbaiano.edu.br\/unidades\/santaines\/wp-json\/wp\/v2\/posts\/26892\/revisions"}],"predecessor-version":[{"id":26923,"href":"https:\/\/www.ifbaiano.edu.br\/unidades\/santaines\/wp-json\/wp\/v2\/posts\/26892\/revisions\/26923"}],"wp:featuredmedia":[{"embeddable":true,"href":"https:\/\/www.ifbaiano.edu.br\/unidades\/santaines\/wp-json\/wp\/v2\/media\/26917"}],"wp:attachment":[{"href":"https:\/\/www.ifbaiano.edu.br\/unidades\/santaines\/wp-json\/wp\/v2\/media?parent=26892"}],"wp:term":[{"taxonomy":"category","embeddable":true,"href":"https:\/\/www.ifbaiano.edu.br\/unidades\/santaines\/wp-json\/wp\/v2\/categories?post=26892"},{"taxonomy":"post_tag","embeddable":true,"href":"https:\/\/www.ifbaiano.edu.br\/unidades\/santaines\/wp-json\/wp\/v2\/tags?post=26892"}],"curies":[{"name":"wp","href":"https:\/\/api.w.org\/{rel}","templated":true}]}}