{"id":269,"date":"2011-11-24T16:36:38","date_gmt":"2011-11-24T19:36:38","guid":{"rendered":"http:\/\/www.ifbaiano.edu.br\/unidades\/santaines\/?p=269"},"modified":"2011-12-27T12:03:41","modified_gmt":"2011-12-27T15:03:41","slug":"selecao-para-professor-substituto","status":"publish","type":"post","link":"https:\/\/www.ifbaiano.edu.br\/unidades\/santaines\/selecao-para-professor-substituto\/","title":{"rendered":"Resultado Final da Sele\u00e7\u00e3o para Professor Substituto nas \u00c1reas Ci\u00eancias Agr\u00e1rias e Qu\u00edmica"},"content":{"rendered":"<p>O Instituto Federal Baiano Campus Santa In\u00eas abre inscri\u00e7\u00f5es destinadas a viabilizar a realiza\u00e7\u00e3o de Processo Seletivo Simplificado, dirigido \u00e0 contrata\u00e7\u00e3o, por tempo determinado, para o cargo de Professor do Ensino B\u00e1sico, T\u00e9cnico e Tecnol\u00f3gico Substituto, para o\u00a0 Campus\u00a0 Santa In\u00eas deste Instituto, nos termos dos supracitados diplomas legais, cuja vaga ora divulgada ser\u00e1 preenchida a partir do surgimento de necessidades, em fun\u00e7\u00e3o das ocorr\u00eancias previstas na legisla\u00e7\u00e3o que rege a mat\u00e9ria.<\/p>\n<div align=\"left\"><strong>Confira o Resultado Final abaixo: <\/strong><\/div>\n<div align=\"left\"><strong><a href=\"http:\/\/www.ifbaiano.edu.br\/unidades\/santaines\/files\/2011\/11\/resultado_ciencias_agrarias.pdf\">CI\u00caNCIAS AGR\u00c1RIAS<\/a><span style=\"font-size: small\"><a href=\"http:\/\/www.si.ifbaiano.edu.br\/pro_seletivo\/edital\/lista_ciencias.pdf\"><br \/>\n<\/a> <\/span><\/strong> <strong><a href=\"http:\/\/www.ifbaiano.edu.br\/unidades\/santaines\/files\/2011\/11\/resultado_quimica.pdf\">QU\u00cdMICA<\/a><\/strong><strong><a href=\"http:\/\/www.si.ifbaiano.edu.br\/selecao\/792011\/resultado\/RESULTADO_PRELIMINAR_QUIMICA.pdf\" target=\"_blank\"><br \/>\n<\/a><\/strong><strong><a href=\"http:\/\/www.ifbaiano.edu.br\/unidades\/santaines\/files\/2011\/11\/edital_selecao_professor.pdf\">EDITAL<\/a><\/strong><strong><\/strong><\/div>\n<h4 align=\"center\"><strong><a href=\"http:\/\/www.ifbaiano.edu.br\/unidades\/santaines\/files\/2011\/11\/cartazselecao.png\"><br \/>\n<\/a><\/strong><\/h4>\n","protected":false},"excerpt":{"rendered":"<p>O Instituto Federal Baiano Campus Santa In\u00eas abre inscri\u00e7\u00f5es destinadas a viabilizar a realiza\u00e7\u00e3o de Processo Seletivo Simplificado, dirigido \u00e0 contrata\u00e7\u00e3o, por tempo determinado, para o cargo de Professor do Ensino B\u00e1sico, T\u00e9cnico e Tecnol\u00f3gico Substituto, para o\u00a0 Campus\u00a0 Santa In\u00eas deste Instituto, nos termos dos supracitados diplomas legais, cuja vaga ora divulgada ser\u00e1 preenchida [&hellip;]<\/p>\n","protected":false},"author":26,"featured_media":0,"comment_status":"closed","ping_status":"closed","sticky":false,"template":"","format":"standard","meta":[],"categories":[10],"tags":[],"_links":{"self":[{"href":"https:\/\/www.ifbaiano.edu.br\/unidades\/santaines\/wp-json\/wp\/v2\/posts\/269"}],"collection":[{"href":"https:\/\/www.ifbaiano.edu.br\/unidades\/santaines\/wp-json\/wp\/v2\/posts"}],"about":[{"href":"https:\/\/www.ifbaiano.edu.br\/unidades\/santaines\/wp-json\/wp\/v2\/types\/post"}],"author":[{"embeddable":true,"href":"https:\/\/www.ifbaiano.edu.br\/unidades\/santaines\/wp-json\/wp\/v2\/users\/26"}],"replies":[{"embeddable":true,"href":"https:\/\/www.ifbaiano.edu.br\/unidades\/santaines\/wp-json\/wp\/v2\/comments?post=269"}],"version-history":[{"count":11,"href":"https:\/\/www.ifbaiano.edu.br\/unidades\/santaines\/wp-json\/wp\/v2\/posts\/269\/revisions"}],"predecessor-version":[{"id":859,"href":"https:\/\/www.ifbaiano.edu.br\/unidades\/santaines\/wp-json\/wp\/v2\/posts\/269\/revisions\/859"}],"wp:attachment":[{"href":"https:\/\/www.ifbaiano.edu.br\/unidades\/santaines\/wp-json\/wp\/v2\/media?parent=269"}],"wp:term":[{"taxonomy":"category","embeddable":true,"href":"https:\/\/www.ifbaiano.edu.br\/unidades\/santaines\/wp-json\/wp\/v2\/categories?post=269"},{"taxonomy":"post_tag","embeddable":true,"href":"https:\/\/www.ifbaiano.edu.br\/unidades\/santaines\/wp-json\/wp\/v2\/tags?post=269"}],"curies":[{"name":"wp","href":"https:\/\/api.w.org\/{rel}","templated":true}]}}