{"id":26929,"date":"2026-02-26T13:24:34","date_gmt":"2026-02-26T16:24:34","guid":{"rendered":"https:\/\/www.ifbaiano.edu.br\/unidades\/santaines\/?p=26929"},"modified":"2026-02-26T13:24:34","modified_gmt":"2026-02-26T16:24:34","slug":"if-baiano-divulga-resultado-da-interposicao-de-recurso-ao-resultado-preliminar-da-especializacao-em-eja","status":"publish","type":"post","link":"https:\/\/www.ifbaiano.edu.br\/unidades\/santaines\/if-baiano-divulga-resultado-da-interposicao-de-recurso-ao-resultado-preliminar-da-especializacao-em-eja\/","title":{"rendered":"IF Baiano divulga Resultado da Interposi\u00e7\u00e3o de Recurso ao Resultado Preliminar da Especializa\u00e7\u00e3o em EJA"},"content":{"rendered":"\n<p>O Instituto Federal de Educa\u00e7\u00e3o, Ci\u00eancia e Tecnologia Baiano divulgou nesta quinta-feira (26), o <strong><a href=\"https:\/\/concurso.ifbaiano.edu.br\/portal\/edital-236-novembro-2025\/wp-content\/uploads\/sites\/1276\/2026\/02\/RESULTADO-DA-INTERPOSICAO-DE-RECURSO-AO-RESULTADO-PRELIMINAR.pdf\">Resultado da Interposi\u00e7\u00e3o de Recurso ao Resultado Preliminar<\/a><\/strong> do Processo Seletivo para a Especializa\u00e7\u00e3o em Educa\u00e7\u00e3o de Jovens e Adultos (EJA) articulada \u00e0 Educa\u00e7\u00e3o Profissional, ofertada pelo Campus Santa In\u00eas.<\/p>\n\n\n\n<p>A etapa integra o cronograma previsto na <a href=\"https:\/\/concurso.ifbaiano.edu.br\/portal\/edital-236-novembro-2025\/wp-content\/uploads\/sites\/1276\/2025\/12\/1a-Retificacao-do-Edital-No-236-de-11-de-novembro-de-2025.pdf\">retifica\u00e7\u00e3o<\/a> do <strong><a href=\"https:\/\/concurso.ifbaiano.edu.br\/portal\/edital-236-novembro-2025\/#:~:text=Edital%20N%C2%BA%20236%2C%20de%2011%20de%20novembro%20de%202025\">Edital n\u00ba 236, de 11 de novembro de 2025<\/a><\/strong>, que rege o certame da p\u00f3s-gradua\u00e7\u00e3o. De acordo com a Comiss\u00e3o respons\u00e1vel pelo processo seletivo, <strong>n\u00e3o houve interposi\u00e7\u00e3o de recurso<\/strong> ao Resultado Preliminar.<\/p>\n\n\n\n<p>Conforme documento oficial, a Comiss\u00e3o do Processo Seletivo informa que n\u00e3o foram apresentados recursos referentes ao resultado anteriormente publicado, mantendo-se, portanto, as decis\u00f5es j\u00e1 divulgadas.<\/p>\n\n\n\n<p>A Especializa\u00e7\u00e3o em Educa\u00e7\u00e3o de Jovens e Adultos articulada \u00e0 Educa\u00e7\u00e3o Profissional tem como objetivo fortalecer a forma\u00e7\u00e3o de profissionais que atuam ou desejam atuar na EJA, integrando pr\u00e1ticas pedag\u00f3gicas \u00e0s especificidades da educa\u00e7\u00e3o profissional e tecnol\u00f3gica.<\/p>\n\n\n\n<p>Os(as) candidatos(as) devem acompanhar as pr\u00f3ximas publica\u00e7\u00f5es e etapas do processo seletivo por meio dos canais oficiais do IF Baiano.<\/p>\n\n\n\n<p>O documento completo com o Resultado da Interposi\u00e7\u00e3o de Recurso ao Resultado Preliminar e demais documentos do certame est\u00e3o dispon\u00edveis na <a href=\"https:\/\/concurso.ifbaiano.edu.br\/portal\/edital-236-novembro-2025\/\">p\u00e1gina institucional<\/a>.<\/p>\n\n\n\n<hr class=\"wp-block-separator has-alpha-channel-opacity\" \/>\n","protected":false},"excerpt":{"rendered":"<p>O Instituto Federal de Educa\u00e7\u00e3o, Ci\u00eancia e Tecnologia Baiano divulgou nesta quinta-feira (26), o Resultado da Interposi\u00e7\u00e3o de Recurso ao Resultado Preliminar do Processo Seletivo para a Especializa\u00e7\u00e3o em Educa\u00e7\u00e3o de Jovens e Adultos (EJA) articulada \u00e0 Educa\u00e7\u00e3o Profissional, ofertada pelo Campus Santa In\u00eas. A etapa integra o cronograma previsto na retifica\u00e7\u00e3o do Edital n\u00ba [&hellip;]<\/p>\n","protected":false},"author":86,"featured_media":26308,"comment_status":"closed","ping_status":"closed","sticky":false,"template":"","format":"standard","meta":[],"categories":[4,5,8,57],"tags":[],"_links":{"self":[{"href":"https:\/\/www.ifbaiano.edu.br\/unidades\/santaines\/wp-json\/wp\/v2\/posts\/26929"}],"collection":[{"href":"https:\/\/www.ifbaiano.edu.br\/unidades\/santaines\/wp-json\/wp\/v2\/posts"}],"about":[{"href":"https:\/\/www.ifbaiano.edu.br\/unidades\/santaines\/wp-json\/wp\/v2\/types\/post"}],"author":[{"embeddable":true,"href":"https:\/\/www.ifbaiano.edu.br\/unidades\/santaines\/wp-json\/wp\/v2\/users\/86"}],"replies":[{"embeddable":true,"href":"https:\/\/www.ifbaiano.edu.br\/unidades\/santaines\/wp-json\/wp\/v2\/comments?post=26929"}],"version-history":[{"count":1,"href":"https:\/\/www.ifbaiano.edu.br\/unidades\/santaines\/wp-json\/wp\/v2\/posts\/26929\/revisions"}],"predecessor-version":[{"id":26930,"href":"https:\/\/www.ifbaiano.edu.br\/unidades\/santaines\/wp-json\/wp\/v2\/posts\/26929\/revisions\/26930"}],"wp:featuredmedia":[{"embeddable":true,"href":"https:\/\/www.ifbaiano.edu.br\/unidades\/santaines\/wp-json\/wp\/v2\/media\/26308"}],"wp:attachment":[{"href":"https:\/\/www.ifbaiano.edu.br\/unidades\/santaines\/wp-json\/wp\/v2\/media?parent=26929"}],"wp:term":[{"taxonomy":"category","embeddable":true,"href":"https:\/\/www.ifbaiano.edu.br\/unidades\/santaines\/wp-json\/wp\/v2\/categories?post=26929"},{"taxonomy":"post_tag","embeddable":true,"href":"https:\/\/www.ifbaiano.edu.br\/unidades\/santaines\/wp-json\/wp\/v2\/tags?post=26929"}],"curies":[{"name":"wp","href":"https:\/\/api.w.org\/{rel}","templated":true}]}}