{"id":26931,"date":"2026-02-26T13:49:07","date_gmt":"2026-02-26T16:49:07","guid":{"rendered":"https:\/\/www.ifbaiano.edu.br\/unidades\/santaines\/?p=26931"},"modified":"2026-02-26T13:49:08","modified_gmt":"2026-02-26T16:49:08","slug":"proex-lanca-editais-para-projetos-de-extensao-nas-modalidades-junior-e-superior","status":"publish","type":"post","link":"https:\/\/www.ifbaiano.edu.br\/unidades\/santaines\/proex-lanca-editais-para-projetos-de-extensao-nas-modalidades-junior-e-superior\/","title":{"rendered":"Proex lan\u00e7a editais para projetos de extens\u00e3o nas modalidades J\u00fanior e Superior\u00a0"},"content":{"rendered":"\n<p>Estudantes do ensino m\u00e9dio t\u00e9cnico (Integrado, Subsequente e Proeja) e do ensino superior do IF Baiano poder\u00e3o participar de projetos de extens\u00e3o com concess\u00e3o de bolsas.&nbsp;A Pr\u00f3-reitoria de Extens\u00e3o do IF Baiano (Proex) lan\u00e7ou, na \u00faltima segunda-feira (23), os editais do Programa Institucional de Bolsas de Inicia\u00e7\u00e3o em Extens\u00e3o (Pibiex), para sele\u00e7\u00e3o de propostas de projetos.&nbsp;<\/p>\n\n\n\n<p>Ao todo, ser\u00e3o selecionados 49 projetos de n\u00edvel m\u00e9dio e 29 de n\u00edvel superior. As oportunidades s\u00e3o para 14 campi na modalidade J\u00fanior e 11 na superior.<\/p>\n\n\n\n<p>O per\u00edodo de submiss\u00e3o vai do dia 3 de mar\u00e7o a 6 de abril. A proposta de projeto dever\u00e1 ser submetida no Sistema Unificado de Administra\u00e7\u00e3o P\u00fablica (SUAP) por um servidor efetivo do IF Baiano, docente ou t\u00e9cnico-administrativo em educa\u00e7\u00e3o, denominado proponente do projeto.<\/p>\n\n\n\n<p>No caso das bolsas da modalidade J\u00fanior, uma delas ser\u00e1 destinada a um projeto de extens\u00e3o vinculado ao programa Ci\u00eancia Itinerante.&nbsp;<\/p>\n\n\n\n<p>As propostas, contempladas em diferentes \u00e1reas tem\u00e1ticas, devem ter natureza acad\u00eamica, devendo articular ensino, pesquisa e extens\u00e3o, al\u00e9m de terem vincula\u00e7\u00e3o com as \u00e1reas dos cursos ofertados.<\/p>\n\n\n\n<p><strong>Sobre as bolsas<\/strong><\/p>\n\n\n\n<p>As bolsas concedidas ser\u00e3o de R$ 300,00 para o ensino m\u00e9dio e R$ 700,00 para o superior, somadas a um aux\u00edlio financeiro de R$ 1.200,00 e R$ 2.400,00, respectivamente, para o custeio dos projetos.<\/p>\n\n\n\n<p>Os bolsistas da modalidade J\u00fanior dever\u00e3o cumprir carga hor\u00e1ria de 10 horas semanais, enquanto os bolsistas da modalidade Superior, 20 horas semanais.&nbsp;<\/p>\n\n\n\n<p><strong>Extens\u00e3o no IF Baiano&nbsp;<\/strong><\/p>\n\n\n\n<p>A Extens\u00e3o \u00e9 um processo educativo, cultural, social, cient\u00edfico e tecnol\u00f3gico que promove a intera\u00e7\u00e3o entre as institui\u00e7\u00f5es, os segmentos sociais e o mundo do trabalho, com \u00eanfase na produ\u00e7\u00e3o, no desenvolvimento e na difus\u00e3o de conhecimentos cient\u00edficos e tecnol\u00f3gicos, visando ao desenvolvimento socioecon\u00f4mico sustent\u00e1vel local, regional e territorial, conforme a&nbsp;<a href=\"https:\/\/ifbaiano.edu.br\/portal\/wp-content\/uploads\/2019\/09\/Resolu%C3%A7ao-46.pdf\" target=\"_blank\" rel=\"noreferrer noopener\">Resolu\u00e7\u00e3o CONSUP n\u00ba 46, de 29 de julho de 2019<\/a>.<\/p>\n\n\n\n<p><strong>Saiba mais<\/strong><\/p>\n\n\n\n<p>O n\u00famero de projetos contemplados por unidade, o fluxo de submiss\u00e3o de propostas e demais informa\u00e7\u00f5es podem ser consultados nos editais Pibiex, modalidades\u00a0<a rel=\"noreferrer noopener\" href=\"https:\/\/concurso.ifbaiano.edu.br\/portal\/pibiex-junior-fevereiro-2026\/\" target=\"_blank\">J\u00fanior<\/a>\u00a0e\u00a0<a rel=\"noreferrer noopener\" href=\"https:\/\/concurso.ifbaiano.edu.br\/portal\/pibiex-superior-fevereiro-2026\/\" target=\"_blank\">Superior<\/a>.<\/p>\n\n\n\n<hr class=\"wp-block-separator has-alpha-channel-opacity\" \/>\n","protected":false},"excerpt":{"rendered":"<p>78 projetos distribu\u00eddos entre n\u00edvel m\u00e9dio e superior ser\u00e3o selecionados, com concess\u00e3o de bolsas; oportunidade abrange m\u00faltiplos campi da Institui\u00e7\u00e3o<\/p>\n","protected":false},"author":86,"featured_media":26932,"comment_status":"closed","ping_status":"closed","sticky":false,"template":"","format":"standard","meta":[],"categories":[4,38,5,8,57],"tags":[],"_links":{"self":[{"href":"https:\/\/www.ifbaiano.edu.br\/unidades\/santaines\/wp-json\/wp\/v2\/posts\/26931"}],"collection":[{"href":"https:\/\/www.ifbaiano.edu.br\/unidades\/santaines\/wp-json\/wp\/v2\/posts"}],"about":[{"href":"https:\/\/www.ifbaiano.edu.br\/unidades\/santaines\/wp-json\/wp\/v2\/types\/post"}],"author":[{"embeddable":true,"href":"https:\/\/www.ifbaiano.edu.br\/unidades\/santaines\/wp-json\/wp\/v2\/users\/86"}],"replies":[{"embeddable":true,"href":"https:\/\/www.ifbaiano.edu.br\/unidades\/santaines\/wp-json\/wp\/v2\/comments?post=26931"}],"version-history":[{"count":1,"href":"https:\/\/www.ifbaiano.edu.br\/unidades\/santaines\/wp-json\/wp\/v2\/posts\/26931\/revisions"}],"predecessor-version":[{"id":26934,"href":"https:\/\/www.ifbaiano.edu.br\/unidades\/santaines\/wp-json\/wp\/v2\/posts\/26931\/revisions\/26934"}],"wp:featuredmedia":[{"embeddable":true,"href":"https:\/\/www.ifbaiano.edu.br\/unidades\/santaines\/wp-json\/wp\/v2\/media\/26932"}],"wp:attachment":[{"href":"https:\/\/www.ifbaiano.edu.br\/unidades\/santaines\/wp-json\/wp\/v2\/media?parent=26931"}],"wp:term":[{"taxonomy":"category","embeddable":true,"href":"https:\/\/www.ifbaiano.edu.br\/unidades\/santaines\/wp-json\/wp\/v2\/categories?post=26931"},{"taxonomy":"post_tag","embeddable":true,"href":"https:\/\/www.ifbaiano.edu.br\/unidades\/santaines\/wp-json\/wp\/v2\/tags?post=26931"}],"curies":[{"name":"wp","href":"https:\/\/api.w.org\/{rel}","templated":true}]}}