{"id":26992,"date":"2026-03-03T11:34:56","date_gmt":"2026-03-03T14:34:56","guid":{"rendered":"https:\/\/www.ifbaiano.edu.br\/unidades\/santaines\/?p=26992"},"modified":"2026-03-04T15:37:07","modified_gmt":"2026-03-04T18:37:07","slug":"campus-santa-ines-lanca-editais-de-apoio-estudantil-para-2026","status":"publish","type":"post","link":"https:\/\/www.ifbaiano.edu.br\/unidades\/santaines\/campus-santa-ines-lanca-editais-de-apoio-estudantil-para-2026\/","title":{"rendered":"Campus Santa In\u00eas lan\u00e7a editais de apoio estudantil para 2026"},"content":{"rendered":"\n<p>O Campus Santa In\u00eas est\u00e1 com inscri\u00e7\u00f5es abertas para os seguintes programas:<\/p>\n\n\n\n<ul>\n<li><strong>Programa de Incentivo \u00e0 Participa\u00e7\u00e3o Pol\u00edtico Acad\u00eamica (PROPAC) \u2013 2026\/2027<\/strong><\/li>\n\n\n\n<li><strong>Programa de Assist\u00eancia e Inclus\u00e3o Social do Estudante (PAISE) \u2013 2026<\/strong><\/li>\n\n\n\n<li><strong>Programa de Incentivo \u00e0 Cultura, Esporte e Lazer (PINCEL)<\/strong><\/li>\n\n\n\n<li><strong>Programa de Aux\u00edlios Eventuais (PAE)<\/strong><\/li>\n<\/ul>\n\n\n\n<p>As iniciativas s\u00e3o destinadas a estudantes regularmente matriculados no IF Baiano e visam ampliar as condi\u00e7\u00f5es de perman\u00eancia e \u00eaxito na institui\u00e7\u00e3o.<\/p>\n\n\n\n<h2 class=\"wp-block-heading\">PROPAC \u2013 Incentivo \u00e0 participa\u00e7\u00e3o estudantil<\/h2>\n\n\n\n<p>O PROPAC apoia estudantes que desejam atuar em espa\u00e7os de representa\u00e7\u00e3o estudantil, como gr\u00eamios, centros acad\u00eamicos e colegiados institucionais.<\/p>\n\n\n\n<h3 class=\"wp-block-heading\">Quem pode participar?<\/h3>\n\n\n\n<p>Estudantes regularmente matriculados nos cursos do campus.<\/p>\n\n\n\n<h3 class=\"wp-block-heading\">Como participar?<\/h3>\n\n\n\n<ol>\n<li>Ler atentamente o edital dispon\u00edvel no <a href=\"https:\/\/concurso.ifbaiano.edu.br\/portal\/propac-santa-ines-marco-2026\/\">site oficial do IF Baiano<\/a>.<\/li>\n\n\n\n<li>Realizar a inscri\u00e7\u00e3o dentro do prazo estabelecido.<\/li>\n\n\n\n<li>Apresentar a documenta\u00e7\u00e3o exigida no edital, inclusive os formul\u00e1rios abaixo corretamente preenchidos:<\/li>\n<\/ol>\n\n\n\n<ul>\n<li><a href=\"https:\/\/www.ifbaiano.edu.br\/unidades\/santaines\/files\/2026\/03\/FORMULARIO-DE-INSCRICAO-PROPAC.pdf\">Formul\u00e1rio de Inscri\u00e7\u00e3o<\/a>;<\/li>\n\n\n\n<li><a href=\"https:\/\/www.ifbaiano.edu.br\/unidades\/santaines\/files\/2026\/03\/FICHA-DE-AVALIACAO-PARTICIPACAO-EM-EVENTOS-DE-ORGANIZACAO-ESTUDANTIL-PROPAC.pdf\">Ficha de Avalia\u00e7\u00e3o do Aux\u00edlio Participa\u00e7\u00e3o em Eventos de Car\u00e1ter&nbsp;Cient\u00edfico, Acad\u00eamico ou Tecnol\u00f3gico<\/a>;<\/li>\n\n\n\n<li><a href=\"https:\/\/www.ifbaiano.edu.br\/unidades\/santaines\/files\/2026\/03\/FICHA-DE-AVALIACAO-PARTICIPACAO-EM-EVENTOS-DE-ORGANIZACAO-ESTUDANTIL-PROPAC.pdf\">Ficha de Avalia\u00e7\u00e3o do Aux\u00edlio Participa\u00e7\u00e3o em Eventos de Organiza\u00e7\u00e3o Estudantil<\/a>;<\/li>\n\n\n\n<li><a href=\"https:\/\/www.ifbaiano.edu.br\/unidades\/santaines\/files\/2026\/03\/FICHA-DE-AVALIACAO-FORMALIZACAO-DE-ENTIDADES-ESTUDANTIS-PROPAC.pdf\">Ficha de Avalia\u00e7\u00e3o do Aux\u00edlio Formaliza\u00e7\u00e3o de Entidades Estudantis<\/a>;<\/li>\n\n\n\n<li><a href=\"https:\/\/www.ifbaiano.edu.br\/unidades\/santaines\/files\/2026\/03\/TERMO-DE-COMPROMISSO-PROPAC.pdf\">Termo de Compromisso<\/a><\/li>\n<\/ul>\n\n\n\n<p>O programa oferece bolsa mensal aos estudantes selecionados, incentivando o protagonismo juvenil e a participa\u00e7\u00e3o nas decis\u00f5es institucionais.<\/p>\n\n\n\n<h2 class=\"wp-block-heading\">PAISE \u2013 Apoio \u00e0 perman\u00eancia estudantil<\/h2>\n\n\n\n<p>O PAISE \u00e9 voltado a estudantes em situa\u00e7\u00e3o de vulnerabilidade socioecon\u00f4mica, oferecendo aux\u00edlios financeiros que contribuem para a perman\u00eancia e conclus\u00e3o do curso.<\/p>\n\n\n\n<h3 class=\"wp-block-heading\">Quem pode participar?<\/h3>\n\n\n\n<p>Estudantes que comprovem situa\u00e7\u00e3o de vulnerabilidade social, conforme crit\u00e9rios descritos no edital.<\/p>\n\n\n\n<h3 class=\"wp-block-heading\">Como participar?<\/h3>\n\n\n\n<ol>\n<li>Ler o edital dispon\u00edvel no <a href=\"https:\/\/concurso.ifbaiano.edu.br\/portal\/paise-santa-ines-marco-2026\/\">site do IF Baiano<\/a>.<\/li>\n\n\n\n<li>Preencher o <a href=\"https:\/\/www.ifbaiano.edu.br\/unidades\/santaines\/files\/2026\/03\/FORMULARIO-DE-INSCRICAO-PAISE.pdf\">formul\u00e1rio de inscri\u00e7\u00e3o<\/a> no per\u00edodo indicado.<\/li>\n\n\n\n<li>Anexar a documenta\u00e7\u00e3o solicitada, inclusive o <a href=\"https:\/\/www.ifbaiano.edu.br\/unidades\/santaines\/files\/2026\/03\/INTERPOSICAO-DE-RECURSO-PAISE.pdf\">Formul\u00e1rio de Interposi\u00e7\u00e3o de Recurso<\/a> e o <a href=\"https:\/\/www.ifbaiano.edu.br\/unidades\/santaines\/files\/2026\/03\/TERMO-DE-COMPROMISSO-PAISE.pdf\">Termo de Compromisso<\/a><\/li>\n\n\n\n<li>Aguardar a an\u00e1lise e divulga\u00e7\u00e3o do resultado.<\/li>\n<\/ol>\n\n\n\n<p>A sele\u00e7\u00e3o \u00e9 realizada com base em crit\u00e9rios socioecon\u00f4micos, priorizando estudantes com maior necessidade.<\/p>\n\n\n\n<h2 class=\"wp-block-heading\">PINCEL \u2013 Cultura, esporte e lazer<\/h2>\n\n\n\n<p>O PINCEL incentiva a participa\u00e7\u00e3o dos estudantes em atividades culturais, esportivas e de lazer, promovendo forma\u00e7\u00e3o integral.<\/p>\n\n\n\n<h3 class=\"wp-block-heading\">Quem pode participar?<\/h3>\n\n\n\n<p>Estudantes regularmente matriculados que tenham interesse em desenvolver ou integrar projetos nessas \u00e1reas.<\/p>\n\n\n\n<h3 class=\"wp-block-heading\">Como participar?<\/h3>\n\n\n\n<ol>\n<li>Conferir as modalidades dispon\u00edveis no <a href=\"https:\/\/concurso.ifbaiano.edu.br\/portal\/pincel-santa-ines-marco-2026\/\">edital<\/a>.<\/li>\n\n\n\n<li>Realizar a inscri\u00e7\u00e3o no prazo estabelecido.<\/li>\n\n\n\n<li>Apresentar proposta ou documenta\u00e7\u00e3o exigida. Importante observar os formul\u00e1rios abaixo:<\/li>\n<\/ol>\n\n\n\n<p>&#8211; <a href=\"https:\/\/www.ifbaiano.edu.br\/unidades\/santaines\/files\/2026\/03\/FORMULARIO-DE-INSCRICAO-PINCEL.pdf\">Formul\u00e1rio de Inscri\u00e7\u00e3o<\/a><br>&#8211; <a href=\"https:\/\/www.ifbaiano.edu.br\/unidades\/santaines\/files\/2026\/03\/FICHA-DE-AVALIACAO-ATIV.-DESPORTIVA-PINCEL.pdf\">Ficha de Avalia\u00e7\u00e3o &#8211; Atividades Desportivas<\/a> (Coordena\u00e7\u00e3o de Extens\u00e3o ou Pesquisa)<br>&#8211; <a href=\"https:\/\/www.ifbaiano.edu.br\/unidades\/santaines\/files\/2026\/03\/FICHA-DE-AVALIACAO-ATIV.-ART.-CULTURAIS-PINCEL.pdf\">Ficha de Avalia\u00e7\u00e3o &#8211; Atividades Art\u00edsticas e Culturais<\/a> (Coordena\u00e7\u00e3o de Extens\u00e3o ou Pesquisa)<br>&#8211; <a href=\"https:\/\/www.ifbaiano.edu.br\/unidades\/santaines\/files\/2026\/03\/TERMO-DE-COMPROMISSO-PINCEL.pdf\">Termo de Compromisso<\/a><\/p>\n\n\n\n<p>Os selecionados poder\u00e3o receber apoio financeiro para execu\u00e7\u00e3o das atividades.<\/p>\n\n\n\n<h2 class=\"wp-block-heading\">PAE \u2013 Aux\u00edlios eventuais<\/h2>\n\n\n\n<p>O Programa de Aux\u00edlios Eventuais (PAE) oferece apoio financeiro pontual a estudantes que enfrentem situa\u00e7\u00f5es emergenciais e imprevistas que possam comprometer sua perman\u00eancia no curso.<\/p>\n\n\n\n<h3 class=\"wp-block-heading\">Quem pode solicitar?<\/h3>\n\n\n\n<p>Estudantes regularmente matriculados que comprovem necessidade emergencial.<\/p>\n\n\n\n<h3 class=\"wp-block-heading\">Como solicitar?<\/h3>\n\n\n\n<ol>\n<li>Ler o edital dispon\u00edvel na <a href=\"https:\/\/concurso.ifbaiano.edu.br\/portal\/pae-santa-ines-marco-2026\/\">P\u00e1gina do IF Baiano<\/a><\/li>\n\n\n\n<li>Procurar o setor respons\u00e1vel pela Assist\u00eancia Estudantil.<\/li>\n\n\n\n<li>Apresentar justificativa e documenta\u00e7\u00e3o comprobat\u00f3ria.<\/li>\n\n\n\n<li>Aguardar an\u00e1lise da equipe respons\u00e1vel.<\/li>\n<\/ol>\n\n\n\n<p>Abaixo podem ser acessados os documentos para preenchimento:<\/p>\n\n\n\n<ul>\n<li><a href=\"https:\/\/www.ifbaiano.edu.br\/unidades\/santaines\/files\/2026\/03\/REQUERIMENTO-DE-AUXILIO-PAE.pdf\">Requerimento de Aux\u00edlio<\/a><\/li>\n\n\n\n<li><a href=\"https:\/\/www.ifbaiano.edu.br\/unidades\/santaines\/files\/2026\/03\/FORM.-DE-INTERPOSICAO-DE-RECURSO-PAE.pdf\">Formul\u00e1rio de Interposi\u00e7\u00e3o de Recurso<\/a><\/li>\n\n\n\n<li><a href=\"https:\/\/www.ifbaiano.edu.br\/unidades\/santaines\/files\/2026\/03\/FORMULARIO-DE-COTACAO-DE-PRECO-PAE.pdf\">Formul\u00e1rio de cota\u00e7\u00e3o de Pre\u00e7os<\/a><\/li>\n\n\n\n<li><a href=\"https:\/\/www.ifbaiano.edu.br\/unidades\/santaines\/files\/2026\/03\/TERMO-DE-COMPROMISSO-PAE.pdf\">Termo de Compromisso<\/a><\/li>\n<\/ul>\n\n\n\n<p>O aux\u00edlio \u00e9 concedido conforme avalia\u00e7\u00e3o t\u00e9cnica e disponibilidade or\u00e7ament\u00e1ria.<\/p>\n\n\n\n<h2 class=\"wp-block-heading\">Fique atento aos prazos<\/h2>\n\n\n\n<p>Os editais completos, com cronograma, valores das bolsas e crit\u00e9rios detalhados, est\u00e3o dispon\u00edveis no site oficial do IF Baiano (links acima). \u00c9 fundamental que o estudante leia o edital na \u00edntegra antes de realizar a inscri\u00e7\u00e3o.<\/p>\n\n\n\n<p>Esses programas refor\u00e7am o compromisso do IF Baiano com a inclus\u00e3o, perman\u00eancia e forma\u00e7\u00e3o cidad\u00e3 dos seus estudantes, garantindo mais oportunidades para que todos possam desenvolver seu potencial acad\u00eamico, cultural e social.<\/p>\n\n\n\n<p>Para mais informa\u00e7\u00f5es, os interessados podem procurar o setor de Assist\u00eancia Estudantil do campus.<\/p>\n\n\n\n<hr class=\"wp-block-separator has-alpha-channel-opacity\" \/>\n","protected":false},"excerpt":{"rendered":"<p>O Campus Santa In\u00eas est\u00e1 com inscri\u00e7\u00f5es abertas para os seguintes programas: As iniciativas s\u00e3o destinadas a estudantes regularmente matriculados no IF Baiano e visam ampliar as condi\u00e7\u00f5es de perman\u00eancia e \u00eaxito na institui\u00e7\u00e3o. PROPAC \u2013 Incentivo \u00e0 participa\u00e7\u00e3o estudantil O PROPAC apoia estudantes que desejam atuar em espa\u00e7os de representa\u00e7\u00e3o estudantil, como gr\u00eamios, centros [&hellip;]<\/p>\n","protected":false},"author":86,"featured_media":27080,"comment_status":"closed","ping_status":"closed","sticky":false,"template":"","format":"standard","meta":[],"categories":[4,38,5,8,57],"tags":[],"_links":{"self":[{"href":"https:\/\/www.ifbaiano.edu.br\/unidades\/santaines\/wp-json\/wp\/v2\/posts\/26992"}],"collection":[{"href":"https:\/\/www.ifbaiano.edu.br\/unidades\/santaines\/wp-json\/wp\/v2\/posts"}],"about":[{"href":"https:\/\/www.ifbaiano.edu.br\/unidades\/santaines\/wp-json\/wp\/v2\/types\/post"}],"author":[{"embeddable":true,"href":"https:\/\/www.ifbaiano.edu.br\/unidades\/santaines\/wp-json\/wp\/v2\/users\/86"}],"replies":[{"embeddable":true,"href":"https:\/\/www.ifbaiano.edu.br\/unidades\/santaines\/wp-json\/wp\/v2\/comments?post=26992"}],"version-history":[{"count":3,"href":"https:\/\/www.ifbaiano.edu.br\/unidades\/santaines\/wp-json\/wp\/v2\/posts\/26992\/revisions"}],"predecessor-version":[{"id":27081,"href":"https:\/\/www.ifbaiano.edu.br\/unidades\/santaines\/wp-json\/wp\/v2\/posts\/26992\/revisions\/27081"}],"wp:featuredmedia":[{"embeddable":true,"href":"https:\/\/www.ifbaiano.edu.br\/unidades\/santaines\/wp-json\/wp\/v2\/media\/27080"}],"wp:attachment":[{"href":"https:\/\/www.ifbaiano.edu.br\/unidades\/santaines\/wp-json\/wp\/v2\/media?parent=26992"}],"wp:term":[{"taxonomy":"category","embeddable":true,"href":"https:\/\/www.ifbaiano.edu.br\/unidades\/santaines\/wp-json\/wp\/v2\/categories?post=26992"},{"taxonomy":"post_tag","embeddable":true,"href":"https:\/\/www.ifbaiano.edu.br\/unidades\/santaines\/wp-json\/wp\/v2\/tags?post=26992"}],"curies":[{"name":"wp","href":"https:\/\/api.w.org\/{rel}","templated":true}]}}