{"id":27009,"date":"2026-03-03T08:05:53","date_gmt":"2026-03-03T11:05:53","guid":{"rendered":"https:\/\/www.ifbaiano.edu.br\/unidades\/santaines\/?p=27009"},"modified":"2026-03-03T08:05:54","modified_gmt":"2026-03-03T11:05:54","slug":"if-baiano-selecionara-propostas-de-cursos-para-formacao-de-professores-e-gestores-da-rede-publica-de-educacao","status":"publish","type":"post","link":"https:\/\/www.ifbaiano.edu.br\/unidades\/santaines\/if-baiano-selecionara-propostas-de-cursos-para-formacao-de-professores-e-gestores-da-rede-publica-de-educacao\/","title":{"rendered":"IF Baiano selecionar\u00e1 propostas de cursos para forma\u00e7\u00e3o de professores e gestores da Rede P\u00fablica de Educa\u00e7\u00e3o"},"content":{"rendered":"\n<p>O Minist\u00e9rio da Educa\u00e7\u00e3o acaba de lan\u00e7ar chamada para proposta de cursos de forma\u00e7\u00e3o de professores e\/ou gestores da Rede P\u00fablica de Educa\u00e7\u00e3o, a serem ofertados no ano de 2026. Os(as) servidores(as) do Instituto Federal Baiano (IF Baiano) poder\u00e3o enviar propostas at\u00e9 o dia<strong>&nbsp;5 de mar\u00e7o<\/strong>&nbsp;para o e-mail da&nbsp;<strong>Coordena\u00e7\u00e3o de Pol\u00edticas de A\u00e7\u00f5es Afirmativas, Equidade e Diversidade (PAAED)<\/strong>&nbsp;por meio do e-mail&nbsp;<strong><a href=\"mailto:paaed@reitoria.ifbaiano.edu.br\">paaed@reitoria.ifbaiano.edu.br<\/a><\/strong>.<\/p>\n\n\n\n<p>A chamada integra a Rede Nacional de Forma\u00e7\u00e3o Continuada de Profissionais do Magist\u00e9rio da Educa\u00e7\u00e3o B\u00e1sica (RENAFOR) e est\u00e1 vinculada \u00e0 Secretaria de Educa\u00e7\u00e3o Continuada, Alfabetiza\u00e7\u00e3o de Jovens e Adultos, Diversidade e Inclus\u00e3o (SECADI), do Minist\u00e9rio da Educa\u00e7\u00e3o. A proposta do programa \u00e9 mobilizar institui\u00e7\u00f5es federais de educa\u00e7\u00e3o para desenvolver a\u00e7\u00f5es formativas capazes de fortalecer estrat\u00e9gias pedag\u00f3gicas de preven\u00e7\u00e3o das viol\u00eancias, promover a conviv\u00eancia democr\u00e1tica nas escolas e ampliar o uso das Pr\u00e1ticas Restaurativas no cotidiano educacional.<\/p>\n\n\n\n<p>As propostas poder\u00e3o contemplar cursos nas \u00e1reas de&nbsp;<strong>Educa\u00e7\u00e3o para as Rela\u00e7\u00f5es \u00c9tnico-Raciais, Educa\u00e7\u00e3o Escolar Quilombola, Acompanhamento e Combate \u00e0 Viol\u00eancia nas Escolas, Educa\u00e7\u00e3o Bil\u00edngue de Surdos, Educa\u00e7\u00e3o do Campo, Educa\u00e7\u00e3o Especial na Perspectiva Inclusiva, Pol\u00edticas Educacionais em Direitos Humanos, Pol\u00edticas Educacionais para as Juventudes e Educa\u00e7\u00e3o Ambiental<\/strong>. As forma\u00e7\u00f5es poder\u00e3o ser ofertadas nas modalidades presencial, semipresencial, a dist\u00e2ncia ou online s\u00edncrona, ampliando o acesso de profissionais da educa\u00e7\u00e3o b\u00e1sica em diferentes regi\u00f5es do pa\u00eds.<\/p>\n\n\n\n<p>As propostas dever\u00e3o prever apoio t\u00e9cnico especializado \u00e0s a\u00e7\u00f5es formativas, incluindo a coordena\u00e7\u00e3o t\u00e9cnica das atividades, o acompanhamento metodol\u00f3gico das forma\u00e7\u00f5es, a organiza\u00e7\u00e3o administrativa, o suporte tecnol\u00f3gico necess\u00e1rio e o desenvolvimento de materiais formativos e informacionais que contribuam para a implementa\u00e7\u00e3o das a\u00e7\u00f5es previstas pelo programa.<\/p>\n\n\n\n<p>O respons\u00e1vel pela proposta dever\u00e1 comprovar experi\u00eancia na \u00e1rea tem\u00e1tica escolhida, evidenciada por atua\u00e7\u00e3o em ensino, pesquisa, extens\u00e3o e\/ou publica\u00e7\u00f5es acad\u00eamicas registradas no Curr\u00edculo Lattes. As propostas apresentadas dever\u00e3o especificar de forma clara a carga hor\u00e1ria do curso, a modalidade de oferta, o p\u00fablico-alvo e os crit\u00e9rios de certifica\u00e7\u00e3o, em conformidade com a legisla\u00e7\u00e3o educacional vigente e com as normas institucionais da institui\u00e7\u00e3o proponente.<\/p>\n\n\n\n<p>Ao participar da chamada, docentes e t\u00e9cnicos do IF Baiano t\u00eam a possibilidade de contribuir diretamente para o fortalecimento de pol\u00edticas p\u00fablicas educacionais voltadas \u00e0 constru\u00e7\u00e3o de ambientes escolares mais seguros, inclusivos e comprometidos com a cultura de paz.<\/p>\n\n\n\n<p>Confira mais detalhes sobre a estrutura das propostas no\u00a0<a href=\"https:\/\/ifbaiano.edu.br\/portal\/wp-content\/uploads\/2026\/02\/SEI_6584507_Oficio_320-1.pdf\">Of\u00edcio enviado pelo MEC<\/a>, contendo as cartas-convite para cada \u00e1rea de oferta!<\/p>\n\n\n\n<hr class=\"wp-block-separator has-alpha-channel-opacity\" \/>\n","protected":false},"excerpt":{"rendered":"<p>O Minist\u00e9rio da Educa\u00e7\u00e3o acaba de lan\u00e7ar chamada para proposta de cursos de forma\u00e7\u00e3o de professores e\/ou gestores da Rede P\u00fablica de Educa\u00e7\u00e3o, a serem ofertados no ano de 2026. Os(as) servidores(as) do Instituto Federal Baiano (IF Baiano) poder\u00e3o enviar propostas at\u00e9 o dia&nbsp;5 de mar\u00e7o&nbsp;para o e-mail da&nbsp;Coordena\u00e7\u00e3o de Pol\u00edticas de A\u00e7\u00f5es Afirmativas, Equidade [&hellip;]<\/p>\n","protected":false},"author":86,"featured_media":27010,"comment_status":"closed","ping_status":"closed","sticky":false,"template":"","format":"standard","meta":[],"categories":[4,5,57],"tags":[],"_links":{"self":[{"href":"https:\/\/www.ifbaiano.edu.br\/unidades\/santaines\/wp-json\/wp\/v2\/posts\/27009"}],"collection":[{"href":"https:\/\/www.ifbaiano.edu.br\/unidades\/santaines\/wp-json\/wp\/v2\/posts"}],"about":[{"href":"https:\/\/www.ifbaiano.edu.br\/unidades\/santaines\/wp-json\/wp\/v2\/types\/post"}],"author":[{"embeddable":true,"href":"https:\/\/www.ifbaiano.edu.br\/unidades\/santaines\/wp-json\/wp\/v2\/users\/86"}],"replies":[{"embeddable":true,"href":"https:\/\/www.ifbaiano.edu.br\/unidades\/santaines\/wp-json\/wp\/v2\/comments?post=27009"}],"version-history":[{"count":1,"href":"https:\/\/www.ifbaiano.edu.br\/unidades\/santaines\/wp-json\/wp\/v2\/posts\/27009\/revisions"}],"predecessor-version":[{"id":27012,"href":"https:\/\/www.ifbaiano.edu.br\/unidades\/santaines\/wp-json\/wp\/v2\/posts\/27009\/revisions\/27012"}],"wp:featuredmedia":[{"embeddable":true,"href":"https:\/\/www.ifbaiano.edu.br\/unidades\/santaines\/wp-json\/wp\/v2\/media\/27010"}],"wp:attachment":[{"href":"https:\/\/www.ifbaiano.edu.br\/unidades\/santaines\/wp-json\/wp\/v2\/media?parent=27009"}],"wp:term":[{"taxonomy":"category","embeddable":true,"href":"https:\/\/www.ifbaiano.edu.br\/unidades\/santaines\/wp-json\/wp\/v2\/categories?post=27009"},{"taxonomy":"post_tag","embeddable":true,"href":"https:\/\/www.ifbaiano.edu.br\/unidades\/santaines\/wp-json\/wp\/v2\/tags?post=27009"}],"curies":[{"name":"wp","href":"https:\/\/api.w.org\/{rel}","templated":true}]}}