{"id":27073,"date":"2026-03-04T11:42:31","date_gmt":"2026-03-04T14:42:31","guid":{"rendered":"https:\/\/www.ifbaiano.edu.br\/unidades\/santaines\/?p=27073"},"modified":"2026-03-04T11:42:31","modified_gmt":"2026-03-04T14:42:31","slug":"if-baiano-campus-santa-ines-promove-autoavaliacao-dos-cursos-de-graduacao","status":"publish","type":"post","link":"https:\/\/www.ifbaiano.edu.br\/unidades\/santaines\/if-baiano-campus-santa-ines-promove-autoavaliacao-dos-cursos-de-graduacao\/","title":{"rendered":"IF Baiano \u2013 Campus Santa In\u00eas promove Autoavalia\u00e7\u00e3o dos Cursos de Gradua\u00e7\u00e3o"},"content":{"rendered":"\n<p>O Instituto Federal de Educa\u00e7\u00e3o, Ci\u00eancia e Tecnologia Baiano \u2013 Campus Santa In\u00eas est\u00e1 realizando a <strong>Autoavalia\u00e7\u00e3o dos Cursos de Gradua\u00e7\u00e3o<\/strong> de <strong>Ci\u00eancias Biol\u00f3gicas, Geografia e Zootecnia<\/strong>, refor\u00e7ando o compromisso institucional com a qualidade do ensino e a melhoria cont\u00ednua das a\u00e7\u00f5es acad\u00eamicas.<\/p>\n\n\n\n<p>A iniciativa convida <strong>Estudantes, T\u00e9cnicos Administrativos em Educa\u00e7\u00e3o (TAEs) e Docentes<\/strong> a participarem do processo avaliativo, contribuindo com suas percep\u00e7\u00f5es sobre o funcionamento dos cursos, pr\u00e1ticas pedag\u00f3gicas, infraestrutura e demais aspectos da vida acad\u00eamica.<\/p>\n\n\n\n<p>A participa\u00e7\u00e3o \u00e9 fundamental para o aprimoramento das atividades desenvolvidas no campus, pois possibilita que as coordena\u00e7\u00f5es e os N\u00facleos Docentes Estruturantes (NDEs) utilizem as informa\u00e7\u00f5es coletadas como subs\u00eddio para o planejamento e a tomada de decis\u00f5es.<\/p>\n\n\n\n<p>A avalia\u00e7\u00e3o \u00e9 realizada de forma <strong>online<\/strong> e estar\u00e1 dispon\u00edvel at\u00e9 <strong>06 de mar\u00e7o de 2026<\/strong>. O acesso pode ser feito por meio dos QR Codes disponibilizados nos materiais de divulga\u00e7\u00e3o, com formul\u00e1rios espec\u00edficos para discentes e para TAEs\/docentes.<\/p>\n\n\n\n<p>A a\u00e7\u00e3o \u00e9 conduzida pelos <strong>NDEs e Coordena\u00e7\u00f5es dos Cursos<\/strong>, em conformidade com a <strong><a href=\"https:\/\/ifbaiano.edu.br\/portal\/ensino\/wp-content\/uploads\/sites\/2\/2025\/04\/Instrucao-Normativa-3-2025-.pdf\">Instru\u00e7\u00e3o Normativa n\u00ba 3\/2025 \u2013 IF Baiano<\/a><\/strong>, fortalecendo a cultura de avalia\u00e7\u00e3o institucional e a constru\u00e7\u00e3o coletiva de uma educa\u00e7\u00e3o p\u00fablica cada vez mais qualificada.<\/p>\n\n\n\n<p>O Campus Santa In\u00eas refor\u00e7a o convite: participe e contribua para a melhoria cont\u00ednua dos cursos de gradua\u00e7\u00e3o.<\/p>\n\n\n\n<figure class=\"wp-block-image size-large is-resized\"><a href=\"https:\/\/www.ifbaiano.edu.br\/unidades\/santaines\/files\/2026\/03\/5142-card-autoavaliacao-graduacao-santa-ines-marco-2026.webp\"><img decoding=\"async\" loading=\"lazy\" src=\"https:\/\/www.ifbaiano.edu.br\/unidades\/santaines\/files\/2026\/03\/5142-card-autoavaliacao-graduacao-santa-ines-marco-2026-819x1024.webp\" alt=\"\" class=\"wp-image-27074\" width=\"466\" height=\"583\" srcset=\"https:\/\/www.ifbaiano.edu.br\/unidades\/santaines\/files\/2026\/03\/5142-card-autoavaliacao-graduacao-santa-ines-marco-2026-819x1024.webp 819w, https:\/\/www.ifbaiano.edu.br\/unidades\/santaines\/files\/2026\/03\/5142-card-autoavaliacao-graduacao-santa-ines-marco-2026-240x300.webp 240w, https:\/\/www.ifbaiano.edu.br\/unidades\/santaines\/files\/2026\/03\/5142-card-autoavaliacao-graduacao-santa-ines-marco-2026-768x960.webp 768w, https:\/\/www.ifbaiano.edu.br\/unidades\/santaines\/files\/2026\/03\/5142-card-autoavaliacao-graduacao-santa-ines-marco-2026-100x125.webp 100w, https:\/\/www.ifbaiano.edu.br\/unidades\/santaines\/files\/2026\/03\/5142-card-autoavaliacao-graduacao-santa-ines-marco-2026.webp 864w\" sizes=\"(max-width: 466px) 100vw, 466px\" \/><\/a><\/figure>\n\n\n\n<hr class=\"wp-block-separator has-alpha-channel-opacity\" \/>\n","protected":false},"excerpt":{"rendered":"<p>O Instituto Federal de Educa\u00e7\u00e3o, Ci\u00eancia e Tecnologia Baiano \u2013 Campus Santa In\u00eas est\u00e1 realizando a Autoavalia\u00e7\u00e3o dos Cursos de Gradua\u00e7\u00e3o de Ci\u00eancias Biol\u00f3gicas, Geografia e Zootecnia, refor\u00e7ando o compromisso institucional com a qualidade do ensino e a melhoria cont\u00ednua das a\u00e7\u00f5es acad\u00eamicas. A iniciativa convida Estudantes, T\u00e9cnicos Administrativos em Educa\u00e7\u00e3o (TAEs) e Docentes a [&hellip;]<\/p>\n","protected":false},"author":86,"featured_media":27074,"comment_status":"closed","ping_status":"closed","sticky":false,"template":"","format":"standard","meta":[],"categories":[4,12,5,57],"tags":[],"_links":{"self":[{"href":"https:\/\/www.ifbaiano.edu.br\/unidades\/santaines\/wp-json\/wp\/v2\/posts\/27073"}],"collection":[{"href":"https:\/\/www.ifbaiano.edu.br\/unidades\/santaines\/wp-json\/wp\/v2\/posts"}],"about":[{"href":"https:\/\/www.ifbaiano.edu.br\/unidades\/santaines\/wp-json\/wp\/v2\/types\/post"}],"author":[{"embeddable":true,"href":"https:\/\/www.ifbaiano.edu.br\/unidades\/santaines\/wp-json\/wp\/v2\/users\/86"}],"replies":[{"embeddable":true,"href":"https:\/\/www.ifbaiano.edu.br\/unidades\/santaines\/wp-json\/wp\/v2\/comments?post=27073"}],"version-history":[{"count":5,"href":"https:\/\/www.ifbaiano.edu.br\/unidades\/santaines\/wp-json\/wp\/v2\/posts\/27073\/revisions"}],"predecessor-version":[{"id":27079,"href":"https:\/\/www.ifbaiano.edu.br\/unidades\/santaines\/wp-json\/wp\/v2\/posts\/27073\/revisions\/27079"}],"wp:featuredmedia":[{"embeddable":true,"href":"https:\/\/www.ifbaiano.edu.br\/unidades\/santaines\/wp-json\/wp\/v2\/media\/27074"}],"wp:attachment":[{"href":"https:\/\/www.ifbaiano.edu.br\/unidades\/santaines\/wp-json\/wp\/v2\/media?parent=27073"}],"wp:term":[{"taxonomy":"category","embeddable":true,"href":"https:\/\/www.ifbaiano.edu.br\/unidades\/santaines\/wp-json\/wp\/v2\/categories?post=27073"},{"taxonomy":"post_tag","embeddable":true,"href":"https:\/\/www.ifbaiano.edu.br\/unidades\/santaines\/wp-json\/wp\/v2\/tags?post=27073"}],"curies":[{"name":"wp","href":"https:\/\/api.w.org\/{rel}","templated":true}]}}