{"id":27082,"date":"2026-03-04T16:14:46","date_gmt":"2026-03-04T19:14:46","guid":{"rendered":"https:\/\/www.ifbaiano.edu.br\/unidades\/santaines\/?p=27082"},"modified":"2026-03-04T16:25:38","modified_gmt":"2026-03-04T19:25:38","slug":"instituto-federal-de-educacao-ciencia-e-tecnologia-baiano-campus-santa-ines-abre-selecao-para-vagas-remanescentes-em-cursos-tecnicos-ead","status":"publish","type":"post","link":"https:\/\/www.ifbaiano.edu.br\/unidades\/santaines\/instituto-federal-de-educacao-ciencia-e-tecnologia-baiano-campus-santa-ines-abre-selecao-para-vagas-remanescentes-em-cursos-tecnicos-ead\/","title":{"rendered":"IF Baiano \u2013 Campus Santa In\u00eas abre sele\u00e7\u00e3o para vagas remanescentes em cursos t\u00e9cnicos EaD"},"content":{"rendered":"\n<p>O Instituto Federal de Educa\u00e7\u00e3o, Ci\u00eancia e Tecnologia Baiano (IF Baiano) \u2013 Campus Santa In\u00eas publicou o <strong><a href=\"https:\/\/ingresso.ifbaiano.edu.br\/wp-content\/uploads\/2025\/10\/Edital-Vagas-Remanescentes-Ead.pdf\">Edital n\u00ba 08\/2026<\/a><\/strong>, que regulamenta o processo seletivo para preenchimento de <strong>vagas remanescentes<\/strong> nos cursos da Educa\u00e7\u00e3o Profissional T\u00e9cnica de N\u00edvel M\u00e9dio, na forma <strong>subsequente ao Ensino M\u00e9dio<\/strong>, modalidade <strong>Educa\u00e7\u00e3o a Dist\u00e2ncia (EaD)<\/strong>, para o ano letivo de 2026.<\/p>\n\n\n\n<p>As oportunidades s\u00e3o destinadas a candidatos(as) que <strong>j\u00e1 conclu\u00edram o Ensino M\u00e9dio<\/strong> e desejam obter forma\u00e7\u00e3o t\u00e9cnica gratuita e de qualidade.<\/p>\n\n\n\n<h3 class=\"wp-block-heading\">Per\u00edodo de inscri\u00e7\u00e3o e matr\u00edcula<\/h3>\n\n\n\n<p>A manifesta\u00e7\u00e3o de interesse e entrega da documenta\u00e7\u00e3o ocorrer\u00e1:<\/p>\n\n\n\n<p>\ud83d\udccd <strong>Local:<\/strong> Secretaria de Registros Acad\u00eamicos do IF Baiano \u2013 Campus Santa In\u00eas (BR-420, Zona Rural, Santa In\u00eas-BA)<br>\ud83d\udcc6 <strong>Per\u00edodo:<\/strong> de 02 a 06 de mar\u00e7o de 2026 (dias \u00fateis)<br>\u23f0 <strong>Hor\u00e1rio:<\/strong> das 8h \u00e0s 16h<\/p>\n\n\n\n<h3 class=\"wp-block-heading\">Cursos e vagas ofertadas<\/h3>\n\n\n\n<p>As vagas est\u00e3o distribu\u00eddas entre os polos de Santa In\u00eas e Marac\u00e1s:<\/p>\n\n\n\n<ul>\n<li><strong>T\u00e9cnico em Secretaria Escolar \u2013 Polo Marac\u00e1s (Diurno): 19 vagas<\/strong><\/li>\n\n\n\n<li><strong>T\u00e9cnico em Secretaria Escolar \u2013 Polo Santa In\u00eas (Diurno): 40 vagas<\/strong><\/li>\n\n\n\n<li><strong>T\u00e9cnico em Multimeios Did\u00e1ticos \u2013 Polo Santa In\u00eas (Diurno): 38 vagas<\/strong><\/li>\n\n\n\n<li><strong>T\u00e9cnico em Vendas \u2013 Polo Santa In\u00eas (Noturno): 36 vagas<\/strong><\/li>\n<\/ul>\n\n\n\n<p>Os cursos t\u00eam dura\u00e7\u00e3o m\u00ednima de dois a tr\u00eas semestres, conforme a forma\u00e7\u00e3o escolhida.<\/p>\n\n\n\n<h3 class=\"wp-block-heading\">Como ser\u00e1 a sele\u00e7\u00e3o<\/h3>\n\n\n\n<p>A sele\u00e7\u00e3o ser\u00e1 realizada por meio de <strong>manifesta\u00e7\u00e3o presencial de interesse<\/strong>, com entrega da documenta\u00e7\u00e3o exigida para matr\u00edcula.<\/p>\n\n\n\n<p>A classifica\u00e7\u00e3o obedecer\u00e1 \u00e0 <strong>ordem de chegada dos candidatos<\/strong>, mediante apresenta\u00e7\u00e3o completa dos documentos. Caso o n\u00famero de interessados seja superior ao de vagas dispon\u00edveis, ser\u00e1 formada lista de espera.<\/p>\n\n\n\n<p>Em caso de empate, ter\u00e1 prioridade o(a) candidato(a) de <strong>maior idade<\/strong>.<\/p>\n\n\n\n<h3 class=\"wp-block-heading\">Documenta\u00e7\u00e3o necess\u00e1ria<\/h3>\n\n\n\n<p>Para efetivar a inscri\u00e7\u00e3o\/matr\u00edcula, o(a) candidato(a) dever\u00e1 apresentar:<\/p>\n\n\n\n<ul>\n<li>Ficha de matr\u00edcula preenchida;<\/li>\n\n\n\n<li>Documento oficial com foto;<\/li>\n\n\n\n<li>CPF;<\/li>\n\n\n\n<li>Hist\u00f3rico Escolar ou Certificado de Conclus\u00e3o do Ensino M\u00e9dio;<\/li>\n\n\n\n<li>Comprovante de resid\u00eancia;<\/li>\n\n\n\n<li>Certid\u00e3o de nascimento ou casamento;<\/li>\n\n\n\n<li>Certificado de quita\u00e7\u00e3o militar (para candidatos do sexo masculino a partir de 18 anos);<\/li>\n\n\n\n<li>Quita\u00e7\u00e3o eleitoral (para maiores de 18 anos);<\/li>\n\n\n\n<li>RG e CPF do respons\u00e1vel (quando menor de 18 anos);<\/li>\n\n\n\n<li>Duas fotos 3&#215;4.<\/li>\n<\/ul>\n\n\n\n<p>A aus\u00eancia da documenta\u00e7\u00e3o obrigat\u00f3ria impede a efetiva\u00e7\u00e3o da matr\u00edcula.<\/p>\n\n\n\n<h3 class=\"wp-block-heading\">Resultados e recursos<\/h3>\n\n\n\n<p>O resultado preliminar ser\u00e1 divulgado at\u00e9 o dia 10 de mar\u00e7o de 2026, no <a href=\"https:\/\/ingresso.ifbaiano.edu.br\/concursos\/subsequente-ead-santa-ines-2026\/\">portal de ingresso do IF Baiano<\/a>. O resultado final est\u00e1 previsto para 12 de mar\u00e7o de 2026.<\/p>\n\n\n\n<p>Eventuais recursos poder\u00e3o ser interpostos conforme orienta\u00e7\u00f5es e prazos estabelecidos no edital.<\/p>\n\n\n\n<h3 class=\"wp-block-heading\">Mais informa\u00e7\u00f5es<\/h3>\n\n\n\n<p>\u00c9 de responsabilidade do(a) candidato(a) acompanhar todas as publica\u00e7\u00f5es referentes ao processo seletivo na <a href=\"https:\/\/ingresso.ifbaiano.edu.br\/concursos\/subsequente-ead-santa-ines-2026\/\">p\u00e1gina oficial de ingresso<\/a>. <\/p>\n\n\n\n<p>D\u00favidas podem ser encaminhadas para o e-mail: <a>proselsi.ifbaiano@gmail.com<\/a><\/p>\n\n\n\n<hr class=\"wp-block-separator has-alpha-channel-opacity\" \/>\n","protected":false},"excerpt":{"rendered":"<p>O Instituto Federal de Educa\u00e7\u00e3o, Ci\u00eancia e Tecnologia Baiano (IF Baiano) \u2013 Campus Santa In\u00eas publicou o Edital n\u00ba 08\/2026, que regulamenta o processo seletivo para preenchimento de vagas remanescentes nos cursos da Educa\u00e7\u00e3o Profissional T\u00e9cnica de N\u00edvel M\u00e9dio, na forma subsequente ao Ensino M\u00e9dio, modalidade Educa\u00e7\u00e3o a Dist\u00e2ncia (EaD), para o ano letivo de [&hellip;]<\/p>\n","protected":false},"author":86,"featured_media":26055,"comment_status":"closed","ping_status":"closed","sticky":false,"template":"","format":"standard","meta":[],"categories":[4,13,5,8,57],"tags":[],"_links":{"self":[{"href":"https:\/\/www.ifbaiano.edu.br\/unidades\/santaines\/wp-json\/wp\/v2\/posts\/27082"}],"collection":[{"href":"https:\/\/www.ifbaiano.edu.br\/unidades\/santaines\/wp-json\/wp\/v2\/posts"}],"about":[{"href":"https:\/\/www.ifbaiano.edu.br\/unidades\/santaines\/wp-json\/wp\/v2\/types\/post"}],"author":[{"embeddable":true,"href":"https:\/\/www.ifbaiano.edu.br\/unidades\/santaines\/wp-json\/wp\/v2\/users\/86"}],"replies":[{"embeddable":true,"href":"https:\/\/www.ifbaiano.edu.br\/unidades\/santaines\/wp-json\/wp\/v2\/comments?post=27082"}],"version-history":[{"count":2,"href":"https:\/\/www.ifbaiano.edu.br\/unidades\/santaines\/wp-json\/wp\/v2\/posts\/27082\/revisions"}],"predecessor-version":[{"id":27084,"href":"https:\/\/www.ifbaiano.edu.br\/unidades\/santaines\/wp-json\/wp\/v2\/posts\/27082\/revisions\/27084"}],"wp:featuredmedia":[{"embeddable":true,"href":"https:\/\/www.ifbaiano.edu.br\/unidades\/santaines\/wp-json\/wp\/v2\/media\/26055"}],"wp:attachment":[{"href":"https:\/\/www.ifbaiano.edu.br\/unidades\/santaines\/wp-json\/wp\/v2\/media?parent=27082"}],"wp:term":[{"taxonomy":"category","embeddable":true,"href":"https:\/\/www.ifbaiano.edu.br\/unidades\/santaines\/wp-json\/wp\/v2\/categories?post=27082"},{"taxonomy":"post_tag","embeddable":true,"href":"https:\/\/www.ifbaiano.edu.br\/unidades\/santaines\/wp-json\/wp\/v2\/tags?post=27082"}],"curies":[{"name":"wp","href":"https:\/\/api.w.org\/{rel}","templated":true}]}}