{"id":27085,"date":"2026-03-16T21:04:13","date_gmt":"2026-03-17T00:04:13","guid":{"rendered":"https:\/\/www.ifbaiano.edu.br\/unidades\/santaines\/?p=27085"},"modified":"2026-03-17T16:27:16","modified_gmt":"2026-03-17T19:27:16","slug":"campus-santa-ines-abre-inscricoes-para-o-paise-e-convoca-estudantes-dos-cursos-tecnicos-e-das-graduacoes","status":"publish","type":"post","link":"https:\/\/www.ifbaiano.edu.br\/unidades\/santaines\/campus-santa-ines-abre-inscricoes-para-o-paise-e-convoca-estudantes-dos-cursos-tecnicos-e-das-graduacoes\/","title":{"rendered":"Campus Santa In\u00eas abre inscri\u00e7\u00f5es para o PAISE e convoca estudantes dos Cursos T\u00e9cnicos e das Gradua\u00e7\u00f5es"},"content":{"rendered":"\n<p>O Instituto Federal Baiano \u2013 Campus Santa In\u00eas havia publicado o <a href=\"https:\/\/concurso.ifbaiano.edu.br\/portal\/paise-santa-ines-marco-2026\/wp-content\/uploads\/sites\/1311\/2026\/03\/PROGRAMA-DE-ASSISTENCIA-E-INCLUSAO-SOCIAL-DO-ESTUDANTE-PAISE_2026.pdf\">edital<\/a> e, hoje, publicou o <a rel=\"noreferrer noopener\" href=\"https:\/\/concurso.ifbaiano.edu.br\/portal\/paise-santa-ines-marco-2026\/wp-content\/uploads\/sites\/1311\/2026\/03\/Edital-de-Retificacao-no-15-PAISE.pdf\" target=\"_blank\">Edital de Retifica\u00e7\u00e3o n\u00ba 15<\/a> do <strong>Programa de Assist\u00eancia e Inclus\u00e3o Social do Estudante (PAISE) 2026<\/strong>, iniciativa que oferece aux\u00edlios para apoiar estudantes em situa\u00e7\u00e3o de vulnerabilidade socioecon\u00f4mica e contribuir para sua perman\u00eancia e sucesso nos estudos.<\/p>\n\n\n\n<p>As <strong>inscri\u00e7\u00f5es estar\u00e3o abertas de 10 de mar\u00e7o a 17 de abril de 2026<\/strong>, e \u00e9 muito importante que os estudantes fiquem atentos ao prazo para n\u00e3o perderem a oportunidade de participar.<\/p>\n\n\n\n<h2 class=\"wp-block-heading\"><strong>Quem deve se inscrever?<\/strong><\/h2>\n\n\n\n<p>Devem realizar inscri\u00e7\u00e3o:<\/p>\n\n\n\n<p><strong>Todos os estudantes dos Cursos T\u00e9cnicos Integrados<\/strong>, inclusive dos <strong>cursos na modalidade EaD<\/strong> e <strong>todos os estudantes da Gradua\u00e7\u00e3o<\/strong>, tanto <strong>ingressantes quanto veteranos<\/strong>.<\/p>\n\n\n\n<p>Mesmo quem j\u00e1 recebeu aux\u00edlio anteriormente deve ficar atento \u00e0s orienta\u00e7\u00f5es do edital e realizar a inscri\u00e7\u00e3o quando necess\u00e1rio.<\/p>\n\n\n\n<h2 class=\"wp-block-heading\"><strong>O que \u00e9 o PAISE?<\/strong><\/h2>\n\n\n\n<p>O PAISE faz parte da pol\u00edtica de assist\u00eancia estudantil do IF Baiano e tem como objetivo <strong>reduzir dificuldades financeiras que possam interferir na perman\u00eancia do estudante na institui\u00e7\u00e3o<\/strong>, oferecendo diferentes tipos de apoio, conforme a an\u00e1lise socioecon\u00f4mica realizada pela equipe respons\u00e1vel.<\/p>\n\n\n\n<h2 class=\"wp-block-heading\"><strong>Como fazer a inscri\u00e7\u00e3o?<\/strong><\/h2>\n\n\n\n<p>O processo de inscri\u00e7\u00e3o \u00e9 simples, mas exige aten\u00e7\u00e3o aos documentos solicitados. Veja o passo a passo:<\/p>\n\n\n\n<h3 class=\"wp-block-heading\"><strong>1\u00ba passo \u2013 Preencher o formul\u00e1rio de inscri\u00e7\u00e3o e o termo de compromisso<\/strong><\/h3>\n\n\n\n<p>Baixe os <strong>Anexos III e VI \u2013 Formul\u00e1rio pr\u00f3prio de <a href=\"https:\/\/www.ifbaiano.edu.br\/unidades\/santaines\/files\/2026\/03\/FORMULARIO-DE-INSCRICAO-PAISE-2026.pdf\">requerimento de inscri\u00e7\u00e3o<\/a><\/strong>, e <strong><a href=\"https:\/\/www.ifbaiano.edu.br\/unidades\/santaines\/files\/2026\/03\/TERMO-DE-COMPROMISSO-PAISE.pdf\">Termo de Compromisso<\/a><\/strong> dispon\u00edvel no <a href=\"https:\/\/concurso.ifbaiano.edu.br\/portal\/paise-santa-ines-marco-2026\/wp-content\/uploads\/sites\/1311\/2026\/03\/PROGRAMA-DE-ASSISTENCIA-E-INCLUSAO-SOCIAL-DO-ESTUDANTE-PAISE_2026.pdf\">edital<\/a>.<br>Preencha todas as informa\u00e7\u00f5es, <strong>assine os documentos<\/strong>, digitalize e <strong>salve em formato PDF<\/strong>.<\/p>\n\n\n\n<h3 class=\"wp-block-heading\"><strong>2\u00ba passo \u2013 Reunir os documentos necess\u00e1rios<\/strong><\/h3>\n\n\n\n<p>Digitalize e salve em PDF os seguintes documentos:<\/p>\n\n\n\n<ul>\n<li>Comprovante de matr\u00edcula;<\/li>\n\n\n\n<li>Cad\u00danico;<\/li>\n\n\n\n<li>C\u00f3pia do <strong>RG e CPF do estudante<\/strong>;<\/li>\n\n\n\n<li><strong>Comprovante de conta corrente ou poupan\u00e7a em nome do estudante<\/strong> (para eventuais pagamentos, se houver);<\/li>\n\n\n\n<li><strong>Comprovante de resid\u00eancia<\/strong>.<\/li>\n<\/ul>\n\n\n\n<h3 class=\"wp-block-heading\"><strong>3\u00ba passo \u2013 Enviar a documenta\u00e7\u00e3o<\/strong><\/h3>\n\n\n\n<p>Ap\u00f3s reunir todos os arquivos em PDF, envie a documenta\u00e7\u00e3o por e-mail para <strong><a href=\"mailto:clae@si.ifbaiano.edu.br\">clae@si.ifbaiano.edu.br<\/a><\/strong><\/p>\n\n\n\n<h2 class=\"wp-block-heading\"><strong>Fique atento ao prazo<\/strong><\/h2>\n\n\n\n<p>As inscri\u00e7\u00f5es ser\u00e3o aceitas <strong>somente entre os dias 10 de mar\u00e7o e 17 de abril de 2026<\/strong>. Por isso, os estudantes devem organizar a documenta\u00e7\u00e3o com anteced\u00eancia para evitar problemas no envio.<\/p>\n\n\n\n<h2 class=\"wp-block-heading\"><strong>Em caso de d\u00favidas<\/strong><\/h2>\n\n\n\n<p>Os estudantes podem entrar em contato com a <strong>Coordena\u00e7\u00e3o Local de Assist\u00eancia Estudantil (CLAE)<\/strong> do Campus Santa In\u00eas pelo e-mail: <strong><a href=\"mailto:clae@si.ifbaiano.edu.br\">clae@si.ifbaiano.edu.br<\/a><\/strong><\/p>\n\n\n\n<p>A participa\u00e7\u00e3o no PAISE \u00e9 uma importante oportunidade para garantir melhores condi\u00e7\u00f5es de perman\u00eancia na institui\u00e7\u00e3o. Por isso, todos os estudantes que se enquadram nos crit\u00e9rios do edital devem ficar atentos ao per\u00edodo de inscri\u00e7\u00e3o e realizar o envio da documenta\u00e7\u00e3o dentro do prazo.<\/p>\n\n\n\n<hr class=\"wp-block-separator has-alpha-channel-opacity\" \/>\n","protected":false},"excerpt":{"rendered":"<p>Estudantes do Campus Santa In\u00eas devem ficar atentos: inscri\u00e7\u00f5es para o PAISE v\u00e3o de 10 de mar\u00e7o a 17 de abril<\/p>\n","protected":false},"author":86,"featured_media":27080,"comment_status":"closed","ping_status":"closed","sticky":false,"template":"","format":"standard","meta":[],"categories":[4,38,5,57],"tags":[],"_links":{"self":[{"href":"https:\/\/www.ifbaiano.edu.br\/unidades\/santaines\/wp-json\/wp\/v2\/posts\/27085"}],"collection":[{"href":"https:\/\/www.ifbaiano.edu.br\/unidades\/santaines\/wp-json\/wp\/v2\/posts"}],"about":[{"href":"https:\/\/www.ifbaiano.edu.br\/unidades\/santaines\/wp-json\/wp\/v2\/types\/post"}],"author":[{"embeddable":true,"href":"https:\/\/www.ifbaiano.edu.br\/unidades\/santaines\/wp-json\/wp\/v2\/users\/86"}],"replies":[{"embeddable":true,"href":"https:\/\/www.ifbaiano.edu.br\/unidades\/santaines\/wp-json\/wp\/v2\/comments?post=27085"}],"version-history":[{"count":6,"href":"https:\/\/www.ifbaiano.edu.br\/unidades\/santaines\/wp-json\/wp\/v2\/posts\/27085\/revisions"}],"predecessor-version":[{"id":27288,"href":"https:\/\/www.ifbaiano.edu.br\/unidades\/santaines\/wp-json\/wp\/v2\/posts\/27085\/revisions\/27288"}],"wp:featuredmedia":[{"embeddable":true,"href":"https:\/\/www.ifbaiano.edu.br\/unidades\/santaines\/wp-json\/wp\/v2\/media\/27080"}],"wp:attachment":[{"href":"https:\/\/www.ifbaiano.edu.br\/unidades\/santaines\/wp-json\/wp\/v2\/media?parent=27085"}],"wp:term":[{"taxonomy":"category","embeddable":true,"href":"https:\/\/www.ifbaiano.edu.br\/unidades\/santaines\/wp-json\/wp\/v2\/categories?post=27085"},{"taxonomy":"post_tag","embeddable":true,"href":"https:\/\/www.ifbaiano.edu.br\/unidades\/santaines\/wp-json\/wp\/v2\/tags?post=27085"}],"curies":[{"name":"wp","href":"https:\/\/api.w.org\/{rel}","templated":true}]}}