{"id":27098,"date":"2026-03-06T21:26:48","date_gmt":"2026-03-07T00:26:48","guid":{"rendered":"https:\/\/www.ifbaiano.edu.br\/unidades\/santaines\/?p=27098"},"modified":"2026-03-06T21:53:36","modified_gmt":"2026-03-07T00:53:36","slug":"semana-de-acolhimento-promove-oficina-sobre-capacitismo-para-estudantes-ingressantes-no-if-baiano-campus-santa-ines","status":"publish","type":"post","link":"https:\/\/www.ifbaiano.edu.br\/unidades\/santaines\/semana-de-acolhimento-promove-oficina-sobre-capacitismo-para-estudantes-ingressantes-no-if-baiano-campus-santa-ines\/","title":{"rendered":"Semana de acolhimento promove oficina sobre capacitismo para estudantes ingressantes no IF Baiano \u2013 Campus Santa In\u00eas"},"content":{"rendered":"\n<p>Durante a semana de acolhimento aos novos estudantes, o IF Baiano \u2013 Campus Santa In\u00eas promoveu, de segunda-feira (3) at\u00e9 esta sexta-feira (6), a oficina <strong>\u201cCapacitismo: compreender para combater\u201d<\/strong>, conduzida pela professora de Atendimento Educacional Especializado (AEE), Emanuelle Almeida. A atividade foi realizada em todas as turmas da primeira s\u00e9rie dos cursos t\u00e9cnicos integrados e integrou a programa\u00e7\u00e3o de recep\u00e7\u00e3o aos estudantes que iniciam sua trajet\u00f3ria na institui\u00e7\u00e3o em 2026.<\/p>\n\n\n\n<p>A iniciativa contemplou cerca de <strong>200 estudantes ingressantes<\/strong> dos cursos t\u00e9cnicos integrados em <strong>Agropecu\u00e1ria, Zootecnia, Alimentos e Inform\u00e1tica<\/strong>, com o objetivo de promover reflex\u00f5es sobre respeito, diversidade e conviv\u00eancia \u00e9tica no ambiente escolar.<\/p>\n\n\n\n<figure class=\"wp-block-gallery has-nested-images columns-default is-cropped wp-block-gallery-1 is-layout-flex\">\n<figure class=\"wp-block-image size-large\"><a href=\"https:\/\/www.ifbaiano.edu.br\/unidades\/santaines\/files\/2026\/03\/2701-aeee.webp\"><img decoding=\"async\" loading=\"lazy\" width=\"1024\" height=\"768\" data-id=\"27106\"  src=\"https:\/\/www.ifbaiano.edu.br\/unidades\/santaines\/files\/2026\/03\/2701-aeee-1024x768.webp\" alt=\"\" class=\"wp-image-27106\" srcset=\"https:\/\/www.ifbaiano.edu.br\/unidades\/santaines\/files\/2026\/03\/2701-aeee-1024x768.webp 1024w, https:\/\/www.ifbaiano.edu.br\/unidades\/santaines\/files\/2026\/03\/2701-aeee-300x225.webp 300w, https:\/\/www.ifbaiano.edu.br\/unidades\/santaines\/files\/2026\/03\/2701-aeee-768x576.webp 768w, https:\/\/www.ifbaiano.edu.br\/unidades\/santaines\/files\/2026\/03\/2701-aeee-100x75.webp 100w, https:\/\/www.ifbaiano.edu.br\/unidades\/santaines\/files\/2026\/03\/2701-aeee.webp 1440w\" sizes=\"(max-width: 1024px) 100vw, 1024px\" \/><\/a><\/figure>\n\n\n\n<figure class=\"wp-block-image size-large\"><a href=\"https:\/\/www.ifbaiano.edu.br\/unidades\/santaines\/files\/2026\/03\/2706-bab7bf70-9b63-4e6c-86ef-117368960c9a.webp\"><img decoding=\"async\" loading=\"lazy\" width=\"1024\" height=\"768\" data-id=\"27109\"  src=\"https:\/\/www.ifbaiano.edu.br\/unidades\/santaines\/files\/2026\/03\/2706-bab7bf70-9b63-4e6c-86ef-117368960c9a-1024x768.webp\" alt=\"\" class=\"wp-image-27109\" srcset=\"https:\/\/www.ifbaiano.edu.br\/unidades\/santaines\/files\/2026\/03\/2706-bab7bf70-9b63-4e6c-86ef-117368960c9a-1024x768.webp 1024w, https:\/\/www.ifbaiano.edu.br\/unidades\/santaines\/files\/2026\/03\/2706-bab7bf70-9b63-4e6c-86ef-117368960c9a-300x225.webp 300w, https:\/\/www.ifbaiano.edu.br\/unidades\/santaines\/files\/2026\/03\/2706-bab7bf70-9b63-4e6c-86ef-117368960c9a-768x576.webp 768w, https:\/\/www.ifbaiano.edu.br\/unidades\/santaines\/files\/2026\/03\/2706-bab7bf70-9b63-4e6c-86ef-117368960c9a-100x75.webp 100w, https:\/\/www.ifbaiano.edu.br\/unidades\/santaines\/files\/2026\/03\/2706-bab7bf70-9b63-4e6c-86ef-117368960c9a.webp 1440w\" sizes=\"(max-width: 1024px) 100vw, 1024px\" \/><\/a><\/figure>\n\n\n\n<figure class=\"wp-block-image size-large\"><a href=\"https:\/\/www.ifbaiano.edu.br\/unidades\/santaines\/files\/2026\/03\/2703-Aei.webp\"><img decoding=\"async\" loading=\"lazy\" width=\"1024\" height=\"768\" data-id=\"27107\"  src=\"https:\/\/www.ifbaiano.edu.br\/unidades\/santaines\/files\/2026\/03\/2703-Aei-1024x768.webp\" alt=\"\" class=\"wp-image-27107\" srcset=\"https:\/\/www.ifbaiano.edu.br\/unidades\/santaines\/files\/2026\/03\/2703-Aei-1024x768.webp 1024w, https:\/\/www.ifbaiano.edu.br\/unidades\/santaines\/files\/2026\/03\/2703-Aei-300x225.webp 300w, https:\/\/www.ifbaiano.edu.br\/unidades\/santaines\/files\/2026\/03\/2703-Aei-768x576.webp 768w, https:\/\/www.ifbaiano.edu.br\/unidades\/santaines\/files\/2026\/03\/2703-Aei-100x75.webp 100w, https:\/\/www.ifbaiano.edu.br\/unidades\/santaines\/files\/2026\/03\/2703-Aei.webp 1440w\" sizes=\"(max-width: 1024px) 100vw, 1024px\" \/><\/a><\/figure>\n<\/figure>\n\n\n\n<p>O ingresso no IF Baiano representa o in\u00edcio de uma etapa importante na forma\u00e7\u00e3o acad\u00eamica e cidad\u00e3 dos estudantes. Nesse contexto, a oficina buscou sensibilizar os participantes sobre as barreiras e preconceitos enfrentados por pessoas com defici\u00eancia, contribuindo para a constru\u00e7\u00e3o de uma comunidade escolar mais consciente, acolhedora e inclusiva.<\/p>\n\n\n\n<p>Ao abordar o tema logo no in\u00edcio da trajet\u00f3ria estudantil, a atividade refor\u00e7a valores fundamentais da educa\u00e7\u00e3o p\u00fablica, como equidade, respeito \u00e0s diferen\u00e7as e garantia de direitos. Dessa forma, a a\u00e7\u00e3o reafirma o compromisso do IF Baiano com uma forma\u00e7\u00e3o que vai al\u00e9m do conhecimento t\u00e9cnico, promovendo tamb\u00e9m responsabilidade social e cultura inclusiva.<\/p>\n\n\n\n<p>De acordo com a professora Emanuelle Almeida, a experi\u00eancia de dialogar com os estudantes ingressantes foi especialmente significativa.<\/p>\n\n\n\n<blockquote class=\"wp-block-quote\">\n<p>\u201cPromover oficinas sobre capacitismo em todas as turmas de estudantes ingressantes foi uma experi\u00eancia bastante significativa na minha atua\u00e7\u00e3o como professora do Atendimento Educacional Especializado (AEE). Cada encontro representou uma oportunidade de di\u00e1logo, escuta e constru\u00e7\u00e3o coletiva de conhecimento sobre inclus\u00e3o, respeito \u00e0s diferen\u00e7as e conviv\u00eancia \u00e9tica no espa\u00e7o escolar\u201d, destacou.<\/p>\n<\/blockquote>\n\n\n\n<figure class=\"wp-block-gallery has-nested-images columns-default is-cropped wp-block-gallery-3 is-layout-flex\">\n<figure class=\"wp-block-image size-large\"><a href=\"https:\/\/www.ifbaiano.edu.br\/unidades\/santaines\/files\/2026\/03\/2691-0ba86e5f-b94e-49dd-bf5f-691473edacbe.webp\"><img decoding=\"async\" loading=\"lazy\" width=\"1024\" height=\"768\" data-id=\"27099\"  src=\"https:\/\/www.ifbaiano.edu.br\/unidades\/santaines\/files\/2026\/03\/2691-0ba86e5f-b94e-49dd-bf5f-691473edacbe-1024x768.webp\" alt=\"\" class=\"wp-image-27099\" srcset=\"https:\/\/www.ifbaiano.edu.br\/unidades\/santaines\/files\/2026\/03\/2691-0ba86e5f-b94e-49dd-bf5f-691473edacbe-1024x768.webp 1024w, https:\/\/www.ifbaiano.edu.br\/unidades\/santaines\/files\/2026\/03\/2691-0ba86e5f-b94e-49dd-bf5f-691473edacbe-300x225.webp 300w, https:\/\/www.ifbaiano.edu.br\/unidades\/santaines\/files\/2026\/03\/2691-0ba86e5f-b94e-49dd-bf5f-691473edacbe-768x576.webp 768w, https:\/\/www.ifbaiano.edu.br\/unidades\/santaines\/files\/2026\/03\/2691-0ba86e5f-b94e-49dd-bf5f-691473edacbe-100x75.webp 100w, https:\/\/www.ifbaiano.edu.br\/unidades\/santaines\/files\/2026\/03\/2691-0ba86e5f-b94e-49dd-bf5f-691473edacbe.webp 1440w\" sizes=\"(max-width: 1024px) 100vw, 1024px\" \/><\/a><\/figure>\n\n\n\n<figure class=\"wp-block-image size-large\"><a href=\"https:\/\/www.ifbaiano.edu.br\/unidades\/santaines\/files\/2026\/03\/2699-AEE.webp\"><img decoding=\"async\" loading=\"lazy\" width=\"1024\" height=\"768\" data-id=\"27105\"  src=\"https:\/\/www.ifbaiano.edu.br\/unidades\/santaines\/files\/2026\/03\/2699-AEE-1024x768.webp\" alt=\"\" class=\"wp-image-27105\" srcset=\"https:\/\/www.ifbaiano.edu.br\/unidades\/santaines\/files\/2026\/03\/2699-AEE-1024x768.webp 1024w, https:\/\/www.ifbaiano.edu.br\/unidades\/santaines\/files\/2026\/03\/2699-AEE-300x225.webp 300w, https:\/\/www.ifbaiano.edu.br\/unidades\/santaines\/files\/2026\/03\/2699-AEE-768x576.webp 768w, https:\/\/www.ifbaiano.edu.br\/unidades\/santaines\/files\/2026\/03\/2699-AEE-100x75.webp 100w, https:\/\/www.ifbaiano.edu.br\/unidades\/santaines\/files\/2026\/03\/2699-AEE.webp 1440w\" sizes=\"(max-width: 1024px) 100vw, 1024px\" \/><\/a><\/figure>\n\n\n\n<figure class=\"wp-block-image size-large\"><a href=\"https:\/\/www.ifbaiano.edu.br\/unidades\/santaines\/files\/2026\/03\/2695-518fb98d-e364-47a4-8677-3b21b74a88ae.webp\"><img decoding=\"async\" loading=\"lazy\" width=\"1024\" height=\"768\" data-id=\"27103\"  src=\"https:\/\/www.ifbaiano.edu.br\/unidades\/santaines\/files\/2026\/03\/2695-518fb98d-e364-47a4-8677-3b21b74a88ae-1024x768.webp\" alt=\"\" class=\"wp-image-27103\" srcset=\"https:\/\/www.ifbaiano.edu.br\/unidades\/santaines\/files\/2026\/03\/2695-518fb98d-e364-47a4-8677-3b21b74a88ae-1024x768.webp 1024w, https:\/\/www.ifbaiano.edu.br\/unidades\/santaines\/files\/2026\/03\/2695-518fb98d-e364-47a4-8677-3b21b74a88ae-300x225.webp 300w, https:\/\/www.ifbaiano.edu.br\/unidades\/santaines\/files\/2026\/03\/2695-518fb98d-e364-47a4-8677-3b21b74a88ae-768x576.webp 768w, https:\/\/www.ifbaiano.edu.br\/unidades\/santaines\/files\/2026\/03\/2695-518fb98d-e364-47a4-8677-3b21b74a88ae-100x75.webp 100w, https:\/\/www.ifbaiano.edu.br\/unidades\/santaines\/files\/2026\/03\/2695-518fb98d-e364-47a4-8677-3b21b74a88ae.webp 1440w\" sizes=\"(max-width: 1024px) 100vw, 1024px\" \/><\/a><\/figure>\n<\/figure>\n\n\n\n<p>Durante as atividades, muitos estudantes tiveram contato pela primeira vez com o conceito de capacitismo e puderam refletir sobre atitudes e express\u00f5es que, muitas vezes naturalizadas no cotidiano, podem gerar exclus\u00e3o ou invisibiliza\u00e7\u00e3o de pessoas com defici\u00eancia.<\/p>\n\n\n\n<blockquote class=\"wp-block-quote\">\n<p>\u201cMuitos estudantes chegam sem conhecer o conceito de capacitismo e, ao longo das atividades, passam a reconhecer atitudes e falas naturalizadas no cotidiano que podem gerar exclus\u00e3o ou invisibiliza\u00e7\u00e3o das pessoas com defici\u00eancia. Esse processo de conscientiza\u00e7\u00e3o \u00e9 um passo importante para a constru\u00e7\u00e3o de uma comunidade escolar mais sens\u00edvel, emp\u00e1tica e comprometida com a equidade\u201d, explicou a docente.<\/p>\n<\/blockquote>\n\n\n\n<p>Segundo Emanuelle, levar essa discuss\u00e3o \u00e0s salas de aula desde o in\u00edcio da vida acad\u00eamica tamb\u00e9m fortalece a cultura da inclus\u00e3o na institui\u00e7\u00e3o.<\/p>\n\n\n\n<blockquote class=\"wp-block-quote\">\n<p>\u201cMais do que transmitir informa\u00e7\u00f5es, as oficinas possibilitaram provocar reflex\u00f5es e incentivar atitudes que valorizem a diversidade humana. Ver os estudantes se posicionando, participando e compreendendo seu papel nesse processo reafirma a import\u00e2ncia dessas a\u00e7\u00f5es na constru\u00e7\u00e3o de uma escola verdadeiramente inclusiva\u201d, concluiu.<\/p>\n<\/blockquote>\n\n\n\n<p>A atividade integrou a programa\u00e7\u00e3o de acolhimento do campus e refor\u00e7a o compromisso institucional com a promo\u00e7\u00e3o de uma educa\u00e7\u00e3o p\u00fablica inclusiva, que valoriza a diversidade e o respeito \u00e0s diferen\u00e7as.<\/p>\n\n\n\n<figure class=\"wp-block-gallery has-nested-images columns-default is-cropped wp-block-gallery-5 is-layout-flex\">\n<figure class=\"wp-block-image size-large\"><a href=\"https:\/\/www.ifbaiano.edu.br\/unidades\/santaines\/files\/2026\/03\/2694-91b60100-1f52-41dc-9fa3-4b71c059a20a.webp\"><img decoding=\"async\" loading=\"lazy\" width=\"1024\" height=\"768\" data-id=\"27102\"  src=\"https:\/\/www.ifbaiano.edu.br\/unidades\/santaines\/files\/2026\/03\/2694-91b60100-1f52-41dc-9fa3-4b71c059a20a-1024x768.webp\" alt=\"\" class=\"wp-image-27102\" srcset=\"https:\/\/www.ifbaiano.edu.br\/unidades\/santaines\/files\/2026\/03\/2694-91b60100-1f52-41dc-9fa3-4b71c059a20a-1024x768.webp 1024w, https:\/\/www.ifbaiano.edu.br\/unidades\/santaines\/files\/2026\/03\/2694-91b60100-1f52-41dc-9fa3-4b71c059a20a-300x225.webp 300w, https:\/\/www.ifbaiano.edu.br\/unidades\/santaines\/files\/2026\/03\/2694-91b60100-1f52-41dc-9fa3-4b71c059a20a-768x576.webp 768w, https:\/\/www.ifbaiano.edu.br\/unidades\/santaines\/files\/2026\/03\/2694-91b60100-1f52-41dc-9fa3-4b71c059a20a-100x75.webp 100w, https:\/\/www.ifbaiano.edu.br\/unidades\/santaines\/files\/2026\/03\/2694-91b60100-1f52-41dc-9fa3-4b71c059a20a.webp 1440w\" sizes=\"(max-width: 1024px) 100vw, 1024px\" \/><\/a><\/figure>\n\n\n\n<figure class=\"wp-block-image size-large\"><a href=\"https:\/\/www.ifbaiano.edu.br\/unidades\/santaines\/files\/2026\/03\/2709-f6107eb2-3ff9-4d2b-ae58-36b7b3c3cd1d.webp\"><img decoding=\"async\" loading=\"lazy\" width=\"1024\" height=\"768\" data-id=\"27110\"  src=\"https:\/\/www.ifbaiano.edu.br\/unidades\/santaines\/files\/2026\/03\/2709-f6107eb2-3ff9-4d2b-ae58-36b7b3c3cd1d-1024x768.webp\" alt=\"\" class=\"wp-image-27110\" srcset=\"https:\/\/www.ifbaiano.edu.br\/unidades\/santaines\/files\/2026\/03\/2709-f6107eb2-3ff9-4d2b-ae58-36b7b3c3cd1d-1024x768.webp 1024w, https:\/\/www.ifbaiano.edu.br\/unidades\/santaines\/files\/2026\/03\/2709-f6107eb2-3ff9-4d2b-ae58-36b7b3c3cd1d-300x225.webp 300w, https:\/\/www.ifbaiano.edu.br\/unidades\/santaines\/files\/2026\/03\/2709-f6107eb2-3ff9-4d2b-ae58-36b7b3c3cd1d-768x576.webp 768w, https:\/\/www.ifbaiano.edu.br\/unidades\/santaines\/files\/2026\/03\/2709-f6107eb2-3ff9-4d2b-ae58-36b7b3c3cd1d-100x75.webp 100w, https:\/\/www.ifbaiano.edu.br\/unidades\/santaines\/files\/2026\/03\/2709-f6107eb2-3ff9-4d2b-ae58-36b7b3c3cd1d.webp 1440w\" sizes=\"(max-width: 1024px) 100vw, 1024px\" \/><\/a><\/figure>\n\n\n\n<figure class=\"wp-block-image size-large\"><a href=\"https:\/\/www.ifbaiano.edu.br\/unidades\/santaines\/files\/2026\/03\/2704-b6632335-9ef0-46f1-8bb3-b65f396e4d41.webp\"><img decoding=\"async\" loading=\"lazy\" width=\"1024\" height=\"768\" data-id=\"27108\"  src=\"https:\/\/www.ifbaiano.edu.br\/unidades\/santaines\/files\/2026\/03\/2704-b6632335-9ef0-46f1-8bb3-b65f396e4d41-1024x768.webp\" alt=\"\" class=\"wp-image-27108\" srcset=\"https:\/\/www.ifbaiano.edu.br\/unidades\/santaines\/files\/2026\/03\/2704-b6632335-9ef0-46f1-8bb3-b65f396e4d41-1024x768.webp 1024w, https:\/\/www.ifbaiano.edu.br\/unidades\/santaines\/files\/2026\/03\/2704-b6632335-9ef0-46f1-8bb3-b65f396e4d41-300x225.webp 300w, https:\/\/www.ifbaiano.edu.br\/unidades\/santaines\/files\/2026\/03\/2704-b6632335-9ef0-46f1-8bb3-b65f396e4d41-768x576.webp 768w, https:\/\/www.ifbaiano.edu.br\/unidades\/santaines\/files\/2026\/03\/2704-b6632335-9ef0-46f1-8bb3-b65f396e4d41-100x75.webp 100w, https:\/\/www.ifbaiano.edu.br\/unidades\/santaines\/files\/2026\/03\/2704-b6632335-9ef0-46f1-8bb3-b65f396e4d41.webp 1440w\" sizes=\"(max-width: 1024px) 100vw, 1024px\" \/><\/a><\/figure>\n\n\n\n<figure class=\"wp-block-image size-large\"><a href=\"https:\/\/www.ifbaiano.edu.br\/unidades\/santaines\/files\/2026\/03\/2697-Ae.webp\"><img decoding=\"async\" loading=\"lazy\" width=\"768\" height=\"1024\" data-id=\"27104\"  src=\"https:\/\/www.ifbaiano.edu.br\/unidades\/santaines\/files\/2026\/03\/2697-Ae-768x1024.webp\" alt=\"\" class=\"wp-image-27104\" srcset=\"https:\/\/www.ifbaiano.edu.br\/unidades\/santaines\/files\/2026\/03\/2697-Ae-768x1024.webp 768w, https:\/\/www.ifbaiano.edu.br\/unidades\/santaines\/files\/2026\/03\/2697-Ae-225x300.webp 225w, https:\/\/www.ifbaiano.edu.br\/unidades\/santaines\/files\/2026\/03\/2697-Ae-100x133.webp 100w, https:\/\/www.ifbaiano.edu.br\/unidades\/santaines\/files\/2026\/03\/2697-Ae.webp 810w\" sizes=\"(max-width: 768px) 100vw, 768px\" \/><\/a><\/figure>\n\n\n\n<figure class=\"wp-block-image size-large\"><a href=\"https:\/\/www.ifbaiano.edu.br\/unidades\/santaines\/files\/2026\/03\/2692-3d0834fe-0f36-4c67-88eb-d8d1f0e15de7.webp\"><img decoding=\"async\" loading=\"lazy\" width=\"768\" height=\"1024\" data-id=\"27100\"  src=\"https:\/\/www.ifbaiano.edu.br\/unidades\/santaines\/files\/2026\/03\/2692-3d0834fe-0f36-4c67-88eb-d8d1f0e15de7-768x1024.webp\" alt=\"\" class=\"wp-image-27100\" srcset=\"https:\/\/www.ifbaiano.edu.br\/unidades\/santaines\/files\/2026\/03\/2692-3d0834fe-0f36-4c67-88eb-d8d1f0e15de7-768x1024.webp 768w, https:\/\/www.ifbaiano.edu.br\/unidades\/santaines\/files\/2026\/03\/2692-3d0834fe-0f36-4c67-88eb-d8d1f0e15de7-225x300.webp 225w, https:\/\/www.ifbaiano.edu.br\/unidades\/santaines\/files\/2026\/03\/2692-3d0834fe-0f36-4c67-88eb-d8d1f0e15de7-100x133.webp 100w, https:\/\/www.ifbaiano.edu.br\/unidades\/santaines\/files\/2026\/03\/2692-3d0834fe-0f36-4c67-88eb-d8d1f0e15de7.webp 810w\" sizes=\"(max-width: 768px) 100vw, 768px\" \/><\/a><\/figure>\n\n\n\n<figure class=\"wp-block-image size-large\"><a href=\"https:\/\/www.ifbaiano.edu.br\/unidades\/santaines\/files\/2026\/03\/2693-9cbdf2d8-7356-43cb-b0b4-82fe14737e54.webp\"><img decoding=\"async\" loading=\"lazy\" width=\"768\" height=\"1024\" data-id=\"27101\"  src=\"https:\/\/www.ifbaiano.edu.br\/unidades\/santaines\/files\/2026\/03\/2693-9cbdf2d8-7356-43cb-b0b4-82fe14737e54-768x1024.webp\" alt=\"\" class=\"wp-image-27101\" srcset=\"https:\/\/www.ifbaiano.edu.br\/unidades\/santaines\/files\/2026\/03\/2693-9cbdf2d8-7356-43cb-b0b4-82fe14737e54-768x1024.webp 768w, https:\/\/www.ifbaiano.edu.br\/unidades\/santaines\/files\/2026\/03\/2693-9cbdf2d8-7356-43cb-b0b4-82fe14737e54-225x300.webp 225w, https:\/\/www.ifbaiano.edu.br\/unidades\/santaines\/files\/2026\/03\/2693-9cbdf2d8-7356-43cb-b0b4-82fe14737e54-100x133.webp 100w, https:\/\/www.ifbaiano.edu.br\/unidades\/santaines\/files\/2026\/03\/2693-9cbdf2d8-7356-43cb-b0b4-82fe14737e54.webp 810w\" sizes=\"(max-width: 768px) 100vw, 768px\" \/><\/a><\/figure>\n<\/figure>\n\n\n\n<hr class=\"wp-block-separator has-alpha-channel-opacity\" \/>\n","protected":false},"excerpt":{"rendered":"<p>Durante a semana de acolhimento aos novos estudantes, o IF Baiano \u2013 Campus Santa In\u00eas promoveu, de segunda-feira (3) at\u00e9 esta sexta-feira (6), a oficina \u201cCapacitismo: compreender para combater\u201d, conduzida pela professora de Atendimento Educacional Especializado (AEE), Emanuelle Almeida. A atividade foi realizada em todas as turmas da primeira s\u00e9rie dos cursos t\u00e9cnicos integrados e [&hellip;]<\/p>\n","protected":false},"author":86,"featured_media":27107,"comment_status":"closed","ping_status":"closed","sticky":false,"template":"","format":"standard","meta":[],"categories":[4,5,57],"tags":[],"_links":{"self":[{"href":"https:\/\/www.ifbaiano.edu.br\/unidades\/santaines\/wp-json\/wp\/v2\/posts\/27098"}],"collection":[{"href":"https:\/\/www.ifbaiano.edu.br\/unidades\/santaines\/wp-json\/wp\/v2\/posts"}],"about":[{"href":"https:\/\/www.ifbaiano.edu.br\/unidades\/santaines\/wp-json\/wp\/v2\/types\/post"}],"author":[{"embeddable":true,"href":"https:\/\/www.ifbaiano.edu.br\/unidades\/santaines\/wp-json\/wp\/v2\/users\/86"}],"replies":[{"embeddable":true,"href":"https:\/\/www.ifbaiano.edu.br\/unidades\/santaines\/wp-json\/wp\/v2\/comments?post=27098"}],"version-history":[{"count":2,"href":"https:\/\/www.ifbaiano.edu.br\/unidades\/santaines\/wp-json\/wp\/v2\/posts\/27098\/revisions"}],"predecessor-version":[{"id":27112,"href":"https:\/\/www.ifbaiano.edu.br\/unidades\/santaines\/wp-json\/wp\/v2\/posts\/27098\/revisions\/27112"}],"wp:featuredmedia":[{"embeddable":true,"href":"https:\/\/www.ifbaiano.edu.br\/unidades\/santaines\/wp-json\/wp\/v2\/media\/27107"}],"wp:attachment":[{"href":"https:\/\/www.ifbaiano.edu.br\/unidades\/santaines\/wp-json\/wp\/v2\/media?parent=27098"}],"wp:term":[{"taxonomy":"category","embeddable":true,"href":"https:\/\/www.ifbaiano.edu.br\/unidades\/santaines\/wp-json\/wp\/v2\/categories?post=27098"},{"taxonomy":"post_tag","embeddable":true,"href":"https:\/\/www.ifbaiano.edu.br\/unidades\/santaines\/wp-json\/wp\/v2\/tags?post=27098"}],"curies":[{"name":"wp","href":"https:\/\/api.w.org\/{rel}","templated":true}]}}