{"id":27113,"date":"2026-03-09T09:58:52","date_gmt":"2026-03-09T12:58:52","guid":{"rendered":"https:\/\/www.ifbaiano.edu.br\/unidades\/santaines\/?p=27113"},"modified":"2026-03-09T09:59:22","modified_gmt":"2026-03-09T12:59:22","slug":"campus-santa-ines-realiza-jornada-pedagogica-2026-com-foco-em-educacao-profissional-e-interdisciplinaridade","status":"publish","type":"post","link":"https:\/\/www.ifbaiano.edu.br\/unidades\/santaines\/campus-santa-ines-realiza-jornada-pedagogica-2026-com-foco-em-educacao-profissional-e-interdisciplinaridade\/","title":{"rendered":"Campus Santa In\u00eas realiza Jornada Pedag\u00f3gica 2026 com foco em educa\u00e7\u00e3o profissional e interdisciplinaridade"},"content":{"rendered":"\n<p>O Instituto Federal Baiano \u2013 Campus Santa In\u00eas realiza, entre os dias <strong>10 e 12 de mar\u00e7o<\/strong>, a <strong>Jornada Pedag\u00f3gica 2026<\/strong>, evento voltado ao planejamento e \u00e0 prepara\u00e7\u00e3o das atividades acad\u00eamicas para o in\u00edcio do ano letivo. A programa\u00e7\u00e3o acontecer\u00e1 no <strong>audit\u00f3rio do campus<\/strong> e reunir\u00e1 professores, coordenadores e equipes pedag\u00f3gicas para discutir estrat\u00e9gias de ensino e organiza\u00e7\u00e3o das atividades educacionais.<\/p>\n\n\n\n<p>Com o tema <strong>\u201cEduca\u00e7\u00e3o profissional e interdisciplinaridade: construindo saberes conectados ao territ\u00f3rio e ao mundo do trabalho\u201d<\/strong>, a jornada tem como objetivo fortalecer o planejamento coletivo e alinhar as pr\u00e1ticas pedag\u00f3gicas \u00e0s demandas sociais e profissionais da regi\u00e3o.<\/p>\n\n\n\n<p>De acordo com a <strong>coordenadora de Ensino do campus, professora Tharcilla Pess\u00f4a<\/strong>, o momento \u00e9 essencial para que a institui\u00e7\u00e3o reflita sobre o papel da educa\u00e7\u00e3o profissional e tecnol\u00f3gica na forma\u00e7\u00e3o dos estudantes. \u201cA Jornada Pedag\u00f3gica est\u00e1 relacionada ao planejamento e \u00e0 prepara\u00e7\u00e3o dos profissionais da educa\u00e7\u00e3o para o in\u00edcio do ano letivo. Nesta edi\u00e7\u00e3o, buscamos avan\u00e7ar no alinhamento dos conte\u00fados com as necessidades do territ\u00f3rio em que estamos inseridos e com o mercado de trabalho, al\u00e9m de identificar estrat\u00e9gias para atender os diferentes perfis de alunos\u201d, destaca a professora.<\/p>\n\n\n\n<p>Segundo ela, o trabalho desenvolvido no campus envolve diferentes n\u00edveis e modalidades de ensino. \u201cAl\u00e9m de preparar nossos estudantes para o vestibular e o ENEM, tamb\u00e9m formamos t\u00e9cnicos em Agropecu\u00e1ria, Alimentos, Zootecnia e Inform\u00e1tica, al\u00e9m de profissionais da gradua\u00e7\u00e3o, como licenciandos em Geografia e Biologia e bachar\u00e9is em Zootecnia\u201d, explica.<\/p>\n\n\n\n<h3 class=\"wp-block-heading\">Planejamento e atualiza\u00e7\u00e3o pedag\u00f3gica<\/h3>\n\n\n\n<p>Durante os tr\u00eas dias de programa\u00e7\u00e3o, ser\u00e3o realizadas <strong>mesas-redondas, apresenta\u00e7\u00f5es institucionais, atividades em grupo e momentos de planejamento coletivo<\/strong>. Entre os temas discutidos est\u00e3o <strong>novas metodologias de ensino, atualiza\u00e7\u00e3o do corpo docente sobre pol\u00edticas educacionais, programas institucionais e diretrizes curriculares<\/strong>.<\/p>\n\n\n\n<p>A programa\u00e7\u00e3o inclui ainda momentos de integra\u00e7\u00e3o entre os profissionais da educa\u00e7\u00e3o participantes, fortalecendo o trabalho em equipe entre docentes, coordenadores e setores pedag\u00f3gicos.<\/p>\n\n\n\n<p>Entre as atividades previstas est\u00e3o:<\/p>\n\n\n\n<ul>\n<li><strong>Abertura oficial e mesa-redonda com docentes do campus<\/strong>;<\/li>\n\n\n\n<li><strong>Atividades em grupo para discuss\u00e3o de estrat\u00e9gias pedag\u00f3gicas<\/strong>;<\/li>\n\n\n\n<li><strong>Planejamento por \u00e1reas do Ensino M\u00e9dio Integrado e do Ensino Superior<\/strong>;<\/li>\n\n\n\n<li><strong>Apresenta\u00e7\u00f5es institucionais de setores como NAPSI e CPA<\/strong>;<\/li>\n\n\n\n<li><strong>Discuss\u00f5es sobre calend\u00e1rio acad\u00eamico, eventos e atividades pedag\u00f3gicas de 2026<\/strong>.<\/li>\n<\/ul>\n\n\n\n<p>Al\u00e9m do planejamento acad\u00eamico, o evento tamb\u00e9m contar\u00e1 com momentos de integra\u00e7\u00e3o entre os participantes, como caf\u00e9s coletivos e a <strong>inaugura\u00e7\u00e3o do setor de Agricultura (Horta) do campus<\/strong>, prevista na programa\u00e7\u00e3o.<\/p>\n\n\n\n<p>A Jornada Pedag\u00f3gica \u00e9 uma atividade institucional importante para garantir que o in\u00edcio do ano letivo aconte\u00e7a de forma organizada, com planejamento coletivo e alinhamento das pr\u00e1ticas educacionais \u00e0s necessidades dos estudantes e da comunidade.<\/p>\n\n\n\n<ul>\n<li><a href=\"https:\/\/www.ifbaiano.edu.br\/unidades\/santaines\/files\/2026\/03\/Folder-jornada-2026.pdf\">Folder com a programa\u00e7\u00e3o completa da Jornada Pedag\u00f3gica 2026<\/a>.<\/li>\n<\/ul>\n\n\n\n<hr class=\"wp-block-separator has-alpha-channel-opacity\" \/>\n","protected":false},"excerpt":{"rendered":"<p>O Instituto Federal Baiano \u2013 Campus Santa In\u00eas realiza, entre os dias 10 e 12 de mar\u00e7o, a Jornada Pedag\u00f3gica 2026, evento voltado ao planejamento e \u00e0 prepara\u00e7\u00e3o das atividades acad\u00eamicas para o in\u00edcio do ano letivo. A programa\u00e7\u00e3o acontecer\u00e1 no audit\u00f3rio do campus e reunir\u00e1 professores, coordenadores e equipes pedag\u00f3gicas para discutir estrat\u00e9gias de [&hellip;]<\/p>\n","protected":false},"author":86,"featured_media":27114,"comment_status":"closed","ping_status":"closed","sticky":false,"template":"","format":"standard","meta":[],"categories":[4,5,6,10,57],"tags":[],"_links":{"self":[{"href":"https:\/\/www.ifbaiano.edu.br\/unidades\/santaines\/wp-json\/wp\/v2\/posts\/27113"}],"collection":[{"href":"https:\/\/www.ifbaiano.edu.br\/unidades\/santaines\/wp-json\/wp\/v2\/posts"}],"about":[{"href":"https:\/\/www.ifbaiano.edu.br\/unidades\/santaines\/wp-json\/wp\/v2\/types\/post"}],"author":[{"embeddable":true,"href":"https:\/\/www.ifbaiano.edu.br\/unidades\/santaines\/wp-json\/wp\/v2\/users\/86"}],"replies":[{"embeddable":true,"href":"https:\/\/www.ifbaiano.edu.br\/unidades\/santaines\/wp-json\/wp\/v2\/comments?post=27113"}],"version-history":[{"count":1,"href":"https:\/\/www.ifbaiano.edu.br\/unidades\/santaines\/wp-json\/wp\/v2\/posts\/27113\/revisions"}],"predecessor-version":[{"id":27117,"href":"https:\/\/www.ifbaiano.edu.br\/unidades\/santaines\/wp-json\/wp\/v2\/posts\/27113\/revisions\/27117"}],"wp:featuredmedia":[{"embeddable":true,"href":"https:\/\/www.ifbaiano.edu.br\/unidades\/santaines\/wp-json\/wp\/v2\/media\/27114"}],"wp:attachment":[{"href":"https:\/\/www.ifbaiano.edu.br\/unidades\/santaines\/wp-json\/wp\/v2\/media?parent=27113"}],"wp:term":[{"taxonomy":"category","embeddable":true,"href":"https:\/\/www.ifbaiano.edu.br\/unidades\/santaines\/wp-json\/wp\/v2\/categories?post=27113"},{"taxonomy":"post_tag","embeddable":true,"href":"https:\/\/www.ifbaiano.edu.br\/unidades\/santaines\/wp-json\/wp\/v2\/tags?post=27113"}],"curies":[{"name":"wp","href":"https:\/\/api.w.org\/{rel}","templated":true}]}}