{"id":2713,"date":"2013-01-16T10:45:27","date_gmt":"2013-01-16T13:45:27","guid":{"rendered":"http:\/\/www.ifbaiano.edu.br\/unidades\/santaines\/?p=2713"},"modified":"2013-01-23T17:23:41","modified_gmt":"2013-01-23T20:23:41","slug":"aulas-suspensas","status":"publish","type":"post","link":"https:\/\/www.ifbaiano.edu.br\/unidades\/santaines\/aulas-suspensas\/","title":{"rendered":"Suspens\u00e3o das aulas"},"content":{"rendered":"<p style=\"text-align: justify\">Comunicamos que nesta ter\u00e7a-feira, 15\/01\/2013, as aulas foram suspensas at\u00e9 o dia 21\/01\/2012,\u00a0devido a escassez de \u00e1gua que assola a cidade de Santa In\u00eas e quase toda regi\u00e3o do Vale do Jiquiri\u00e7\u00e1, a concession\u00e1ria fornecedora de \u00e1gua\u00a0&#8211; EMBASA &#8211; n\u00e3o conseguiu cumprir o abastecimento regular, o que impede o funcionamento\u00a0dos alojamentos dos alunos internos, das atividades de ensino e parte das atividades administrativas, principalmente refeit\u00f3rio.<\/p>\n","protected":false},"excerpt":{"rendered":"<p>As aulas foram suspensas at\u00e9 o dia 21\/01\/2012<\/p>\n","protected":false},"author":7,"featured_media":0,"comment_status":"closed","ping_status":"closed","sticky":false,"template":"","format":"standard","meta":[],"categories":[10],"tags":[],"_links":{"self":[{"href":"https:\/\/www.ifbaiano.edu.br\/unidades\/santaines\/wp-json\/wp\/v2\/posts\/2713"}],"collection":[{"href":"https:\/\/www.ifbaiano.edu.br\/unidades\/santaines\/wp-json\/wp\/v2\/posts"}],"about":[{"href":"https:\/\/www.ifbaiano.edu.br\/unidades\/santaines\/wp-json\/wp\/v2\/types\/post"}],"author":[{"embeddable":true,"href":"https:\/\/www.ifbaiano.edu.br\/unidades\/santaines\/wp-json\/wp\/v2\/users\/7"}],"replies":[{"embeddable":true,"href":"https:\/\/www.ifbaiano.edu.br\/unidades\/santaines\/wp-json\/wp\/v2\/comments?post=2713"}],"version-history":[{"count":6,"href":"https:\/\/www.ifbaiano.edu.br\/unidades\/santaines\/wp-json\/wp\/v2\/posts\/2713\/revisions"}],"predecessor-version":[{"id":2722,"href":"https:\/\/www.ifbaiano.edu.br\/unidades\/santaines\/wp-json\/wp\/v2\/posts\/2713\/revisions\/2722"}],"wp:attachment":[{"href":"https:\/\/www.ifbaiano.edu.br\/unidades\/santaines\/wp-json\/wp\/v2\/media?parent=2713"}],"wp:term":[{"taxonomy":"category","embeddable":true,"href":"https:\/\/www.ifbaiano.edu.br\/unidades\/santaines\/wp-json\/wp\/v2\/categories?post=2713"},{"taxonomy":"post_tag","embeddable":true,"href":"https:\/\/www.ifbaiano.edu.br\/unidades\/santaines\/wp-json\/wp\/v2\/tags?post=2713"}],"curies":[{"name":"wp","href":"https:\/\/api.w.org\/{rel}","templated":true}]}}