{"id":27142,"date":"2026-03-09T16:55:25","date_gmt":"2026-03-09T19:55:25","guid":{"rendered":"https:\/\/www.ifbaiano.edu.br\/unidades\/santaines\/?p=27142"},"modified":"2026-03-11T15:45:56","modified_gmt":"2026-03-11T18:45:56","slug":"estudantes-dos-cursos-tecnicos-integrados-devem-renovar-matricula-para-o-ano-letivo-2026-entre-13-e-17-de-marco","status":"publish","type":"post","link":"https:\/\/www.ifbaiano.edu.br\/unidades\/santaines\/estudantes-dos-cursos-tecnicos-integrados-devem-renovar-matricula-para-o-ano-letivo-2026-entre-13-e-17-de-marco\/","title":{"rendered":"Estudantes dos Cursos T\u00e9cnicos Integrados devem renovar matr\u00edcula para o ano letivo 2026 entre 13 e 17 de mar\u00e7o"},"content":{"rendered":"\n<p>Os estudantes dos Cursos T\u00e9cnicos Integrados em <strong>Agropecu\u00e1ria, Alimentos, Inform\u00e1tica e Zootecnia<\/strong> do IF Baiano \u2013 Campus Santa In\u00eas precisam realizar a <strong>renova\u00e7\u00e3o de matr\u00edcula para o ano letivo de 2026<\/strong> entre os dias <strong>13 e 17 de mar\u00e7o<\/strong>. O procedimento deve ser feito, preferencialmente, pelo <strong>Portal do Aluno no <a href=\"https:\/\/suap.ifbaiano.edu.br\/\">sistema SUAP<\/a><\/strong>.<\/p>\n\n\n\n<p>A renova\u00e7\u00e3o \u00e9 obrigat\u00f3ria para <strong>todos os estudantes que ir\u00e3o continuar vinculados ao campus<\/strong> no pr\u00f3ximo ano letivo. Quem n\u00e3o realizar o procedimento dentro do prazo poder\u00e1 ter a matr\u00edcula cancelada por caracteriza\u00e7\u00e3o de abandono de curso, conforme a <a href=\"https:\/\/ifbaiano.edu.br\/portal\/wp-content\/uploads\/2025\/02\/Organizacao-Didatica-dos-Cursos-da-Educacao-Profissional-Tecnica-de-Nivel-Medio-2023.pdf\">organiza\u00e7\u00e3o did\u00e1tica<\/a> da institui\u00e7\u00e3o. <\/p>\n\n\n\n<h3 class=\"wp-block-heading\">Como renovar a matr\u00edcula<\/h3>\n\n\n\n<p>O processo \u00e9 simples e pode ser feito pela internet:<\/p>\n\n\n\n<ol>\n<li>Acesse o Portal do Aluno no <a href=\"http:\/\/Acesse o Portal do Aluno no SUAP: https:\/\/suap.ifbaiano.edu.br\">SUAP<\/a>.<\/li>\n\n\n\n<li>Fa\u00e7a login com seus dados de acesso.<\/li>\n\n\n\n<li>Siga as orienta\u00e7\u00f5es dispon\u00edveis no sistema para solicitar a renova\u00e7\u00e3o da matr\u00edcula.<\/li>\n<\/ol>\n\n\n\n<p>O pedido pode ser realizado <strong>a partir das 00h do dia 13 de mar\u00e7o at\u00e9 as 23h59 do dia 17 de mar\u00e7o<\/strong>. O estudante tamb\u00e9m pode consultar o <strong><a href=\"https:\/\/www.ifbaiano.edu.br\/unidades\/santaines\/files\/2026\/03\/RENOVACAO-DE-MATRICULA-PARA-OS-CURSOS-INTEGRADO-ANO-LETIVO-2026.pdf\">tutorial de renova\u00e7\u00e3o de matr\u00edcula<\/a><\/strong> dispon\u00edvel para orienta\u00e7\u00e3o durante o processo. <\/p>\n\n\n\n<h3 class=\"wp-block-heading\">E se o estudante n\u00e3o conseguir acessar o SUAP?<\/h3>\n\n\n\n<p>Caso haja dificuldade para realizar a renova\u00e7\u00e3o pelo sistema, o estudante poder\u00e1 solicitar a matr\u00edcula enviando um e-mail para <strong><a>secretaria@si.ifbaiano.edu.br<\/a><\/strong>. Nesse caso, ser\u00e1 necess\u00e1rio anexar:<\/p>\n\n\n\n<ul>\n<li>Documento de identifica\u00e7\u00e3o do estudante (se for maior de 18 anos);<\/li>\n\n\n\n<li>Documento do estudante <strong>e do respons\u00e1vel<\/strong>, quando o aluno for menor de idade. <\/li>\n<\/ul>\n\n\n\n<h3 class=\"wp-block-heading\">Matr\u00edcula fora do prazo<\/h3>\n\n\n\n<p>Quem perder o prazo ainda poder\u00e1 solicitar <strong>matr\u00edcula fora do per\u00edodo regular entre os dias 18 e 20 de mar\u00e7o<\/strong>. O pedido pode ser feito por e-mail para a Secretaria de Registros Acad\u00eamicos (<strong><a>secretaria@si.ifbaiano.edu.br<\/a><\/strong>) ou presencialmente no campus. <\/p>\n\n\n\n<h3 class=\"wp-block-heading\">Recupera\u00e7\u00e3o de senha do SUAP<\/h3>\n\n\n\n<p>Se o estudante n\u00e3o lembrar a senha do sistema, basta acessar o SUAP e clicar na op\u00e7\u00e3o <strong>\u201cEsqueceu ou deseja alterar a senha\u201d<\/strong>. Em seguida, informar <strong>CPF e n\u00famero de matr\u00edcula<\/strong> para receber um link de redefini\u00e7\u00e3o no e-mail cadastrado. <\/p>\n\n\n\n<h3 class=\"wp-block-heading\">Em caso de d\u00favidas<\/h3>\n\n\n\n<p>A Secretaria de Registros Acad\u00eamicos orienta que os estudantes entrem em contato pelo e-mail: <strong><a>secretaria@si.ifbaiano.edu.br<\/a><\/strong>. <\/p>\n\n\n\n<hr class=\"wp-block-separator has-alpha-channel-opacity\" \/>\n\n\n\n<p><\/p>\n","protected":false},"excerpt":{"rendered":"<p>Os estudantes dos Cursos T\u00e9cnicos Integrados em Agropecu\u00e1ria, Alimentos, Inform\u00e1tica e Zootecnia do IF Baiano \u2013 Campus Santa In\u00eas precisam realizar a renova\u00e7\u00e3o de matr\u00edcula para o ano letivo de 2026 entre os dias 13 e 17 de mar\u00e7o. O procedimento deve ser feito, preferencialmente, pelo Portal do Aluno no sistema SUAP. A renova\u00e7\u00e3o \u00e9 [&hellip;]<\/p>\n","protected":false},"author":86,"featured_media":27156,"comment_status":"closed","ping_status":"closed","sticky":false,"template":"","format":"standard","meta":[],"categories":[4,13,5,57],"tags":[],"_links":{"self":[{"href":"https:\/\/www.ifbaiano.edu.br\/unidades\/santaines\/wp-json\/wp\/v2\/posts\/27142"}],"collection":[{"href":"https:\/\/www.ifbaiano.edu.br\/unidades\/santaines\/wp-json\/wp\/v2\/posts"}],"about":[{"href":"https:\/\/www.ifbaiano.edu.br\/unidades\/santaines\/wp-json\/wp\/v2\/types\/post"}],"author":[{"embeddable":true,"href":"https:\/\/www.ifbaiano.edu.br\/unidades\/santaines\/wp-json\/wp\/v2\/users\/86"}],"replies":[{"embeddable":true,"href":"https:\/\/www.ifbaiano.edu.br\/unidades\/santaines\/wp-json\/wp\/v2\/comments?post=27142"}],"version-history":[{"count":1,"href":"https:\/\/www.ifbaiano.edu.br\/unidades\/santaines\/wp-json\/wp\/v2\/posts\/27142\/revisions"}],"predecessor-version":[{"id":27145,"href":"https:\/\/www.ifbaiano.edu.br\/unidades\/santaines\/wp-json\/wp\/v2\/posts\/27142\/revisions\/27145"}],"wp:featuredmedia":[{"embeddable":true,"href":"https:\/\/www.ifbaiano.edu.br\/unidades\/santaines\/wp-json\/wp\/v2\/media\/27156"}],"wp:attachment":[{"href":"https:\/\/www.ifbaiano.edu.br\/unidades\/santaines\/wp-json\/wp\/v2\/media?parent=27142"}],"wp:term":[{"taxonomy":"category","embeddable":true,"href":"https:\/\/www.ifbaiano.edu.br\/unidades\/santaines\/wp-json\/wp\/v2\/categories?post=27142"},{"taxonomy":"post_tag","embeddable":true,"href":"https:\/\/www.ifbaiano.edu.br\/unidades\/santaines\/wp-json\/wp\/v2\/tags?post=27142"}],"curies":[{"name":"wp","href":"https:\/\/api.w.org\/{rel}","templated":true}]}}