{"id":27159,"date":"2026-03-11T16:57:22","date_gmt":"2026-03-11T19:57:22","guid":{"rendered":"https:\/\/www.ifbaiano.edu.br\/unidades\/santaines\/?p=27159"},"modified":"2026-03-11T16:57:22","modified_gmt":"2026-03-11T19:57:22","slug":"if-baiano-divulga-resultado-final-da-selecao-da-especializacao-em-eja-articulada-a-educacao-profissional","status":"publish","type":"post","link":"https:\/\/www.ifbaiano.edu.br\/unidades\/santaines\/if-baiano-divulga-resultado-final-da-selecao-da-especializacao-em-eja-articulada-a-educacao-profissional\/","title":{"rendered":"IF Baiano divulga resultado final da sele\u00e7\u00e3o da Especializa\u00e7\u00e3o em EJA articulada \u00e0 Educa\u00e7\u00e3o Profissional"},"content":{"rendered":"\n<p>O Instituto Federal Baiano divulgou, nesta quarta-feira (11), o <strong><a href=\"https:\/\/concurso.ifbaiano.edu.br\/portal\/edital-236-novembro-2025\/wp-content\/uploads\/sites\/1276\/2026\/03\/Resultado-Final-PGEJA.pdf\">resultado final<\/a> do processo seletivo para ingresso na P\u00f3s-Gradua\u00e7\u00e3o Lato Sensu em Educa\u00e7\u00e3o de Jovens e Adultos (EJA) articulada \u00e0 Educa\u00e7\u00e3o Profissional<\/strong>, ofertada pelo Campus Santa In\u00eas. A sele\u00e7\u00e3o \u00e9 regida pelo <strong><a href=\"https:\/\/concurso.ifbaiano.edu.br\/portal\/edital-236-novembro-2025\/wp-content\/uploads\/sites\/1276\/2025\/11\/Edital-No-236-de-11-de-novembro-de-2025.pdf\">Edital n\u00ba 236, de 11 de novembro de 2025<\/a><\/strong>.<\/p>\n\n\n\n<p>A <a href=\"https:\/\/concurso.ifbaiano.edu.br\/portal\/edital-236-novembro-2025\/wp-content\/uploads\/sites\/1276\/2026\/03\/Resultado-Final-PGEJA.pdf\">lista fina<\/a>l foi publicada ap\u00f3s a conclus\u00e3o de todas as etapas previstas no edital, incluindo an\u00e1lise documental, per\u00edodo de recursos e realiza\u00e7\u00e3o da <strong>banca de heteroidentifica\u00e7\u00e3o<\/strong> para candidatos(as) que concorreram \u00e0s vagas reservadas.<\/p>\n\n\n\n<p>Ao todo, <strong>30 candidatos(as) foram aprovados(as)<\/strong> para o curso. Entre eles, tr\u00eas foram aprovados(as) por meio da <strong>reserva de vagas para candidatos(as) cotistas autodeclarados(as) pretos(as) ou pardos(as)<\/strong>. Tamb\u00e9m foi registrada <strong>uma candidata na condi\u00e7\u00e3o de suplente<\/strong>.<\/p>\n\n\n\n<p>A Especializa\u00e7\u00e3o em EJA articulada \u00e0 Educa\u00e7\u00e3o Profissional tem como objetivo <strong>qualificar profissionais da educa\u00e7\u00e3o e \u00e1reas afins para atuar na Educa\u00e7\u00e3o de Jovens e Adultos integrada \u00e0 forma\u00e7\u00e3o profissional<\/strong>, fortalecendo pr\u00e1ticas pedag\u00f3gicas inclusivas e ampliando as oportunidades educacionais para jovens e adultos trabalhadores.<\/p>\n\n\n\n<h3 class=\"wp-block-heading\">Pr\u00f3ximas orienta\u00e7\u00f5es<\/h3>\n\n\n\n<p>Os(as) <a href=\"https:\/\/concurso.ifbaiano.edu.br\/portal\/edital-236-novembro-2025\/wp-content\/uploads\/sites\/1276\/2026\/03\/Resultado-Final-PGEJA.pdf\">candidatos(as) aprovados(as)<\/a> devem ficar atentos(as) \u00e0s pr\u00f3ximas publica\u00e7\u00f5es na p\u00e1gina do processo seletivo, onde ser\u00e3o divulgadas <strong>informa\u00e7\u00f5es sobre matr\u00edcula e in\u00edcio das atividades do curso<\/strong>.<\/p>\n\n\n\n<p>A lista completa com os nomes dos(as) candidatos(as) e a situa\u00e7\u00e3o no processo seletivo est\u00e1 dispon\u00edvel no documento oficial publicado na <a href=\"https:\/\/concurso.ifbaiano.edu.br\/portal\/edital-236-novembro-2025\/\">p\u00e1gina do IF Baiano<\/a>.<\/p>\n\n\n\n<hr class=\"wp-block-separator has-alpha-channel-opacity\" \/>\n","protected":false},"excerpt":{"rendered":"<p>O Instituto Federal Baiano divulgou, nesta quarta-feira (11), o resultado final do processo seletivo para ingresso na P\u00f3s-Gradua\u00e7\u00e3o Lato Sensu em Educa\u00e7\u00e3o de Jovens e Adultos (EJA) articulada \u00e0 Educa\u00e7\u00e3o Profissional, ofertada pelo Campus Santa In\u00eas. A sele\u00e7\u00e3o \u00e9 regida pelo Edital n\u00ba 236, de 11 de novembro de 2025. A lista final foi publicada [&hellip;]<\/p>\n","protected":false},"author":86,"featured_media":26308,"comment_status":"closed","ping_status":"closed","sticky":false,"template":"","format":"standard","meta":[],"categories":[4,5,57],"tags":[],"_links":{"self":[{"href":"https:\/\/www.ifbaiano.edu.br\/unidades\/santaines\/wp-json\/wp\/v2\/posts\/27159"}],"collection":[{"href":"https:\/\/www.ifbaiano.edu.br\/unidades\/santaines\/wp-json\/wp\/v2\/posts"}],"about":[{"href":"https:\/\/www.ifbaiano.edu.br\/unidades\/santaines\/wp-json\/wp\/v2\/types\/post"}],"author":[{"embeddable":true,"href":"https:\/\/www.ifbaiano.edu.br\/unidades\/santaines\/wp-json\/wp\/v2\/users\/86"}],"replies":[{"embeddable":true,"href":"https:\/\/www.ifbaiano.edu.br\/unidades\/santaines\/wp-json\/wp\/v2\/comments?post=27159"}],"version-history":[{"count":1,"href":"https:\/\/www.ifbaiano.edu.br\/unidades\/santaines\/wp-json\/wp\/v2\/posts\/27159\/revisions"}],"predecessor-version":[{"id":27160,"href":"https:\/\/www.ifbaiano.edu.br\/unidades\/santaines\/wp-json\/wp\/v2\/posts\/27159\/revisions\/27160"}],"wp:featuredmedia":[{"embeddable":true,"href":"https:\/\/www.ifbaiano.edu.br\/unidades\/santaines\/wp-json\/wp\/v2\/media\/26308"}],"wp:attachment":[{"href":"https:\/\/www.ifbaiano.edu.br\/unidades\/santaines\/wp-json\/wp\/v2\/media?parent=27159"}],"wp:term":[{"taxonomy":"category","embeddable":true,"href":"https:\/\/www.ifbaiano.edu.br\/unidades\/santaines\/wp-json\/wp\/v2\/categories?post=27159"},{"taxonomy":"post_tag","embeddable":true,"href":"https:\/\/www.ifbaiano.edu.br\/unidades\/santaines\/wp-json\/wp\/v2\/tags?post=27159"}],"curies":[{"name":"wp","href":"https:\/\/api.w.org\/{rel}","templated":true}]}}