{"id":2717,"date":"2013-01-16T10:53:30","date_gmt":"2013-01-16T13:53:30","guid":{"rendered":"http:\/\/www.ifbaiano.edu.br\/unidades\/santaines\/?p=2717"},"modified":"2013-01-16T10:53:30","modified_gmt":"2013-01-16T13:53:30","slug":"autoavaliacao-institucional-do-if-baiano-pode-ser-realizada-ate-o-dia-8-de-fevereiro","status":"publish","type":"post","link":"https:\/\/www.ifbaiano.edu.br\/unidades\/santaines\/autoavaliacao-institucional-do-if-baiano-pode-ser-realizada-ate-o-dia-8-de-fevereiro\/","title":{"rendered":"Autoavalia\u00e7\u00e3o Institucional do IF Baiano pode ser realizada at\u00e9 o dia 8 de fevereiro"},"content":{"rendered":"<p>A Comiss\u00e3o Pr\u00f3pria de Avalia\u00e7\u00e3o \u2013 CPA informa que acontece at\u00e9 o dia 8 de fevereiro de 2013 a\u00a0<strong>Autoavalia\u00e7\u00e3o Institucional<\/strong>\u00a0do\u00a0<strong>IF Baiano<\/strong><\/p>\n<p><strong><\/strong>Apenas para o\u00a0<em>Campus<\/em>\u00a0Senhor do Bonfim, que possui calend\u00e1rio acad\u00eamico diferenciado, o prazo se estende at\u00e9 o dia 28 de fevereiro de 2013.<\/p>\n<p><a title=\"Avalia\u00e7\u00e3o Institucional\" href=\"http:\/\/www.ifbaiano.edu.br\/reitoria\/?p=18215&amp;preview=true\" target=\"_blank\">Mais informa\u00e7\u00f5es<\/a><\/p>\n","protected":false},"excerpt":{"rendered":"<p>A Comiss\u00e3o Pr\u00f3pria de Avalia\u00e7\u00e3o \u2013 CPA informa que acontece at\u00e9 o dia 8 de fevereiro de 2013 a Autoavalia\u00e7\u00e3o Institucional do IF Baiano<\/p>\n","protected":false},"author":7,"featured_media":0,"comment_status":"closed","ping_status":"closed","sticky":false,"template":"","format":"standard","meta":[],"categories":[10],"tags":[],"_links":{"self":[{"href":"https:\/\/www.ifbaiano.edu.br\/unidades\/santaines\/wp-json\/wp\/v2\/posts\/2717"}],"collection":[{"href":"https:\/\/www.ifbaiano.edu.br\/unidades\/santaines\/wp-json\/wp\/v2\/posts"}],"about":[{"href":"https:\/\/www.ifbaiano.edu.br\/unidades\/santaines\/wp-json\/wp\/v2\/types\/post"}],"author":[{"embeddable":true,"href":"https:\/\/www.ifbaiano.edu.br\/unidades\/santaines\/wp-json\/wp\/v2\/users\/7"}],"replies":[{"embeddable":true,"href":"https:\/\/www.ifbaiano.edu.br\/unidades\/santaines\/wp-json\/wp\/v2\/comments?post=2717"}],"version-history":[{"count":2,"href":"https:\/\/www.ifbaiano.edu.br\/unidades\/santaines\/wp-json\/wp\/v2\/posts\/2717\/revisions"}],"predecessor-version":[{"id":2719,"href":"https:\/\/www.ifbaiano.edu.br\/unidades\/santaines\/wp-json\/wp\/v2\/posts\/2717\/revisions\/2719"}],"wp:attachment":[{"href":"https:\/\/www.ifbaiano.edu.br\/unidades\/santaines\/wp-json\/wp\/v2\/media?parent=2717"}],"wp:term":[{"taxonomy":"category","embeddable":true,"href":"https:\/\/www.ifbaiano.edu.br\/unidades\/santaines\/wp-json\/wp\/v2\/categories?post=2717"},{"taxonomy":"post_tag","embeddable":true,"href":"https:\/\/www.ifbaiano.edu.br\/unidades\/santaines\/wp-json\/wp\/v2\/tags?post=2717"}],"curies":[{"name":"wp","href":"https:\/\/api.w.org\/{rel}","templated":true}]}}