{"id":27250,"date":"2026-03-16T12:38:48","date_gmt":"2026-03-16T15:38:48","guid":{"rendered":"https:\/\/www.ifbaiano.edu.br\/unidades\/santaines\/?p=27250"},"modified":"2026-03-16T14:45:36","modified_gmt":"2026-03-16T17:45:36","slug":"if-baiano-certifica-novos-tecnicos-em-agropecuaria-e-zootecnia-em-santa-ines","status":"publish","type":"post","link":"https:\/\/www.ifbaiano.edu.br\/unidades\/santaines\/if-baiano-certifica-novos-tecnicos-em-agropecuaria-e-zootecnia-em-santa-ines\/","title":{"rendered":"IF Baiano certifica novos t\u00e9cnicos em Agropecu\u00e1ria e Zootecnia em Santa In\u00eas"},"content":{"rendered":"\n<p>Na noite do \u00faltimo s\u00e1bado (14\/03\/2026), o Centro de Cultura de Santa In\u00eas foi palco de um momento especial para estudantes, familiares e servidores do Instituto Federal de Educa\u00e7\u00e3o, Ci\u00eancia e Tecnologia Baiano (IF Baiano) Campus Santa In\u00eas. A institui\u00e7\u00e3o realizou a cerim\u00f4nia de certifica\u00e7\u00e3o dos cursos t\u00e9cnicos em Agropecu\u00e1ria e Zootecnia integrados ao ensino m\u00e9dio, celebrando a conclus\u00e3o de mais uma etapa na trajet\u00f3ria acad\u00eamica e profissional dos estudantes.<\/p>\n\n\n\n<p>A solenidade reuniu autoridades municipais, acad\u00eamicas, familiares e membros da comunidade local para prestigiar os novos profissionais formados pela institui\u00e7\u00e3o. Entre as autoridades presentes estavam o secret\u00e1rio municipal de Cultura, Reuben Marinho, e o Diretor Acad\u00eamico Andr\u00e9 Leonardo Vasconcelos Souza.<\/p>\n\n\n\n<figure class=\"wp-block-gallery has-nested-images columns-default is-cropped wp-block-gallery-1 is-layout-flex\">\n<figure class=\"wp-block-image size-medium\"><a href=\"https:\/\/www.ifbaiano.edu.br\/unidades\/santaines\/files\/2026\/03\/4590-IMG_7816.webp\"><img decoding=\"async\" loading=\"lazy\" width=\"200\" height=\"300\" data-id=\"27262\"  src=\"https:\/\/www.ifbaiano.edu.br\/unidades\/santaines\/files\/2026\/03\/4590-IMG_7816-200x300.webp\" alt=\"\" class=\"wp-image-27262\" srcset=\"https:\/\/www.ifbaiano.edu.br\/unidades\/santaines\/files\/2026\/03\/4590-IMG_7816-200x300.webp 200w, https:\/\/www.ifbaiano.edu.br\/unidades\/santaines\/files\/2026\/03\/4590-IMG_7816-683x1024.webp 683w, https:\/\/www.ifbaiano.edu.br\/unidades\/santaines\/files\/2026\/03\/4590-IMG_7816-100x150.webp 100w, https:\/\/www.ifbaiano.edu.br\/unidades\/santaines\/files\/2026\/03\/4590-IMG_7816.webp 720w\" sizes=\"(max-width: 200px) 100vw, 200px\" \/><\/a><\/figure>\n\n\n\n<figure class=\"wp-block-image size-large\"><a href=\"https:\/\/www.ifbaiano.edu.br\/unidades\/santaines\/files\/2026\/03\/5446-FRE.webp\"><img decoding=\"async\" loading=\"lazy\" width=\"683\" height=\"1024\" data-id=\"27276\"  src=\"https:\/\/www.ifbaiano.edu.br\/unidades\/santaines\/files\/2026\/03\/5446-FRE-683x1024.webp\" alt=\"\" class=\"wp-image-27276\" srcset=\"https:\/\/www.ifbaiano.edu.br\/unidades\/santaines\/files\/2026\/03\/5446-FRE-683x1024.webp 683w, https:\/\/www.ifbaiano.edu.br\/unidades\/santaines\/files\/2026\/03\/5446-FRE-200x300.webp 200w, https:\/\/www.ifbaiano.edu.br\/unidades\/santaines\/files\/2026\/03\/5446-FRE-100x150.webp 100w, https:\/\/www.ifbaiano.edu.br\/unidades\/santaines\/files\/2026\/03\/5446-FRE.webp 720w\" sizes=\"(max-width: 683px) 100vw, 683px\" \/><\/a><\/figure>\n\n\n\n<figure class=\"wp-block-image size-large\"><a href=\"https:\/\/www.ifbaiano.edu.br\/unidades\/santaines\/files\/2026\/03\/4554-IMG_7724.webp\"><img decoding=\"async\" loading=\"lazy\" width=\"683\" height=\"1024\" data-id=\"27253\"  src=\"https:\/\/www.ifbaiano.edu.br\/unidades\/santaines\/files\/2026\/03\/4554-IMG_7724-683x1024.webp\" alt=\"\" class=\"wp-image-27253\" srcset=\"https:\/\/www.ifbaiano.edu.br\/unidades\/santaines\/files\/2026\/03\/4554-IMG_7724-683x1024.webp 683w, https:\/\/www.ifbaiano.edu.br\/unidades\/santaines\/files\/2026\/03\/4554-IMG_7724-200x300.webp 200w, https:\/\/www.ifbaiano.edu.br\/unidades\/santaines\/files\/2026\/03\/4554-IMG_7724-100x150.webp 100w, https:\/\/www.ifbaiano.edu.br\/unidades\/santaines\/files\/2026\/03\/4554-IMG_7724.webp 720w\" sizes=\"(max-width: 683px) 100vw, 683px\" \/><\/a><\/figure>\n\n\n\n<figure class=\"wp-block-image size-large\"><a href=\"https:\/\/www.ifbaiano.edu.br\/unidades\/santaines\/files\/2026\/03\/5446-SEC.webp\"><img decoding=\"async\" loading=\"lazy\" width=\"683\" height=\"1024\" data-id=\"27275\"  src=\"https:\/\/www.ifbaiano.edu.br\/unidades\/santaines\/files\/2026\/03\/5446-SEC-683x1024.webp\" alt=\"\" class=\"wp-image-27275\" srcset=\"https:\/\/www.ifbaiano.edu.br\/unidades\/santaines\/files\/2026\/03\/5446-SEC-683x1024.webp 683w, https:\/\/www.ifbaiano.edu.br\/unidades\/santaines\/files\/2026\/03\/5446-SEC-200x300.webp 200w, https:\/\/www.ifbaiano.edu.br\/unidades\/santaines\/files\/2026\/03\/5446-SEC-100x150.webp 100w, https:\/\/www.ifbaiano.edu.br\/unidades\/santaines\/files\/2026\/03\/5446-SEC.webp 720w\" sizes=\"(max-width: 683px) 100vw, 683px\" \/><\/a><\/figure>\n\n\n\n<figure class=\"wp-block-image size-large\"><a href=\"https:\/\/www.ifbaiano.edu.br\/unidades\/santaines\/files\/2026\/03\/4545-IMG_7602.webp\"><img decoding=\"async\" loading=\"lazy\" width=\"683\" height=\"1024\" data-id=\"27251\"  src=\"https:\/\/www.ifbaiano.edu.br\/unidades\/santaines\/files\/2026\/03\/4545-IMG_7602-683x1024.webp\" alt=\"\" class=\"wp-image-27251\" srcset=\"https:\/\/www.ifbaiano.edu.br\/unidades\/santaines\/files\/2026\/03\/4545-IMG_7602-683x1024.webp 683w, https:\/\/www.ifbaiano.edu.br\/unidades\/santaines\/files\/2026\/03\/4545-IMG_7602-200x300.webp 200w, https:\/\/www.ifbaiano.edu.br\/unidades\/santaines\/files\/2026\/03\/4545-IMG_7602-100x150.webp 100w, https:\/\/www.ifbaiano.edu.br\/unidades\/santaines\/files\/2026\/03\/4545-IMG_7602.webp 720w\" sizes=\"(max-width: 683px) 100vw, 683px\" \/><\/a><\/figure>\n\n\n\n<figure class=\"wp-block-image size-large\"><a href=\"https:\/\/www.ifbaiano.edu.br\/unidades\/santaines\/files\/2026\/03\/4549-IMG_7643.webp\"><img decoding=\"async\" loading=\"lazy\" width=\"683\" height=\"1024\" data-id=\"27252\"  src=\"https:\/\/www.ifbaiano.edu.br\/unidades\/santaines\/files\/2026\/03\/4549-IMG_7643-683x1024.webp\" alt=\"\" class=\"wp-image-27252\" srcset=\"https:\/\/www.ifbaiano.edu.br\/unidades\/santaines\/files\/2026\/03\/4549-IMG_7643-683x1024.webp 683w, https:\/\/www.ifbaiano.edu.br\/unidades\/santaines\/files\/2026\/03\/4549-IMG_7643-200x300.webp 200w, https:\/\/www.ifbaiano.edu.br\/unidades\/santaines\/files\/2026\/03\/4549-IMG_7643-100x150.webp 100w, https:\/\/www.ifbaiano.edu.br\/unidades\/santaines\/files\/2026\/03\/4549-IMG_7643.webp 720w\" sizes=\"(max-width: 683px) 100vw, 683px\" \/><\/a><\/figure>\n<\/figure>\n\n\n\n<p>A mesa de honra foi presidida pela diretora-geral do campus, professora Genilda de Souza Lima, e contou ainda com a presen\u00e7a da secret\u00e1ria municipal de Educa\u00e7\u00e3o, Ana Vit\u00f3ria Cardoso, representando o prefeito Sandro Silva; do coordenador do curso t\u00e9cnico em Agropecu\u00e1ria, professor Hildon Carade; da coordenadora do curso t\u00e9cnico em Zootecnia, professora C\u00e1tia Farago; do representante da Secretaria de Registros Acad\u00eamicos, Bartolomeu de Barros; e do paraninfo das turmas, professor Fred Juli\u00e3o.<\/p>\n\n\n\n<p>A cerim\u00f4nia tamb\u00e9m marcou um momento hist\u00f3rico para a institui\u00e7\u00e3o. H\u00e1 mais de dez anos n\u00e3o ocorria a formatura dos cursos da Educa\u00e7\u00e3o Profissional T\u00e9cnica de N\u00edvel M\u00e9dio (EPTNM) no Campus Santa In\u00eas. A retomada da certifica\u00e7\u00e3o dos cursos t\u00e9cnicos integrados ao ensino m\u00e9dio representa um importante avan\u00e7o institucional e reafirma o compromisso do IF Baiano com a forma\u00e7\u00e3o profissional de jovens do territ\u00f3rio.<\/p>\n\n\n\n<p>De acordo com o diretor acad\u00eamico do campus, professor Andr\u00e9 Leonardo Vasconcelos Souza, esse avan\u00e7o foi poss\u00edvel a partir da reorganiza\u00e7\u00e3o do fluxo formativo dos cursos t\u00e9cnicos. Uma das principais mudan\u00e7as implementadas foi a realiza\u00e7\u00e3o regular do est\u00e1gio curricular obrigat\u00f3rio ainda na segunda s\u00e9rie do ensino m\u00e9dio integrado.<\/p>\n\n\n\n<p>Com essa medida, os estudantes passaram a concluir o est\u00e1gio e defender seus relat\u00f3rios antes da finaliza\u00e7\u00e3o do curso, possibilitando a certifica\u00e7\u00e3o no mesmo ano da conclus\u00e3o do ensino m\u00e9dio.<\/p>\n\n\n\n<p>\u201cAntes, muitos estudantes conclu\u00edam a terceira s\u00e9rie e somente depois iniciavam o est\u00e1gio. Isso fazia com que a defesa do relat\u00f3rio ocorresse apenas no ano seguinte ou, em alguns casos, nem chegasse a ser realizada, o que gerava evas\u00e3o e aumentava os indicadores de reten\u00e7\u00e3o\u201d, explicou o diretor acad\u00eamico.<\/p>\n\n\n\n<p>Durante a cerim\u00f4nia, os concluintes realizaram o juramento profissional, reafirmando o compromisso com a responsabilidade t\u00e9cnica, o respeito ao meio ambiente e a atua\u00e7\u00e3o \u00e9tica nas \u00e1reas da agropecu\u00e1ria e da produ\u00e7\u00e3o animal. O momento simbolizou o in\u00edcio de uma nova etapa na vida dos formandos, que agora passam a integrar o grupo de profissionais qualificados para atuar no setor produtivo ou dar continuidade aos estudos no ensino superior.<\/p>\n\n\n\n<p>A programa\u00e7\u00e3o tamb\u00e9m incluiu discursos, homenagens a servidores e professores que marcaram a trajet\u00f3ria das turmas e a exibi\u00e7\u00e3o de um v\u00eddeo comemorativo preparado pelos estudantes. A oradora das turmas, Emanuelly Lobo Figueiredo, destacou em sua fala os desafios enfrentados ao longo do curso e a import\u00e2ncia do IF Baiano \u2013 Campus Santa In\u00eas para a forma\u00e7\u00e3o t\u00e9cnica, pessoal e profissional dos estudantes.<\/p>\n\n\n\n<figure class=\"wp-block-gallery has-nested-images columns-default is-cropped wp-block-gallery-3 is-layout-flex\">\n<figure class=\"wp-block-image size-large\"><a href=\"https:\/\/www.ifbaiano.edu.br\/unidades\/santaines\/files\/2026\/03\/4573-IMG_7767.webp\"><img decoding=\"async\" loading=\"lazy\" width=\"683\" height=\"1024\" data-id=\"27258\"  src=\"https:\/\/www.ifbaiano.edu.br\/unidades\/santaines\/files\/2026\/03\/4573-IMG_7767-683x1024.webp\" alt=\"\" class=\"wp-image-27258\" srcset=\"https:\/\/www.ifbaiano.edu.br\/unidades\/santaines\/files\/2026\/03\/4573-IMG_7767-683x1024.webp 683w, https:\/\/www.ifbaiano.edu.br\/unidades\/santaines\/files\/2026\/03\/4573-IMG_7767-200x300.webp 200w, https:\/\/www.ifbaiano.edu.br\/unidades\/santaines\/files\/2026\/03\/4573-IMG_7767-100x150.webp 100w, https:\/\/www.ifbaiano.edu.br\/unidades\/santaines\/files\/2026\/03\/4573-IMG_7767.webp 720w\" sizes=\"(max-width: 683px) 100vw, 683px\" \/><\/a><\/figure>\n\n\n\n<figure class=\"wp-block-image size-large\"><a href=\"https:\/\/www.ifbaiano.edu.br\/unidades\/santaines\/files\/2026\/03\/4558-IMG_7733.webp\"><img decoding=\"async\" loading=\"lazy\" width=\"1024\" height=\"683\" data-id=\"27254\"  src=\"https:\/\/www.ifbaiano.edu.br\/unidades\/santaines\/files\/2026\/03\/4558-IMG_7733-1024x683.webp\" alt=\"\" class=\"wp-image-27254\" srcset=\"https:\/\/www.ifbaiano.edu.br\/unidades\/santaines\/files\/2026\/03\/4558-IMG_7733-1024x683.webp 1024w, https:\/\/www.ifbaiano.edu.br\/unidades\/santaines\/files\/2026\/03\/4558-IMG_7733-300x200.webp 300w, https:\/\/www.ifbaiano.edu.br\/unidades\/santaines\/files\/2026\/03\/4558-IMG_7733-768x512.webp 768w, https:\/\/www.ifbaiano.edu.br\/unidades\/santaines\/files\/2026\/03\/4558-IMG_7733-1536x1024.webp 1536w, https:\/\/www.ifbaiano.edu.br\/unidades\/santaines\/files\/2026\/03\/4558-IMG_7733-100x67.webp 100w, https:\/\/www.ifbaiano.edu.br\/unidades\/santaines\/files\/2026\/03\/4558-IMG_7733.webp 1620w\" sizes=\"(max-width: 1024px) 100vw, 1024px\" \/><\/a><\/figure>\n\n\n\n<figure class=\"wp-block-image size-large\"><a href=\"https:\/\/www.ifbaiano.edu.br\/unidades\/santaines\/files\/2026\/03\/4562-IMG_7741.webp\"><img decoding=\"async\" loading=\"lazy\" width=\"1024\" height=\"683\" data-id=\"27255\"  src=\"https:\/\/www.ifbaiano.edu.br\/unidades\/santaines\/files\/2026\/03\/4562-IMG_7741-1024x683.webp\" alt=\"\" class=\"wp-image-27255\" srcset=\"https:\/\/www.ifbaiano.edu.br\/unidades\/santaines\/files\/2026\/03\/4562-IMG_7741-1024x683.webp 1024w, https:\/\/www.ifbaiano.edu.br\/unidades\/santaines\/files\/2026\/03\/4562-IMG_7741-300x200.webp 300w, https:\/\/www.ifbaiano.edu.br\/unidades\/santaines\/files\/2026\/03\/4562-IMG_7741-768x512.webp 768w, https:\/\/www.ifbaiano.edu.br\/unidades\/santaines\/files\/2026\/03\/4562-IMG_7741-1536x1024.webp 1536w, https:\/\/www.ifbaiano.edu.br\/unidades\/santaines\/files\/2026\/03\/4562-IMG_7741-100x67.webp 100w, https:\/\/www.ifbaiano.edu.br\/unidades\/santaines\/files\/2026\/03\/4562-IMG_7741.webp 1620w\" sizes=\"(max-width: 1024px) 100vw, 1024px\" \/><\/a><\/figure>\n\n\n\n<figure class=\"wp-block-image size-large\"><a href=\"https:\/\/www.ifbaiano.edu.br\/unidades\/santaines\/files\/2026\/03\/4566-IMG_7746.webp\"><img decoding=\"async\" loading=\"lazy\" width=\"1024\" height=\"683\" data-id=\"27256\"  src=\"https:\/\/www.ifbaiano.edu.br\/unidades\/santaines\/files\/2026\/03\/4566-IMG_7746-1024x683.webp\" alt=\"\" class=\"wp-image-27256\" srcset=\"https:\/\/www.ifbaiano.edu.br\/unidades\/santaines\/files\/2026\/03\/4566-IMG_7746-1024x683.webp 1024w, https:\/\/www.ifbaiano.edu.br\/unidades\/santaines\/files\/2026\/03\/4566-IMG_7746-300x200.webp 300w, https:\/\/www.ifbaiano.edu.br\/unidades\/santaines\/files\/2026\/03\/4566-IMG_7746-768x512.webp 768w, https:\/\/www.ifbaiano.edu.br\/unidades\/santaines\/files\/2026\/03\/4566-IMG_7746-1536x1024.webp 1536w, https:\/\/www.ifbaiano.edu.br\/unidades\/santaines\/files\/2026\/03\/4566-IMG_7746-100x67.webp 100w, https:\/\/www.ifbaiano.edu.br\/unidades\/santaines\/files\/2026\/03\/4566-IMG_7746.webp 1620w\" sizes=\"(max-width: 1024px) 100vw, 1024px\" \/><\/a><\/figure>\n\n\n\n<figure class=\"wp-block-image size-large\"><a href=\"https:\/\/www.ifbaiano.edu.br\/unidades\/santaines\/files\/2026\/03\/4577-IMG_7773-1.webp\"><img decoding=\"async\" loading=\"lazy\" width=\"683\" height=\"1024\" data-id=\"27259\"  src=\"https:\/\/www.ifbaiano.edu.br\/unidades\/santaines\/files\/2026\/03\/4577-IMG_7773-1-683x1024.webp\" alt=\"\" class=\"wp-image-27259\" srcset=\"https:\/\/www.ifbaiano.edu.br\/unidades\/santaines\/files\/2026\/03\/4577-IMG_7773-1-683x1024.webp 683w, https:\/\/www.ifbaiano.edu.br\/unidades\/santaines\/files\/2026\/03\/4577-IMG_7773-1-200x300.webp 200w, https:\/\/www.ifbaiano.edu.br\/unidades\/santaines\/files\/2026\/03\/4577-IMG_7773-1-100x150.webp 100w, https:\/\/www.ifbaiano.edu.br\/unidades\/santaines\/files\/2026\/03\/4577-IMG_7773-1.webp 720w\" sizes=\"(max-width: 683px) 100vw, 683px\" \/><\/a><\/figure>\n\n\n\n<figure class=\"wp-block-image size-large\"><a href=\"https:\/\/www.ifbaiano.edu.br\/unidades\/santaines\/files\/2026\/03\/4569-IMG_7762.webp\"><img decoding=\"async\" loading=\"lazy\" width=\"683\" height=\"1024\" data-id=\"27257\"  src=\"https:\/\/www.ifbaiano.edu.br\/unidades\/santaines\/files\/2026\/03\/4569-IMG_7762-683x1024.webp\" alt=\"\" class=\"wp-image-27257\" srcset=\"https:\/\/www.ifbaiano.edu.br\/unidades\/santaines\/files\/2026\/03\/4569-IMG_7762-683x1024.webp 683w, https:\/\/www.ifbaiano.edu.br\/unidades\/santaines\/files\/2026\/03\/4569-IMG_7762-200x300.webp 200w, https:\/\/www.ifbaiano.edu.br\/unidades\/santaines\/files\/2026\/03\/4569-IMG_7762-100x150.webp 100w, https:\/\/www.ifbaiano.edu.br\/unidades\/santaines\/files\/2026\/03\/4569-IMG_7762.webp 720w\" sizes=\"(max-width: 683px) 100vw, 683px\" \/><\/a><\/figure>\n\n\n\n<figure class=\"wp-block-image size-large\"><a href=\"https:\/\/www.ifbaiano.edu.br\/unidades\/santaines\/files\/2026\/03\/4586-IMG_7785.webp\"><img decoding=\"async\" loading=\"lazy\" width=\"683\" height=\"1024\" data-id=\"27261\"  src=\"https:\/\/www.ifbaiano.edu.br\/unidades\/santaines\/files\/2026\/03\/4586-IMG_7785-683x1024.webp\" alt=\"\" class=\"wp-image-27261\" srcset=\"https:\/\/www.ifbaiano.edu.br\/unidades\/santaines\/files\/2026\/03\/4586-IMG_7785-683x1024.webp 683w, https:\/\/www.ifbaiano.edu.br\/unidades\/santaines\/files\/2026\/03\/4586-IMG_7785-200x300.webp 200w, https:\/\/www.ifbaiano.edu.br\/unidades\/santaines\/files\/2026\/03\/4586-IMG_7785-100x150.webp 100w, https:\/\/www.ifbaiano.edu.br\/unidades\/santaines\/files\/2026\/03\/4586-IMG_7785.webp 720w\" sizes=\"(max-width: 683px) 100vw, 683px\" \/><\/a><\/figure>\n\n\n\n<figure class=\"wp-block-image size-large\"><a href=\"https:\/\/www.ifbaiano.edu.br\/unidades\/santaines\/files\/2026\/03\/4595-IMG_7798.webp\"><img decoding=\"async\" loading=\"lazy\" width=\"683\" height=\"1024\" data-id=\"27263\"  src=\"https:\/\/www.ifbaiano.edu.br\/unidades\/santaines\/files\/2026\/03\/4595-IMG_7798-683x1024.webp\" alt=\"\" class=\"wp-image-27263\" srcset=\"https:\/\/www.ifbaiano.edu.br\/unidades\/santaines\/files\/2026\/03\/4595-IMG_7798-683x1024.webp 683w, https:\/\/www.ifbaiano.edu.br\/unidades\/santaines\/files\/2026\/03\/4595-IMG_7798-200x300.webp 200w, https:\/\/www.ifbaiano.edu.br\/unidades\/santaines\/files\/2026\/03\/4595-IMG_7798-100x150.webp 100w, https:\/\/www.ifbaiano.edu.br\/unidades\/santaines\/files\/2026\/03\/4595-IMG_7798.webp 720w\" sizes=\"(max-width: 683px) 100vw, 683px\" \/><\/a><\/figure>\n<\/figure>\n\n\n\n<p>O paraninfo das turmas, professor Fred Juli\u00e3o<strong>,<\/strong> tamb\u00e9m dirigiu palavras de incentivo aos novos t\u00e9cnicos, ressaltando o papel transformador da educa\u00e7\u00e3o profissional e tecnol\u00f3gica e sua contribui\u00e7\u00e3o para o desenvolvimento regional.<\/p>\n\n\n\n<p>Ao final da cerim\u00f4nia, a diretora-geral do campus, professora Genilda de Souza Lima, parabenizou os formandos e suas fam\u00edlias pela conquista. Em sua fala, destacou o car\u00e1ter simb\u00f3lico do momento, que tamb\u00e9m marca o encerramento de sua gest\u00e3o \u00e0 frente da Dire\u00e7\u00e3o-Geral do Campus Santa In\u00eas.<\/p>\n\n\n\n<p>Segundo a gestora, a realiza\u00e7\u00e3o da formatura dos cursos t\u00e9cnicos integrados ao ensino m\u00e9dio representa um importante marco institucional para o campus e reafirma o papel do Instituto Federal Baiano na forma\u00e7\u00e3o de profissionais em \u00e1reas estrat\u00e9gicas para o desenvolvimento regional.<\/p>\n\n\n\n<p>\u201cA certifica\u00e7\u00e3o dos estudantes fortalece a miss\u00e3o da educa\u00e7\u00e3o profissional, cient\u00edfica e tecnol\u00f3gica e contribui para a forma\u00e7\u00e3o de t\u00e9cnicos em \u00e1reas fundamentais, como Agropecu\u00e1ria e Zootecnia, essenciais para o desenvolvimento do nosso territ\u00f3rio e para o fortalecimento da produ\u00e7\u00e3o rural\u201d, destacou.<\/p>\n\n\n\n<p>A diretora tamb\u00e9m ressaltou que a conquista celebrada na cerim\u00f4nia \u00e9 resultado do trabalho coletivo da comunidade acad\u00eamica.<\/p>\n\n\n\n<p>\u201cUma gest\u00e3o nunca realiza nada sozinha. Cada avan\u00e7o do campus \u00e9 fruto do compromisso, da dedica\u00e7\u00e3o e do trabalho de servidores que acreditam na educa\u00e7\u00e3o p\u00fablica e na miss\u00e3o do Instituto Federal Baiano\u201d, afirmou.<\/p>\n\n\n\n<p>Ao encerrar sua participa\u00e7\u00e3o, a gestora parabenizou novamente os formandos e suas fam\u00edlias e, com entusiasmo, declarou oficialmente encerrada a cerim\u00f4nia de certifica\u00e7\u00e3o dos cursos t\u00e9cnicos em Agropecu\u00e1ria e Zootecnia.<\/p>\n\n\n\n<h2 class=\"wp-block-heading\">Parceria institucional<\/h2>\n\n\n\n<p>A realiza\u00e7\u00e3o da cerim\u00f4nia tamb\u00e9m contou com o importante apoio da Prefeitura Municipal de Santa In\u00eas, parceira institucional do campus. O evento foi realizado no Centro de Culturas de Santa In\u00eas, espa\u00e7o cedido pela gest\u00e3o municipal para a realiza\u00e7\u00e3o da solenidade.<\/p>\n\n\n\n<p>Representando o prefeito Sandro Silva, a secret\u00e1ria municipal de Educa\u00e7\u00e3o<strong>, Ana Vit\u00f3ria Cardoso<\/strong>, participou da cerim\u00f4nia, integrou a mesa de honra e tamb\u00e9m fez uso da palavra durante o evento. Em sua fala, parabenizou os estudantes pela conquista e destacou a import\u00e2ncia da educa\u00e7\u00e3o na constru\u00e7\u00e3o de oportunidades para os jovens, incentivando os formandos a continuarem investindo em sua forma\u00e7\u00e3o e trajet\u00f3ria profissional.<\/p>\n\n\n\n<p>A diretora-geral do campus tamb\u00e9m agradeceu \u00e0 Prefeitura Municipal pela parceria e pela cess\u00e3o do espa\u00e7o, ressaltando a import\u00e2ncia da colabora\u00e7\u00e3o entre as institui\u00e7\u00f5es p\u00fablicas para o fortalecimento das a\u00e7\u00f5es educacionais no territ\u00f3rio.<\/p>\n\n\n\n<p>O Centro de Culturas de Santa In\u00eas, reconhecido como um dos mais importantes espa\u00e7os culturais do Vale do Jiquiri\u00e7\u00e1, al\u00e9m de sua beleza e relev\u00e2ncia para a regi\u00e3o, contribuiu para tornar a cerim\u00f4nia ainda mais especial para a comunidade acad\u00eamica e para a popula\u00e7\u00e3o local.<\/p>\n\n\n\n<h2 class=\"wp-block-heading\">Organiza\u00e7\u00e3o da cerim\u00f4nia<\/h2>\n\n\n\n<p>Mesmo em um cen\u00e1rio de limita\u00e7\u00f5es or\u00e7ament\u00e1rias, o evento foi realizado sem a contrata\u00e7\u00e3o de empresas, para o cerimonial, ou utiliza\u00e7\u00e3o de recursos financeiros do campus, evidenciando o comprometimento da comunidade acad\u00eamica com a realiza\u00e7\u00e3o da cerim\u00f4nia.<\/p>\n\n\n\n<p>Entre os profissionais que contribu\u00edram para a organiza\u00e7\u00e3o do evento destacam-se as professoras Tharcilla Pess\u00f4a e Patr\u00edcia Moura, a mestre de cerim\u00f4nias Nelian Nascimento e as colaboradoras Renata Duarte e Gizele Barreto, que se dedicaram \u00e0 constru\u00e7\u00e3o de cada detalhe da solenidade, tornando o momento ainda mais especial para os estudantes e suas fam\u00edlias.<\/p>\n\n\n\n<figure class=\"wp-block-gallery has-nested-images columns-default is-cropped wp-block-gallery-5 is-layout-flex\">\n<figure class=\"wp-block-image size-large\"><a href=\"https:\/\/www.ifbaiano.edu.br\/unidades\/santaines\/files\/2026\/03\/4607-IMG_7839.webp\"><img decoding=\"async\" loading=\"lazy\" width=\"1024\" height=\"683\" data-id=\"27266\"  src=\"https:\/\/www.ifbaiano.edu.br\/unidades\/santaines\/files\/2026\/03\/4607-IMG_7839-1024x683.webp\" alt=\"\" class=\"wp-image-27266\" srcset=\"https:\/\/www.ifbaiano.edu.br\/unidades\/santaines\/files\/2026\/03\/4607-IMG_7839-1024x683.webp 1024w, https:\/\/www.ifbaiano.edu.br\/unidades\/santaines\/files\/2026\/03\/4607-IMG_7839-300x200.webp 300w, https:\/\/www.ifbaiano.edu.br\/unidades\/santaines\/files\/2026\/03\/4607-IMG_7839-768x512.webp 768w, https:\/\/www.ifbaiano.edu.br\/unidades\/santaines\/files\/2026\/03\/4607-IMG_7839-1536x1024.webp 1536w, https:\/\/www.ifbaiano.edu.br\/unidades\/santaines\/files\/2026\/03\/4607-IMG_7839-100x67.webp 100w, https:\/\/www.ifbaiano.edu.br\/unidades\/santaines\/files\/2026\/03\/4607-IMG_7839.webp 1620w\" sizes=\"(max-width: 1024px) 100vw, 1024px\" \/><\/a><\/figure>\n\n\n\n<figure class=\"wp-block-image size-large\"><a href=\"https:\/\/www.ifbaiano.edu.br\/unidades\/santaines\/files\/2026\/03\/4602-IMG_7832.webp\"><img decoding=\"async\" loading=\"lazy\" width=\"1024\" height=\"683\" data-id=\"27265\"  src=\"https:\/\/www.ifbaiano.edu.br\/unidades\/santaines\/files\/2026\/03\/4602-IMG_7832-1024x683.webp\" alt=\"\" class=\"wp-image-27265\" srcset=\"https:\/\/www.ifbaiano.edu.br\/unidades\/santaines\/files\/2026\/03\/4602-IMG_7832-1024x683.webp 1024w, https:\/\/www.ifbaiano.edu.br\/unidades\/santaines\/files\/2026\/03\/4602-IMG_7832-300x200.webp 300w, https:\/\/www.ifbaiano.edu.br\/unidades\/santaines\/files\/2026\/03\/4602-IMG_7832-768x512.webp 768w, https:\/\/www.ifbaiano.edu.br\/unidades\/santaines\/files\/2026\/03\/4602-IMG_7832-1536x1024.webp 1536w, https:\/\/www.ifbaiano.edu.br\/unidades\/santaines\/files\/2026\/03\/4602-IMG_7832-100x67.webp 100w, https:\/\/www.ifbaiano.edu.br\/unidades\/santaines\/files\/2026\/03\/4602-IMG_7832.webp 1620w\" sizes=\"(max-width: 1024px) 100vw, 1024px\" \/><\/a><\/figure>\n\n\n\n<figure class=\"wp-block-image size-large\"><a href=\"https:\/\/www.ifbaiano.edu.br\/unidades\/santaines\/files\/2026\/03\/4619-IMG_7855.webp\"><img decoding=\"async\" loading=\"lazy\" width=\"1024\" height=\"683\" data-id=\"27269\"  src=\"https:\/\/www.ifbaiano.edu.br\/unidades\/santaines\/files\/2026\/03\/4619-IMG_7855-1024x683.webp\" alt=\"\" class=\"wp-image-27269\" srcset=\"https:\/\/www.ifbaiano.edu.br\/unidades\/santaines\/files\/2026\/03\/4619-IMG_7855-1024x683.webp 1024w, https:\/\/www.ifbaiano.edu.br\/unidades\/santaines\/files\/2026\/03\/4619-IMG_7855-300x200.webp 300w, https:\/\/www.ifbaiano.edu.br\/unidades\/santaines\/files\/2026\/03\/4619-IMG_7855-768x512.webp 768w, https:\/\/www.ifbaiano.edu.br\/unidades\/santaines\/files\/2026\/03\/4619-IMG_7855-1536x1024.webp 1536w, https:\/\/www.ifbaiano.edu.br\/unidades\/santaines\/files\/2026\/03\/4619-IMG_7855-100x67.webp 100w, https:\/\/www.ifbaiano.edu.br\/unidades\/santaines\/files\/2026\/03\/4619-IMG_7855.webp 1620w\" sizes=\"(max-width: 1024px) 100vw, 1024px\" \/><\/a><\/figure>\n<\/figure>\n\n\n\n<hr class=\"wp-block-separator has-alpha-channel-opacity\" \/>\n\n\n\n<p><strong>Texto:<\/strong>&nbsp;Professor Andr\u00e9 Leonardo Vasconcelos Souza<\/p>\n","protected":false},"excerpt":{"rendered":"<p>Na noite do \u00faltimo s\u00e1bado (14\/03\/2026), o Centro de Cultura de Santa In\u00eas foi palco de um momento especial para estudantes, familiares e servidores do Instituto Federal de Educa\u00e7\u00e3o, Ci\u00eancia e Tecnologia Baiano (IF Baiano) Campus Santa In\u00eas. A institui\u00e7\u00e3o realizou a cerim\u00f4nia de certifica\u00e7\u00e3o dos cursos t\u00e9cnicos em Agropecu\u00e1ria e Zootecnia integrados ao ensino [&hellip;]<\/p>\n","protected":false},"author":86,"featured_media":27272,"comment_status":"closed","ping_status":"closed","sticky":false,"template":"","format":"standard","meta":[],"categories":[4,5,57],"tags":[],"_links":{"self":[{"href":"https:\/\/www.ifbaiano.edu.br\/unidades\/santaines\/wp-json\/wp\/v2\/posts\/27250"}],"collection":[{"href":"https:\/\/www.ifbaiano.edu.br\/unidades\/santaines\/wp-json\/wp\/v2\/posts"}],"about":[{"href":"https:\/\/www.ifbaiano.edu.br\/unidades\/santaines\/wp-json\/wp\/v2\/types\/post"}],"author":[{"embeddable":true,"href":"https:\/\/www.ifbaiano.edu.br\/unidades\/santaines\/wp-json\/wp\/v2\/users\/86"}],"replies":[{"embeddable":true,"href":"https:\/\/www.ifbaiano.edu.br\/unidades\/santaines\/wp-json\/wp\/v2\/comments?post=27250"}],"version-history":[{"count":3,"href":"https:\/\/www.ifbaiano.edu.br\/unidades\/santaines\/wp-json\/wp\/v2\/posts\/27250\/revisions"}],"predecessor-version":[{"id":27280,"href":"https:\/\/www.ifbaiano.edu.br\/unidades\/santaines\/wp-json\/wp\/v2\/posts\/27250\/revisions\/27280"}],"wp:featuredmedia":[{"embeddable":true,"href":"https:\/\/www.ifbaiano.edu.br\/unidades\/santaines\/wp-json\/wp\/v2\/media\/27272"}],"wp:attachment":[{"href":"https:\/\/www.ifbaiano.edu.br\/unidades\/santaines\/wp-json\/wp\/v2\/media?parent=27250"}],"wp:term":[{"taxonomy":"category","embeddable":true,"href":"https:\/\/www.ifbaiano.edu.br\/unidades\/santaines\/wp-json\/wp\/v2\/categories?post=27250"},{"taxonomy":"post_tag","embeddable":true,"href":"https:\/\/www.ifbaiano.edu.br\/unidades\/santaines\/wp-json\/wp\/v2\/tags?post=27250"}],"curies":[{"name":"wp","href":"https:\/\/api.w.org\/{rel}","templated":true}]}}