{"id":27284,"date":"2026-03-16T21:02:37","date_gmt":"2026-03-17T00:02:37","guid":{"rendered":"https:\/\/www.ifbaiano.edu.br\/unidades\/santaines\/?p=27284"},"modified":"2026-03-16T21:03:19","modified_gmt":"2026-03-17T00:03:19","slug":"if-baiano-campus-santa-ines-abre-selecao-para-bolsistas-do-pibid-nas-licenciaturas","status":"publish","type":"post","link":"https:\/\/www.ifbaiano.edu.br\/unidades\/santaines\/if-baiano-campus-santa-ines-abre-selecao-para-bolsistas-do-pibid-nas-licenciaturas\/","title":{"rendered":"IF Baiano \u2013 Campus Santa In\u00eas abre sele\u00e7\u00e3o para bolsistas do PIBID nas licenciaturas"},"content":{"rendered":"\n<p>O Instituto Federal Baiano (IF Baiano) publicou a <strong><a href=\"https:\/\/concurso.ifbaiano.edu.br\/portal\/selecao-discente-licenciatura-bolsista-pibid-outubro-2024\/wp-content\/uploads\/sites\/1088\/2026\/03\/CHAMADA-PUBLICA-06-EDITAL-11-SANTA-INE%CC%82S.pdf\">Chamada P\u00fablica n\u00ba 06<\/a><\/strong>, vinculada ao <a href=\"https:\/\/concurso.ifbaiano.edu.br\/portal\/selecao-discente-licenciatura-bolsista-pibid-outubro-2024\/wp-content\/uploads\/sites\/1088\/2024\/10\/Edital-no-211.pdf\">Edital n\u00ba 211\/2024<\/a>, para sele\u00e7\u00e3o de estudantes das licenciaturas que desejam participar do <strong>Programa Institucional de Bolsa de Inicia\u00e7\u00e3o \u00e0 Doc\u00eancia (PIBID)<\/strong>. No Campus Santa In\u00eas, a sele\u00e7\u00e3o \u00e9 destinada ao <strong>subprojeto interdisciplinar de Biologia e Geografia<\/strong>, com forma\u00e7\u00e3o de cadastro de reserva para bolsistas.<\/p>\n\n\n\n<p>O PIBID \u00e9 um programa da Coordena\u00e7\u00e3o de Aperfei\u00e7oamento de Pessoal de N\u00edvel Superior (Capes) que busca incentivar a forma\u00e7\u00e3o de professores e aproximar os estudantes das licenciaturas da realidade das escolas p\u00fablicas da educa\u00e7\u00e3o b\u00e1sica. No IF Baiano, o programa \u00e9 coordenado institucionalmente pela Pr\u00f3-Reitoria de Ensino (PROEN) e integra o projeto institucional do per\u00edodo <strong>2024\u20132026<\/strong>.<\/p>\n\n\n\n<p>No Campus Santa In\u00eas, podem participar estudantes regularmente matriculados nas <strong>Licenciaturas em Ci\u00eancias Biol\u00f3gicas ou Geografia<\/strong>, desde que atendam aos requisitos do edital, como bom desempenho acad\u00eamico e disponibilidade m\u00ednima de <strong>10 horas semanais<\/strong> para desenvolvimento das atividades do programa.<\/p>\n\n\n\n<p>As atividades do PIBID envolvem a inser\u00e7\u00e3o dos licenciandos em escolas da rede p\u00fablica de educa\u00e7\u00e3o b\u00e1sica, onde os participantes desenvolvem pr\u00e1ticas pedag\u00f3gicas, atividades de estudo, projetos e a\u00e7\u00f5es voltadas \u00e0 articula\u00e7\u00e3o entre teoria e pr\u00e1tica na forma\u00e7\u00e3o docente. O programa tamb\u00e9m incentiva a produ\u00e7\u00e3o de materiais did\u00e1ticos, a participa\u00e7\u00e3o em pesquisas e o desenvolvimento de metodologias inovadoras de ensino.<\/p>\n\n\n\n<h3 class=\"wp-block-heading\">Inscri\u00e7\u00f5es<\/h3>\n\n\n\n<p>As inscri\u00e7\u00f5es devem ser realizadas <strong>de 18 a 24 de mar\u00e7o de 2026<\/strong>, por meio de <a href=\"https:\/\/forms.gle\/BNLf6aPK6qzht6vT9\">formul\u00e1rio eletr\u00f4nico<\/a>. Para se inscrever, o candidato dever\u00e1 anexar documentos como comprovante de matr\u00edcula, hist\u00f3rico escolar (ou boletim do Enem, para estudantes do primeiro semestre), documentos pessoais e uma <strong>carta de inten\u00e7\u00e3o<\/strong>, na qual dever\u00e1 apresentar suas motiva\u00e7\u00f5es para participar do programa.<\/p>\n\n\n\n<h3 class=\"wp-block-heading\">Sele\u00e7\u00e3o<\/h3>\n\n\n\n<p>O processo seletivo ser\u00e1 composto por duas etapas classificat\u00f3rias:<\/p>\n\n\n\n<ul>\n<li><strong>An\u00e1lise do hist\u00f3rico escolar ou boletim do Enem<\/strong>, com peso maior na pontua\u00e7\u00e3o;<\/li>\n\n\n\n<li><strong>Avalia\u00e7\u00e3o da carta de inten\u00e7\u00e3o<\/strong>, considerando motiva\u00e7\u00f5es, coer\u00eancia com os objetivos do programa e aspectos da escrita.<\/li>\n<\/ul>\n\n\n\n<p>O resultado preliminar est\u00e1 previsto para <strong>1\u00ba de abril de 2026<\/strong>, com divulga\u00e7\u00e3o do resultado final em <strong>7 de abril<\/strong>. O in\u00edcio das atividades dos bolsistas est\u00e1 previsto para <strong>8 de abril de 2026<\/strong>, conforme cronograma da chamada p\u00fablica.<\/p>\n\n\n\n<h3 class=\"wp-block-heading\">Bolsa<\/h3>\n\n\n\n<p>Os estudantes selecionados poder\u00e3o receber <strong>bolsa mensal no valor de R$ 700<\/strong>, paga diretamente pela Capes durante o per\u00edodo de participa\u00e7\u00e3o no programa, de acordo com a disponibilidade de cotas.<\/p>\n\n\n\n<p>Mais informa\u00e7\u00f5es, incluindo o edital completo e o formul\u00e1rio de inscri\u00e7\u00e3o, est\u00e3o dispon\u00edveis na <a href=\"https:\/\/concurso.ifbaiano.edu.br\/portal\/selecao-discente-licenciatura-bolsista-pibid-outubro-2024\/\">p\u00e1gina de concursos do IF Baiano<\/a>.<\/p>\n\n\n\n<hr class=\"wp-block-separator has-alpha-channel-opacity\" \/>\n","protected":false},"excerpt":{"rendered":"<p>O Instituto Federal Baiano (IF Baiano) publicou a Chamada P\u00fablica n\u00ba 06, vinculada ao Edital n\u00ba 211\/2024, para sele\u00e7\u00e3o de estudantes das licenciaturas que desejam participar do Programa Institucional de Bolsa de Inicia\u00e7\u00e3o \u00e0 Doc\u00eancia (PIBID). No Campus Santa In\u00eas, a sele\u00e7\u00e3o \u00e9 destinada ao subprojeto interdisciplinar de Biologia e Geografia, com forma\u00e7\u00e3o de cadastro [&hellip;]<\/p>\n","protected":false},"author":86,"featured_media":27285,"comment_status":"closed","ping_status":"closed","sticky":false,"template":"","format":"standard","meta":[],"categories":[4,38,12,8,57],"tags":[],"_links":{"self":[{"href":"https:\/\/www.ifbaiano.edu.br\/unidades\/santaines\/wp-json\/wp\/v2\/posts\/27284"}],"collection":[{"href":"https:\/\/www.ifbaiano.edu.br\/unidades\/santaines\/wp-json\/wp\/v2\/posts"}],"about":[{"href":"https:\/\/www.ifbaiano.edu.br\/unidades\/santaines\/wp-json\/wp\/v2\/types\/post"}],"author":[{"embeddable":true,"href":"https:\/\/www.ifbaiano.edu.br\/unidades\/santaines\/wp-json\/wp\/v2\/users\/86"}],"replies":[{"embeddable":true,"href":"https:\/\/www.ifbaiano.edu.br\/unidades\/santaines\/wp-json\/wp\/v2\/comments?post=27284"}],"version-history":[{"count":1,"href":"https:\/\/www.ifbaiano.edu.br\/unidades\/santaines\/wp-json\/wp\/v2\/posts\/27284\/revisions"}],"predecessor-version":[{"id":27286,"href":"https:\/\/www.ifbaiano.edu.br\/unidades\/santaines\/wp-json\/wp\/v2\/posts\/27284\/revisions\/27286"}],"wp:featuredmedia":[{"embeddable":true,"href":"https:\/\/www.ifbaiano.edu.br\/unidades\/santaines\/wp-json\/wp\/v2\/media\/27285"}],"wp:attachment":[{"href":"https:\/\/www.ifbaiano.edu.br\/unidades\/santaines\/wp-json\/wp\/v2\/media?parent=27284"}],"wp:term":[{"taxonomy":"category","embeddable":true,"href":"https:\/\/www.ifbaiano.edu.br\/unidades\/santaines\/wp-json\/wp\/v2\/categories?post=27284"},{"taxonomy":"post_tag","embeddable":true,"href":"https:\/\/www.ifbaiano.edu.br\/unidades\/santaines\/wp-json\/wp\/v2\/tags?post=27284"}],"curies":[{"name":"wp","href":"https:\/\/api.w.org\/{rel}","templated":true}]}}