{"id":2735,"date":"2013-01-23T09:31:44","date_gmt":"2013-01-23T12:31:44","guid":{"rendered":"http:\/\/www.ifbaiano.edu.br\/unidades\/santaines\/?p=2735"},"modified":"2013-01-23T17:29:46","modified_gmt":"2013-01-23T20:29:46","slug":"if-baiano-abre-processo-seletivo-para-cursos-tecnicos-a-distancia-em-13-cidades","status":"publish","type":"post","link":"https:\/\/www.ifbaiano.edu.br\/unidades\/santaines\/if-baiano-abre-processo-seletivo-para-cursos-tecnicos-a-distancia-em-13-cidades\/","title":{"rendered":"IF Baiano abre Processo Seletivo para cursos t\u00e9cnicos a dist\u00e2ncia em 13 cidades"},"content":{"rendered":"<p><span style=\"color: #000000\">No dia 28 de janeiro de 2013 come\u00e7am as inscri\u00e7\u00f5es do Processo Seletivo para os cursos t\u00e9cnicos a dist\u00e2ncia na modalidade subsequente (curso para quem j\u00e1 concluiu o ensino m\u00e9dio) do IF Baiano. As inscri\u00e7\u00f5es ser\u00e3o realizadas, gratuitamente,\u00a0<strong>at\u00e9 o dia 17 de fevereiro de 2013<\/strong>, atrav\u00e9s da p\u00e1gina\u00a0<a href=\"http:\/\/concursos.ifbaiano.edu.br\/\" target=\"_blank\"><span style=\"color: #000000\">concursos.ifbaiano.edu.br\/<\/span><\/a>. S\u00e3o 760 vagas nos cursos t\u00e9cnicos de Transa\u00e7\u00f5es Imobili\u00e1rias; Agente Comunit\u00e1rio de Sa\u00fade e Hospedagem.<\/span><\/p>\n<p><a href=\"http:\/\/www.ifbaiano.edu.br\/reitoria\/?p=18253\" target=\"_blank\">Acesse aqui e saiba mais informa\u00e7\u00f5es<\/a><\/p>\n","protected":false},"excerpt":{"rendered":"<p>As inscri\u00e7\u00f5es come\u00e7am no dia 28 de janeiro de 2013<\/p>\n","protected":false},"author":7,"featured_media":0,"comment_status":"closed","ping_status":"closed","sticky":false,"template":"","format":"standard","meta":[],"categories":[10],"tags":[],"_links":{"self":[{"href":"https:\/\/www.ifbaiano.edu.br\/unidades\/santaines\/wp-json\/wp\/v2\/posts\/2735"}],"collection":[{"href":"https:\/\/www.ifbaiano.edu.br\/unidades\/santaines\/wp-json\/wp\/v2\/posts"}],"about":[{"href":"https:\/\/www.ifbaiano.edu.br\/unidades\/santaines\/wp-json\/wp\/v2\/types\/post"}],"author":[{"embeddable":true,"href":"https:\/\/www.ifbaiano.edu.br\/unidades\/santaines\/wp-json\/wp\/v2\/users\/7"}],"replies":[{"embeddable":true,"href":"https:\/\/www.ifbaiano.edu.br\/unidades\/santaines\/wp-json\/wp\/v2\/comments?post=2735"}],"version-history":[{"count":3,"href":"https:\/\/www.ifbaiano.edu.br\/unidades\/santaines\/wp-json\/wp\/v2\/posts\/2735\/revisions"}],"predecessor-version":[{"id":2737,"href":"https:\/\/www.ifbaiano.edu.br\/unidades\/santaines\/wp-json\/wp\/v2\/posts\/2735\/revisions\/2737"}],"wp:attachment":[{"href":"https:\/\/www.ifbaiano.edu.br\/unidades\/santaines\/wp-json\/wp\/v2\/media?parent=2735"}],"wp:term":[{"taxonomy":"category","embeddable":true,"href":"https:\/\/www.ifbaiano.edu.br\/unidades\/santaines\/wp-json\/wp\/v2\/categories?post=2735"},{"taxonomy":"post_tag","embeddable":true,"href":"https:\/\/www.ifbaiano.edu.br\/unidades\/santaines\/wp-json\/wp\/v2\/tags?post=2735"}],"curies":[{"name":"wp","href":"https:\/\/api.w.org\/{rel}","templated":true}]}}