{"id":27572,"date":"2026-04-27T13:50:45","date_gmt":"2026-04-27T16:50:45","guid":{"rendered":"https:\/\/www.ifbaiano.edu.br\/unidades\/santaines\/?p=27572"},"modified":"2026-04-28T08:37:37","modified_gmt":"2026-04-28T11:37:37","slug":"if-baiano-campus-santa-ines-abre-inscricoes-para-grupo-de-estudos-com-foco-no-enem","status":"publish","type":"post","link":"https:\/\/www.ifbaiano.edu.br\/unidades\/santaines\/if-baiano-campus-santa-ines-abre-inscricoes-para-grupo-de-estudos-com-foco-no-enem\/","title":{"rendered":"IF Baiano \u2013 Campus Santa In\u00eas abre inscri\u00e7\u00f5es para Grupo de Estudos com foco no Enem"},"content":{"rendered":"\n<p>Est\u00e3o abertas, entre os dias 27 e 29 de abril de 2026, as inscri\u00e7\u00f5es para o processo seletivo do Grupo de Estudos em Matem\u00e1tica e suas Tecnologias com foco no Exame Nacional do Ensino M\u00e9dio (GEMTENEM), no IF Baiano \u2013 Campus Santa In\u00eas. Ao todo, s\u00e3o ofertadas 35 vagas para estudantes regularmente matriculados nos cursos t\u00e9cnicos integrados da institui\u00e7\u00e3o.<\/p>\n\n\n\n<p>De acordo com o <a href=\"https:\/\/www.ifbaiano.edu.br\/unidades\/santaines\/files\/2026\/04\/Edital-selecao-Grupo-de-Estudos-em-Matematica.pdf\">edital<\/a>, o GEMTENEM constitui-se como um espa\u00e7o formativo de natureza acad\u00eamica, voltado ao aprofundamento de conhecimentos matem\u00e1ticos, ao desenvolvimento do pensamento cient\u00edfico e \u00e0 prepara\u00e7\u00e3o para o Enem. As atividades incluem estudo orientado, resolu\u00e7\u00e3o de problemas e discuss\u00f5es te\u00f3ricas, contribuindo para a forma\u00e7\u00e3o integral dos estudantes.<\/p>\n\n\n\n<p>Podem se inscrever estudantes de todas as s\u00e9ries dos cursos t\u00e9cnicos integrados ao Ensino M\u00e9dio (Agropecu\u00e1ria, Alimentos, Inform\u00e1tica e Zootecnia). No entanto, caso o n\u00famero de inscritos ultrapasse o total de vagas dispon\u00edveis (35), ter\u00e3o prioridade os alunos da 3\u00aa s\u00e9rie, seguidos pela ordem de inscri\u00e7\u00e3o.<\/p>\n\n\n\n<p>A proposta do grupo \u00e9 promover uma prepara\u00e7\u00e3o qualificada para o Enem, com foco na \u00e1rea de Matem\u00e1tica e suas Tecnologias, explorando as habilidades previstas na matriz de refer\u00eancia do exame. Para isso, ser\u00e3o utilizados materiais did\u00e1ticos espec\u00edficos, incluindo m\u00f3dulos de quest\u00f5es organizadas por conte\u00fado e n\u00edvel de dificuldade, al\u00e9m da media\u00e7\u00e3o do professor respons\u00e1vel.<\/p>\n\n\n\n<p>Segundo o professor respons\u00e1vel pelo projeto, \u00cdcaro Tavares, o retorno das atividades em 2026 ocorre ap\u00f3s os resultados positivos alcan\u00e7ados no ano anterior. \u201cDiversos estudantes relataram a import\u00e2ncia do GEMTENEM em sua prepara\u00e7\u00e3o, refletida nas aprova\u00e7\u00f5es em programas como o Sistema de Sele\u00e7\u00e3o Unificada e o Programa Universidade para Todos. Contamos com a participa\u00e7\u00e3o e dedica\u00e7\u00e3o dos estudantes para que possamos, juntos, ampliar as oportunidades de acesso ao ensino superior\u201d, destacou.<\/p>\n\n\n\n<p>As inscri\u00e7\u00f5es devem ser realizadas exclusivamente por meio de <a href=\"https:\/\/forms.office.com\/r\/KybbwpczeY\">formul\u00e1rio eletr\u00f4nico<\/a>.<\/p>\n\n\n\n<p>A iniciativa reafirma o compromisso do IF Baiano \u2013 Campus Santa In\u00eas com a qualidade do ensino e com o fortalecimento das trajet\u00f3rias acad\u00eamicas de seus estudantes, ampliando suas chances de ingresso no ensino superior.<\/p>\n\n\n\n<hr class=\"wp-block-separator has-alpha-channel-opacity\" \/>\n","protected":false},"excerpt":{"rendered":"<p>Est\u00e3o abertas, entre os dias 27 e 29 de abril de 2026, as inscri\u00e7\u00f5es para o processo seletivo do Grupo de Estudos em Matem\u00e1tica e suas Tecnologias com foco no Exame Nacional do Ensino M\u00e9dio (GEMTENEM), no IF Baiano \u2013 Campus Santa In\u00eas. Ao todo, s\u00e3o ofertadas 35 vagas para estudantes regularmente matriculados nos cursos [&hellip;]<\/p>\n","protected":false},"author":86,"featured_media":27574,"comment_status":"closed","ping_status":"closed","sticky":false,"template":"","format":"standard","meta":[],"categories":[4,38,5,8,57],"tags":[],"_links":{"self":[{"href":"https:\/\/www.ifbaiano.edu.br\/unidades\/santaines\/wp-json\/wp\/v2\/posts\/27572"}],"collection":[{"href":"https:\/\/www.ifbaiano.edu.br\/unidades\/santaines\/wp-json\/wp\/v2\/posts"}],"about":[{"href":"https:\/\/www.ifbaiano.edu.br\/unidades\/santaines\/wp-json\/wp\/v2\/types\/post"}],"author":[{"embeddable":true,"href":"https:\/\/www.ifbaiano.edu.br\/unidades\/santaines\/wp-json\/wp\/v2\/users\/86"}],"replies":[{"embeddable":true,"href":"https:\/\/www.ifbaiano.edu.br\/unidades\/santaines\/wp-json\/wp\/v2\/comments?post=27572"}],"version-history":[{"count":3,"href":"https:\/\/www.ifbaiano.edu.br\/unidades\/santaines\/wp-json\/wp\/v2\/posts\/27572\/revisions"}],"predecessor-version":[{"id":27580,"href":"https:\/\/www.ifbaiano.edu.br\/unidades\/santaines\/wp-json\/wp\/v2\/posts\/27572\/revisions\/27580"}],"wp:featuredmedia":[{"embeddable":true,"href":"https:\/\/www.ifbaiano.edu.br\/unidades\/santaines\/wp-json\/wp\/v2\/media\/27574"}],"wp:attachment":[{"href":"https:\/\/www.ifbaiano.edu.br\/unidades\/santaines\/wp-json\/wp\/v2\/media?parent=27572"}],"wp:term":[{"taxonomy":"category","embeddable":true,"href":"https:\/\/www.ifbaiano.edu.br\/unidades\/santaines\/wp-json\/wp\/v2\/categories?post=27572"},{"taxonomy":"post_tag","embeddable":true,"href":"https:\/\/www.ifbaiano.edu.br\/unidades\/santaines\/wp-json\/wp\/v2\/tags?post=27572"}],"curies":[{"name":"wp","href":"https:\/\/api.w.org\/{rel}","templated":true}]}}