{"id":27581,"date":"2026-04-28T10:55:34","date_gmt":"2026-04-28T13:55:34","guid":{"rendered":"https:\/\/www.ifbaiano.edu.br\/unidades\/santaines\/?p=27581"},"modified":"2026-04-28T11:10:47","modified_gmt":"2026-04-28T14:10:47","slug":"campus-santa-ines-divulga-resultado-preliminar-do-paise-2026-2027","status":"publish","type":"post","link":"https:\/\/www.ifbaiano.edu.br\/unidades\/santaines\/campus-santa-ines-divulga-resultado-preliminar-do-paise-2026-2027\/","title":{"rendered":"Campus Santa In\u00eas divulga resultado preliminar do PAISE 2026-2027"},"content":{"rendered":"\n<p>O Instituto Federal Baiano \u2013 Campus Santa In\u00eas, por meio da Coordena\u00e7\u00e3o de Assuntos Estudantis (CAE) e da Comiss\u00e3o Local de Assist\u00eancia Estudantil (CLAE), divulgou o <strong><a href=\"https:\/\/concurso.ifbaiano.edu.br\/portal\/paise-santa-ines-marco-2026\/wp-content\/uploads\/sites\/1311\/2026\/04\/RESULTADO-PRELIMINAR-PAISE-2026-CLAE.pdf\">resultado preliminar<\/a> (lista de homologados\/pr\u00e9-selecionados)<\/strong> do Programa de Apoio e Inclus\u00e3o Social do Estudante (PAISE), referente ao <a href=\"https:\/\/concurso.ifbaiano.edu.br\/portal\/paise-santa-ines-marco-2026\/wp-content\/uploads\/sites\/1311\/2026\/03\/PROGRAMA-DE-ASSISTENCIA-E-INCLUSAO-SOCIAL-DO-ESTUDANTE-PAISE_2026.pdf\">edital n\u00ba 12\/2026<\/a>, de 27 de fevereiro de 2026, retificado pelo <a href=\"https:\/\/concurso.ifbaiano.edu.br\/portal\/paise-santa-ines-marco-2026\/wp-content\/uploads\/sites\/1311\/2026\/03\/Edital-de-Retificacao-no-15-PAISE.pdf\">edital n\u00ba 15\/2026<\/a>, de 13 de mar\u00e7o de 2026.<\/p>\n\n\n\n<p>A lista contempla estudantes dos cursos t\u00e9cnicos e de gradua\u00e7\u00e3o inscritos em diferentes modalidades de aux\u00edlio, como <strong>moradia, creche, transporte, perman\u00eancia e c\u00f3pia\/impress\u00e3o<\/strong>, indicando a situa\u00e7\u00e3o de cada inscri\u00e7\u00e3o (homologada ou indeferida).<\/p>\n\n\n\n<p>De acordo com o resultado preliminar, foram registradas <strong>centenas de inscri\u00e7\u00f5es homologadas<\/strong>, distribu\u00eddas entre os aux\u00edlios ofertados pelo programa. Tamb\u00e9m constam casos de indeferimento, em sua maioria relacionados \u00e0 <strong>falta de documenta\u00e7\u00e3o ou n\u00e3o atendimento aos crit\u00e9rios estabelecidos em edital<\/strong> .<\/p>\n\n\n\n<p>A homologa\u00e7\u00e3o corresponde \u00e0 etapa de verifica\u00e7\u00e3o documental e valida\u00e7\u00e3o das inscri\u00e7\u00f5es, sendo um passo anterior \u00e0 sele\u00e7\u00e3o final dos estudantes que ser\u00e3o contemplados com os aux\u00edlios.<\/p>\n\n\n\n<h3 class=\"wp-block-heading\">Prazo para interposi\u00e7\u00e3o de recursos<\/h3>\n\n\n\n<p>Os estudantes que desejarem interpor recurso sobre o resultado da homologa\u00e7\u00e3o\/pr\u00e9-sele\u00e7\u00e3o dever\u00e3o realizar a solicita\u00e7\u00e3o at\u00e9 as <strong>11h59 do dia 29 de abril de 2026<\/strong>, exclusivamente pelo e-mail <strong><a>clae@si.ifbaiano.edu.br<\/a><\/strong>, utilizando <a href=\"https:\/\/www.ifbaiano.edu.br\/unidades\/santaines\/files\/2026\/04\/ANEXO-V-INTERPOSICAO-DE-RECURSO.pdf\">formul\u00e1rio pr\u00f3prio<\/a>, conforme orienta\u00e7\u00f5es descritas no item 6 do edital PAISE (<a href=\"https:\/\/concurso.ifbaiano.edu.br\/portal\/paise-santa-ines-marco-2026\/wp-content\/uploads\/sites\/1311\/2026\/03\/PROGRAMA-DE-ASSISTENCIA-E-INCLUSAO-SOCIAL-DO-ESTUDANTE-PAISE_2026.pdf\">Edital n\u00ba 12\/2026<\/a>).<\/p>\n\n\n\n<h3 class=\"wp-block-heading\">Sobre o programa<\/h3>\n\n\n\n<p>O PAISE tem como objetivo promover a perman\u00eancia e o \u00eaxito acad\u00eamico de estudantes em situa\u00e7\u00e3o de vulnerabilidade socioecon\u00f4mica, por meio da concess\u00e3o de aux\u00edlios estudantis.<\/p>\n\n\n\n<p>A lista completa com os nomes dos estudantes homologados por tipo de aux\u00edlio, assim como demais documentos do processo seletivo est\u00e3o dispon\u00edvel para consulta na <a href=\"https:\/\/concurso.ifbaiano.edu.br\/portal\/paise-santa-ines-marco-2026\/\">p\u00e1gina de concursos<\/a>, no Portal do IF Baiano.<\/p>\n\n\n\n<hr class=\"wp-block-separator has-alpha-channel-opacity\" \/>\n\n\n\n<p>Veja not\u00edcia anterior: <a href=\"https:\/\/www.ifbaiano.edu.br\/unidades\/santaines\/campus-santa-ines-abre-inscricoes-para-o-paise-e-convoca-estudantes-dos-cursos-tecnicos-e-das-graduacoes\/\"><strong>Campus Santa In\u00eas abre inscri\u00e7\u00f5es para o PAISE e convoca estudantes dos Cursos T\u00e9cnicos e das Gradua\u00e7\u00f5es<\/strong> <\/a><\/p>\n","protected":false},"excerpt":{"rendered":"<p>O Instituto Federal Baiano \u2013 Campus Santa In\u00eas, por meio da Coordena\u00e7\u00e3o de Assuntos Estudantis (CAE) e da Comiss\u00e3o Local de Assist\u00eancia Estudantil (CLAE), divulgou o resultado preliminar (lista de homologados\/pr\u00e9-selecionados) do Programa de Apoio e Inclus\u00e3o Social do Estudante (PAISE), referente ao edital n\u00ba 12\/2026, de 27 de fevereiro de 2026, retificado pelo edital [&hellip;]<\/p>\n","protected":false},"author":86,"featured_media":27584,"comment_status":"closed","ping_status":"closed","sticky":false,"template":"","format":"standard","meta":[],"categories":[4,38,5,8,57],"tags":[],"_links":{"self":[{"href":"https:\/\/www.ifbaiano.edu.br\/unidades\/santaines\/wp-json\/wp\/v2\/posts\/27581"}],"collection":[{"href":"https:\/\/www.ifbaiano.edu.br\/unidades\/santaines\/wp-json\/wp\/v2\/posts"}],"about":[{"href":"https:\/\/www.ifbaiano.edu.br\/unidades\/santaines\/wp-json\/wp\/v2\/types\/post"}],"author":[{"embeddable":true,"href":"https:\/\/www.ifbaiano.edu.br\/unidades\/santaines\/wp-json\/wp\/v2\/users\/86"}],"replies":[{"embeddable":true,"href":"https:\/\/www.ifbaiano.edu.br\/unidades\/santaines\/wp-json\/wp\/v2\/comments?post=27581"}],"version-history":[{"count":2,"href":"https:\/\/www.ifbaiano.edu.br\/unidades\/santaines\/wp-json\/wp\/v2\/posts\/27581\/revisions"}],"predecessor-version":[{"id":27587,"href":"https:\/\/www.ifbaiano.edu.br\/unidades\/santaines\/wp-json\/wp\/v2\/posts\/27581\/revisions\/27587"}],"wp:featuredmedia":[{"embeddable":true,"href":"https:\/\/www.ifbaiano.edu.br\/unidades\/santaines\/wp-json\/wp\/v2\/media\/27584"}],"wp:attachment":[{"href":"https:\/\/www.ifbaiano.edu.br\/unidades\/santaines\/wp-json\/wp\/v2\/media?parent=27581"}],"wp:term":[{"taxonomy":"category","embeddable":true,"href":"https:\/\/www.ifbaiano.edu.br\/unidades\/santaines\/wp-json\/wp\/v2\/categories?post=27581"},{"taxonomy":"post_tag","embeddable":true,"href":"https:\/\/www.ifbaiano.edu.br\/unidades\/santaines\/wp-json\/wp\/v2\/tags?post=27581"}],"curies":[{"name":"wp","href":"https:\/\/api.w.org\/{rel}","templated":true}]}}