{"id":2784,"date":"2013-01-31T10:34:24","date_gmt":"2013-01-31T13:34:24","guid":{"rendered":"http:\/\/www.ifbaiano.edu.br\/unidades\/santaines\/?p=2784"},"modified":"2013-02-14T10:53:49","modified_gmt":"2013-02-14T13:53:49","slug":"coordenacao-de-compras-informa-os-pregoes-eletronicos-2013","status":"publish","type":"post","link":"https:\/\/www.ifbaiano.edu.br\/unidades\/santaines\/coordenacao-de-compras-informa-os-pregoes-eletronicos-2013\/","title":{"rendered":"Coordena\u00e7\u00e3o de Compras Informa os Preg\u00f5es Eletr\u00f4nicos 2013"},"content":{"rendered":"<p><strong>A Coordena\u00e7\u00e3o de Compras comunica a publica\u00e7\u00e3o dos editais dos preg\u00f5es eletr\u00f4nicos para o ano 2013.<\/strong><\/p>\n<p><strong><span style=\"color: #003300\"><a href=\"http:\/\/www.ifbaiano.edu.br\/unidades\/santaines\/cc\/\" target=\"_blank\"><span style=\"color: #003300\">Mais informa\u00e7\u00f5es ACESSE AQUI \u00a0o ambiente da Coordena\u00e7\u00e3o de Compras, vinculada diretamente ao<\/span><\/a><\/span><\/strong><\/p>\n<p><strong><span style=\"color: #003300\"><span style=\"color: #003300\"><a href=\"http:\/\/www.ifbaiano.edu.br\/unidades\/santaines\/cc\/\" target=\"_blank\"> Departamento de Administra\u00e7\u00e3o<\/a>\u00a0<\/span><\/span><\/strong><strong><span style=\"color: #003300\"><a href=\"http:\/\/www.ifbaiano.edu.br\/unidades\/santaines\/cc\/\" target=\"_blank\"><span style=\"color: #003300\">e Planejamento.<\/span><\/a><\/span><\/strong><\/p>\n<h3><strong><span style=\"color: #808000\">Outras informa\u00e7\u00f5es pelo telefone (73) 3536-1210, ramal 43<\/span><\/strong><\/h3>\n","protected":false},"excerpt":{"rendered":"<p>A Coordena\u00e7\u00e3o de Compras comunica a publica\u00e7\u00e3o dos editais dos preg\u00f5es eletr\u00f4nicos para o ano 2013&#8230;<\/p>\n","protected":false},"author":7,"featured_media":0,"comment_status":"closed","ping_status":"closed","sticky":false,"template":"","format":"standard","meta":[],"categories":[10],"tags":[],"_links":{"self":[{"href":"https:\/\/www.ifbaiano.edu.br\/unidades\/santaines\/wp-json\/wp\/v2\/posts\/2784"}],"collection":[{"href":"https:\/\/www.ifbaiano.edu.br\/unidades\/santaines\/wp-json\/wp\/v2\/posts"}],"about":[{"href":"https:\/\/www.ifbaiano.edu.br\/unidades\/santaines\/wp-json\/wp\/v2\/types\/post"}],"author":[{"embeddable":true,"href":"https:\/\/www.ifbaiano.edu.br\/unidades\/santaines\/wp-json\/wp\/v2\/users\/7"}],"replies":[{"embeddable":true,"href":"https:\/\/www.ifbaiano.edu.br\/unidades\/santaines\/wp-json\/wp\/v2\/comments?post=2784"}],"version-history":[{"count":4,"href":"https:\/\/www.ifbaiano.edu.br\/unidades\/santaines\/wp-json\/wp\/v2\/posts\/2784\/revisions"}],"predecessor-version":[{"id":2786,"href":"https:\/\/www.ifbaiano.edu.br\/unidades\/santaines\/wp-json\/wp\/v2\/posts\/2784\/revisions\/2786"}],"wp:attachment":[{"href":"https:\/\/www.ifbaiano.edu.br\/unidades\/santaines\/wp-json\/wp\/v2\/media?parent=2784"}],"wp:term":[{"taxonomy":"category","embeddable":true,"href":"https:\/\/www.ifbaiano.edu.br\/unidades\/santaines\/wp-json\/wp\/v2\/categories?post=2784"},{"taxonomy":"post_tag","embeddable":true,"href":"https:\/\/www.ifbaiano.edu.br\/unidades\/santaines\/wp-json\/wp\/v2\/tags?post=2784"}],"curies":[{"name":"wp","href":"https:\/\/api.w.org\/{rel}","templated":true}]}}