{"id":2810,"date":"2013-02-15T10:54:09","date_gmt":"2013-02-15T13:54:09","guid":{"rendered":"http:\/\/www.ifbaiano.edu.br\/unidades\/santaines\/?p=2810"},"modified":"2013-02-15T13:14:15","modified_gmt":"2013-02-15T16:14:15","slug":"campus-santa-ines-seleciona-estudantes-para-participar-das-acoes-do-programa-de-assistencia-e-inclusao-social-do-estudante-paise","status":"publish","type":"post","link":"https:\/\/www.ifbaiano.edu.br\/unidades\/santaines\/campus-santa-ines-seleciona-estudantes-para-participar-das-acoes-do-programa-de-assistencia-e-inclusao-social-do-estudante-paise\/","title":{"rendered":"Campus Santa In\u00eas seleciona estudantes para participar do Programa de Assist\u00eancia e Inclus\u00e3o Social do Estudante &#8211; PAISE"},"content":{"rendered":"<p>O Diretor Geral do Instituto Federal de Educa\u00e7\u00e3o, Ci\u00eancia e Tecnologia Baiano \u2013 IF Baiano Campus Santa In\u00eas, por meio da Comiss\u00e3o de Assist\u00eancia Estudantil respons\u00e1vel pela Implanta\u00e7\u00e3o, Execu\u00e7\u00e3o, Acompanhamento e Avalia\u00e7\u00e3o da Pol\u00edtica da Assist\u00eancia Estudantil deste Campus, torna p\u00fablico o prazo para realiza\u00e7\u00e3o das inscri\u00e7\u00f5es para sele\u00e7\u00e3o de estudantes em situa\u00e7\u00e3o de vulnerabilidade socioecon\u00f4mica para participar das a\u00e7\u00f5es do Programa de Assist\u00eancia e Inclus\u00e3o Social do Estudante \u2013 PAISE.<\/p>\n<p>As inscri\u00e7\u00f5es ser\u00e3o realizadas junto \u00e0 Comiss\u00e3o de Assist\u00eancia Estudantil do <em>campus Santa In\u00eas, <\/em>na Sala<em> <\/em>do N\u00facleo Psicossocial, conforme cronograma abaixo:<\/p>\n<table border=\"1\" cellspacing=\"0\" cellpadding=\"0\">\n<tbody>\n<tr>\n<td valign=\"top\" width=\"97\"><strong>\u00a0 25\/02 <\/strong><\/td>\n<td valign=\"top\" width=\"96\"><strong>26\/02<\/strong><\/td>\n<td valign=\"top\" width=\"97\"><strong>27\/02<\/strong><\/td>\n<td valign=\"top\" width=\"96\"><strong>28\/02<\/strong><\/td>\n<td valign=\"top\" width=\"97\"><strong>01\/03<\/strong><\/td>\n<\/tr>\n<tr>\n<td valign=\"top\" width=\"97\"><strong>7:30 \u00e0s<\/strong><strong>13;30 e de<\/strong><strong>16:00 \u00e0s 22:00<\/strong><\/td>\n<td valign=\"top\" width=\"96\"><strong>07:30 \u00e0s 17:30<\/strong><\/td>\n<td valign=\"top\" width=\"97\"><strong>7:30 \u00e0s<\/strong><strong>13;30 e de<\/strong><strong>16:00 \u00e0s 22:00<\/strong><\/td>\n<td valign=\"top\" width=\"96\"><strong>07:30 \u00e0s 17:30<\/strong><\/td>\n<td valign=\"top\" width=\"97\"><strong>07:30 \u00e0s 17:30<\/strong><\/td>\n<\/tr>\n<\/tbody>\n<\/table>\n<p>No ato da inscri\u00e7\u00e3o o estudante dever\u00e1:<\/p>\n<p>I) preencher formul\u00e1rio pr\u00f3prio de requerimento;<\/p>\n<p>II) responder ao question\u00e1rio socioecon\u00f4mico, padr\u00e3o do Instituto, caso n\u00e3o o tenha feito;<\/p>\n<p>III) entregar os documentos (c\u00f3pias) especificados no Edital;<\/p>\n<p><a href=\"http:\/\/www.ifbaiano.edu.br\/unidades\/santaines\/files\/2013\/02\/EDITAL_DE_ASSISTENCIA_ESTUDANTI_20131.pdf\" target=\"_blank\">Confira aqui o Edital N\u00ba 10\/2013<\/a><\/p>\n","protected":false},"excerpt":{"rendered":"<p>O candidato deve estar atento aos prazos para inscri\u00e7\u00e3o e apresenta\u00e7\u00e3o dos documentos solicitados no edital.<\/p>\n","protected":false},"author":26,"featured_media":0,"comment_status":"closed","ping_status":"closed","sticky":false,"template":"","format":"standard","meta":[],"categories":[10],"tags":[],"_links":{"self":[{"href":"https:\/\/www.ifbaiano.edu.br\/unidades\/santaines\/wp-json\/wp\/v2\/posts\/2810"}],"collection":[{"href":"https:\/\/www.ifbaiano.edu.br\/unidades\/santaines\/wp-json\/wp\/v2\/posts"}],"about":[{"href":"https:\/\/www.ifbaiano.edu.br\/unidades\/santaines\/wp-json\/wp\/v2\/types\/post"}],"author":[{"embeddable":true,"href":"https:\/\/www.ifbaiano.edu.br\/unidades\/santaines\/wp-json\/wp\/v2\/users\/26"}],"replies":[{"embeddable":true,"href":"https:\/\/www.ifbaiano.edu.br\/unidades\/santaines\/wp-json\/wp\/v2\/comments?post=2810"}],"version-history":[{"count":8,"href":"https:\/\/www.ifbaiano.edu.br\/unidades\/santaines\/wp-json\/wp\/v2\/posts\/2810\/revisions"}],"predecessor-version":[{"id":2817,"href":"https:\/\/www.ifbaiano.edu.br\/unidades\/santaines\/wp-json\/wp\/v2\/posts\/2810\/revisions\/2817"}],"wp:attachment":[{"href":"https:\/\/www.ifbaiano.edu.br\/unidades\/santaines\/wp-json\/wp\/v2\/media?parent=2810"}],"wp:term":[{"taxonomy":"category","embeddable":true,"href":"https:\/\/www.ifbaiano.edu.br\/unidades\/santaines\/wp-json\/wp\/v2\/categories?post=2810"},{"taxonomy":"post_tag","embeddable":true,"href":"https:\/\/www.ifbaiano.edu.br\/unidades\/santaines\/wp-json\/wp\/v2\/tags?post=2810"}],"curies":[{"name":"wp","href":"https:\/\/api.w.org\/{rel}","templated":true}]}}