{"id":2820,"date":"2013-02-14T11:23:48","date_gmt":"2013-02-14T14:23:48","guid":{"rendered":"http:\/\/www.ifbaiano.edu.br\/unidades\/santaines\/?p=2820"},"modified":"2013-04-10T16:46:10","modified_gmt":"2013-04-10T19:46:10","slug":"edital-de-rematricula-e-matricula-para-o-ano-letivo-de-2013-1-e-2013-2","status":"publish","type":"post","link":"https:\/\/www.ifbaiano.edu.br\/unidades\/santaines\/edital-de-rematricula-e-matricula-para-o-ano-letivo-de-2013-1-e-2013-2\/","title":{"rendered":"3\u00aa Lista de Matr\u00edcula e Edital do Ano Letivo de 2013.1 e 2013.2"},"content":{"rendered":"<h3><strong>3\u00aa Chamada:<\/strong><\/h3>\n<p>01 de Abril de 2013<br \/>\nHor\u00e1rio: 13h00min<\/p>\n<p><a href=\"http:\/\/www.ifbaiano.edu.br\/unidades\/santaines\/files\/2013\/02\/Criterios-e-Documentacao.pdf\" target=\"_blank\">Crit\u00e9rios e Documenta\u00e7\u00e3o<\/a><\/p>\n<p><a href=\"http:\/\/www.ifbaiano.edu.br\/unidades\/santaines\/files\/2013\/02\/3CHAMADA.pdf\" target=\"_blank\">3\u00aa Chamada<\/a><\/p>\n<p>&nbsp;<\/p>\n<p><strong>2\u00aa Chamada:<\/strong><br \/>\nDe 19 a 22 de Mar\u00e7o de 2013<br \/>\ne 25 de Mar\u00e7o de 2013<br \/>\nHor\u00e1rio: Das 08h30min \u00e0s 17h00min<\/p>\n<p><strong><a href=\"http:\/\/www.ifbaiano.edu.br\/unidades\/santaines\/files\/2013\/02\/2_CHAMADA_IFBAIANO_SANTA_INES_2013.pdf\">\u00a0Confira a lista de aprovados na 2\u00aa Chamada<\/a><\/strong><\/p>\n<p>&nbsp;<\/p>\n<p><strong>1\u00aa Chamada:<\/strong><br \/>\nDe 11 a 15 de Mar\u00e7o de 2013<br \/>\nHor\u00e1rio: Das 08h30min \u00e0s 17h00min<\/p>\n<p><a href=\"http:\/\/www.ifbaiano.edu.br\/unidades\/santaines\/files\/2013\/02\/Matricula_1_Chamada.pdf\" target=\"_blank\">Confira aqui a lista dos aprovados na 1\u00aa chamada<\/a><\/p>\n<p><strong><a href=\"http:\/\/www.ifbaiano.edu.br\/unidades\/santaines\/files\/2013\/02\/Edital_de-Rematricula_-e_Matricula_n_13_2013-.pdf\" target=\"_blank\">Confira aqui o Edital<\/a><\/strong><\/p>\n","protected":false},"excerpt":{"rendered":"<p>Os candidatos que n\u00e3o comparecerem para a pr\u00e9-matr\u00edcula na data e hor\u00e1rio determinado perder\u00e1 o direito \u00e0 vaga.<\/p>\n","protected":false},"author":26,"featured_media":0,"comment_status":"closed","ping_status":"closed","sticky":false,"template":"","format":"standard","meta":[],"categories":[10],"tags":[],"_links":{"self":[{"href":"https:\/\/www.ifbaiano.edu.br\/unidades\/santaines\/wp-json\/wp\/v2\/posts\/2820"}],"collection":[{"href":"https:\/\/www.ifbaiano.edu.br\/unidades\/santaines\/wp-json\/wp\/v2\/posts"}],"about":[{"href":"https:\/\/www.ifbaiano.edu.br\/unidades\/santaines\/wp-json\/wp\/v2\/types\/post"}],"author":[{"embeddable":true,"href":"https:\/\/www.ifbaiano.edu.br\/unidades\/santaines\/wp-json\/wp\/v2\/users\/26"}],"replies":[{"embeddable":true,"href":"https:\/\/www.ifbaiano.edu.br\/unidades\/santaines\/wp-json\/wp\/v2\/comments?post=2820"}],"version-history":[{"count":17,"href":"https:\/\/www.ifbaiano.edu.br\/unidades\/santaines\/wp-json\/wp\/v2\/posts\/2820\/revisions"}],"predecessor-version":[{"id":2823,"href":"https:\/\/www.ifbaiano.edu.br\/unidades\/santaines\/wp-json\/wp\/v2\/posts\/2820\/revisions\/2823"}],"wp:attachment":[{"href":"https:\/\/www.ifbaiano.edu.br\/unidades\/santaines\/wp-json\/wp\/v2\/media?parent=2820"}],"wp:term":[{"taxonomy":"category","embeddable":true,"href":"https:\/\/www.ifbaiano.edu.br\/unidades\/santaines\/wp-json\/wp\/v2\/categories?post=2820"},{"taxonomy":"post_tag","embeddable":true,"href":"https:\/\/www.ifbaiano.edu.br\/unidades\/santaines\/wp-json\/wp\/v2\/tags?post=2820"}],"curies":[{"name":"wp","href":"https:\/\/api.w.org\/{rel}","templated":true}]}}