{"id":2825,"date":"2013-03-07T13:11:32","date_gmt":"2013-03-07T16:11:32","guid":{"rendered":"http:\/\/www.ifbaiano.edu.br\/unidades\/santaines\/?p=2825"},"modified":"2013-03-11T09:33:20","modified_gmt":"2013-03-11T12:33:20","slug":"abertura-de-inscricoes-destinadas-a-selecao-de-estagiario","status":"publish","type":"post","link":"https:\/\/www.ifbaiano.edu.br\/unidades\/santaines\/abertura-de-inscricoes-destinadas-a-selecao-de-estagiario\/","title":{"rendered":"Resultado Final da Sele\u00e7\u00e3o de Estagi\u00e1rio"},"content":{"rendered":"<p><span style=\"font-size: small\"><span style=\"font-family: Arial,serif\"><span style=\"font-size: small\"><span style=\"font-family: Arial,serif\">O <\/span><span style=\"font-family: Arial,serif\">Diretor Geral do Instituto Federal de Educa\u00e7\u00e3o, Ci\u00eancia e Tecnologia Baiano &#8211; Campus Santa In\u00eas<\/span><span style=\"font-family: Arial,serif\"> torna p\u00fablica a abertura de Inscri\u00e7\u00f5es destinadas \u00e0 Sele\u00e7\u00e3o de Estagi\u00e1rio<\/span><span style=\"font-family: Arial,serif\">, para o quadro de pessoal do\u00a0<\/span><span style=\"font-family: Arial,serif\">Instituto Federal de Educa\u00e7\u00e3o, Ci\u00eancia e Tecnologia Baiano &#8211; Campus Santa In\u00eas.<\/span><\/span><\/span><\/span><\/p>\n<p>&nbsp;<\/p>\n<p><a href=\"http:\/\/www.ifbaiano.edu.br\/unidades\/santaines\/files\/2013\/02\/Resultado-final-Ensino-Medio.pdf\" target=\"_blank\">Resultado Final Ensino M\u00e9dio<\/a><\/p>\n<p><a href=\"http:\/\/www.ifbaiano.edu.br\/unidades\/santaines\/files\/2013\/02\/Resultado-final-Ensino-Tecnico.pdf\" target=\"_blank\">Resultado Final Ensino T\u00e9cnico<\/a><\/p>\n<p><a href=\"http:\/\/www.ifbaiano.edu.br\/unidades\/santaines\/files\/2013\/02\/Resultado-do-Recurso.pdf\" target=\"_blank\">Resultado do Recurso<\/a><\/p>\n<p><a href=\"http:\/\/www.ifbaiano.edu.br\/unidades\/santaines\/files\/2013\/02\/agendamento_entrevistas_medio.pdf\" target=\"_blank\">Agendamento de Entrevista para Ensino M\u00e9dio<\/a><\/p>\n<p><a href=\"http:\/\/www.ifbaiano.edu.br\/unidades\/santaines\/files\/2013\/02\/agendamento_entrevistas_tecnico.pdf\">Agendamento de Entrevistas para Ensino T\u00e9cnico<\/a><\/p>\n<p><a href=\"http:\/\/www.ifbaiano.edu.br\/unidades\/santaines\/files\/2013\/02\/Candidatos_eliminados.pdf\" target=\"_blank\">Candidatos Eliminados<\/a><\/p>\n<p><span style=\"font-size: small\"><span style=\"font-family: Arial,serif\"><span style=\"font-size: small\"><span style=\"font-family: Arial,serif\"><a href=\"http:\/\/www.ifbaiano.edu.br\/unidades\/santaines\/files\/2013\/02\/Classificados-para-entrevista-ensino-medio.pdf\">Classificados para Entrevista &#8211; Ensino M\u00e9dio<\/a><\/span><\/span><\/span><\/span><\/p>\n<p><span style=\"font-size: small\"><span style=\"font-family: Arial,serif\"><span style=\"font-size: small\"><span style=\"font-family: Arial,serif\"><a href=\"http:\/\/www.ifbaiano.edu.br\/unidades\/santaines\/files\/2013\/02\/Classificados-para-entrevista-ensino-tecnico.pdf\">Classificados para Entrevista &#8211; Ensino T\u00e9cnico<\/a><\/span><\/span><\/span><\/span><\/p>\n<p><a href=\"http:\/\/www.ifbaiano.edu.br\/unidades\/santaines\/files\/2013\/02\/EDITAL-DE-SELEcaO-DE-ESTAGIaRIOS-atual1.pdf\" target=\"_blank\">Confira aqui o Edital<\/a><\/p>\n<p>&nbsp;<\/p>\n","protected":false},"excerpt":{"rendered":"<p>Confira o Resultado Final da Sele\u00e7\u00e3o<\/p>\n","protected":false},"author":26,"featured_media":0,"comment_status":"closed","ping_status":"closed","sticky":false,"template":"","format":"standard","meta":[],"categories":[10],"tags":[],"_links":{"self":[{"href":"https:\/\/www.ifbaiano.edu.br\/unidades\/santaines\/wp-json\/wp\/v2\/posts\/2825"}],"collection":[{"href":"https:\/\/www.ifbaiano.edu.br\/unidades\/santaines\/wp-json\/wp\/v2\/posts"}],"about":[{"href":"https:\/\/www.ifbaiano.edu.br\/unidades\/santaines\/wp-json\/wp\/v2\/types\/post"}],"author":[{"embeddable":true,"href":"https:\/\/www.ifbaiano.edu.br\/unidades\/santaines\/wp-json\/wp\/v2\/users\/26"}],"replies":[{"embeddable":true,"href":"https:\/\/www.ifbaiano.edu.br\/unidades\/santaines\/wp-json\/wp\/v2\/comments?post=2825"}],"version-history":[{"count":17,"href":"https:\/\/www.ifbaiano.edu.br\/unidades\/santaines\/wp-json\/wp\/v2\/posts\/2825\/revisions"}],"predecessor-version":[{"id":2829,"href":"https:\/\/www.ifbaiano.edu.br\/unidades\/santaines\/wp-json\/wp\/v2\/posts\/2825\/revisions\/2829"}],"wp:attachment":[{"href":"https:\/\/www.ifbaiano.edu.br\/unidades\/santaines\/wp-json\/wp\/v2\/media?parent=2825"}],"wp:term":[{"taxonomy":"category","embeddable":true,"href":"https:\/\/www.ifbaiano.edu.br\/unidades\/santaines\/wp-json\/wp\/v2\/categories?post=2825"},{"taxonomy":"post_tag","embeddable":true,"href":"https:\/\/www.ifbaiano.edu.br\/unidades\/santaines\/wp-json\/wp\/v2\/tags?post=2825"}],"curies":[{"name":"wp","href":"https:\/\/api.w.org\/{rel}","templated":true}]}}