{"id":2842,"date":"2013-02-18T11:04:57","date_gmt":"2013-02-18T14:04:57","guid":{"rendered":"http:\/\/www.ifbaiano.edu.br\/unidades\/santaines\/?p=2842"},"modified":"2013-02-18T11:05:40","modified_gmt":"2013-02-18T14:05:40","slug":"consul-geral-do-brasil-em-miami-recebe-professores-brasileiros-de-ingles","status":"publish","type":"post","link":"https:\/\/www.ifbaiano.edu.br\/unidades\/santaines\/consul-geral-do-brasil-em-miami-recebe-professores-brasileiros-de-ingles\/","title":{"rendered":"C\u00f4nsul-Geral do Brasil em Miami recebe professores brasileiros de ingl\u00eas"},"content":{"rendered":"<p>O C\u00f4nsul-Geral do Brasil em Miami, Embaixador H\u00e9lio Ramos, recebeu, no \u00faltimo dia 16 de janeiro, grupo de 59 professores brasileiros de ingl\u00eas que se encontram atualmente na cidade para curso de aperfei\u00e7oamento. Os convidados foram recebidos com breve palestra sobre o funcionamento do Consulado-Geral e procedimentos de seguran\u00e7a para turistas em Miami.<\/p>\n<p><a href=\"http:\/\/www.ifbaiano.edu.br\/unidades\/santaines\/files\/2013\/02\/professores.jpg\"><img decoding=\"async\" loading=\"lazy\" class=\"aligncenter size-full wp-image-2843\" src=\"http:\/\/www.ifbaiano.edu.br\/unidades\/santaines\/files\/2013\/02\/professores.jpg\" alt=\"\" width=\"300\" height=\"133\" \/><\/a><\/p>\n<pre><span style=\"font-family: Georgia, 'Times New Roman', 'Bitstream Charter', Times, serif;font-size: 13px;line-height: 19px\"><a href=\"http:\/\/acontece.com\/consul-geral-do-brasil-em-miami-recebe-professores-brasileiros-de-ingles.html\" target=\"_blank\">Confira aqui a Mat\u00e9ria completa<\/a><\/span><\/pre>\n<p>&nbsp;<\/p>\n","protected":false},"excerpt":{"rendered":"<p>O C\u00f4nsul-Geral do Brasil em Miami, Embaixador H\u00e9lio Ramos, recebeu, no \u00faltimo dia 16 de janeiro, grupo de 59 professores brasileiros de ingl\u00eas<\/p>\n","protected":false},"author":26,"featured_media":0,"comment_status":"closed","ping_status":"closed","sticky":false,"template":"","format":"standard","meta":[],"categories":[10],"tags":[],"_links":{"self":[{"href":"https:\/\/www.ifbaiano.edu.br\/unidades\/santaines\/wp-json\/wp\/v2\/posts\/2842"}],"collection":[{"href":"https:\/\/www.ifbaiano.edu.br\/unidades\/santaines\/wp-json\/wp\/v2\/posts"}],"about":[{"href":"https:\/\/www.ifbaiano.edu.br\/unidades\/santaines\/wp-json\/wp\/v2\/types\/post"}],"author":[{"embeddable":true,"href":"https:\/\/www.ifbaiano.edu.br\/unidades\/santaines\/wp-json\/wp\/v2\/users\/26"}],"replies":[{"embeddable":true,"href":"https:\/\/www.ifbaiano.edu.br\/unidades\/santaines\/wp-json\/wp\/v2\/comments?post=2842"}],"version-history":[{"count":3,"href":"https:\/\/www.ifbaiano.edu.br\/unidades\/santaines\/wp-json\/wp\/v2\/posts\/2842\/revisions"}],"predecessor-version":[{"id":2846,"href":"https:\/\/www.ifbaiano.edu.br\/unidades\/santaines\/wp-json\/wp\/v2\/posts\/2842\/revisions\/2846"}],"wp:attachment":[{"href":"https:\/\/www.ifbaiano.edu.br\/unidades\/santaines\/wp-json\/wp\/v2\/media?parent=2842"}],"wp:term":[{"taxonomy":"category","embeddable":true,"href":"https:\/\/www.ifbaiano.edu.br\/unidades\/santaines\/wp-json\/wp\/v2\/categories?post=2842"},{"taxonomy":"post_tag","embeddable":true,"href":"https:\/\/www.ifbaiano.edu.br\/unidades\/santaines\/wp-json\/wp\/v2\/tags?post=2842"}],"curies":[{"name":"wp","href":"https:\/\/api.w.org\/{rel}","templated":true}]}}