{"id":2861,"date":"2013-02-28T14:25:08","date_gmt":"2013-02-28T17:25:08","guid":{"rendered":"http:\/\/www.ifbaiano.edu.br\/unidades\/santaines\/?p=2861"},"modified":"2013-03-01T10:47:41","modified_gmt":"2013-03-01T13:47:41","slug":"convocacao-de-candidatos-de-lista-de-espera-do-sisu","status":"publish","type":"post","link":"https:\/\/www.ifbaiano.edu.br\/unidades\/santaines\/convocacao-de-candidatos-de-lista-de-espera-do-sisu\/","title":{"rendered":"Convoca\u00e7\u00e3o de candidatos de lista de espera do Sisu"},"content":{"rendered":"<p>O Instituto Federal Baiano Campus Santa In\u00eas convoca todos os candidatos que est\u00e3o na lista de espera do SISU (Sistema de Sele\u00e7\u00e3o Unificada), \u00a0dos Cursos de<strong>\u00a0Licenciatura em Biologia<\/strong>,<strong>\u00a0Licenciatura em Geografia\u00a0<\/strong>e<strong>\u00a0Bacharelado em Zootecnia,\u00a0<\/strong>para uma Reuni\u00e3o de Chamada P\u00fablica, onde concorrer\u00e3o \u00e0 preenchimento de vagas ociosas, no dia 05 de mar\u00e7o de 2013, \u00e0s 09h30min, no Audit\u00f3rio do IF Baiano, <em>Campus <\/em>Santa In\u00eas-BA<strong>, <\/strong>localizado na Rodovia BR 420, Santa In\u00eas &#8211; Uba\u00edra, Km 2,5, Santa In\u00eas &#8211; Bahia.<\/p>\n<p align=\"JUSTIFY\">Caso o candidato n\u00e3o compare\u00e7a \u00e0 reuni\u00e3o, ser\u00e1 dado como desistente e a vaga ser\u00e1 disponibilizada para o candidato seguinte.<\/p>\n<p align=\"JUSTIFY\"><a href=\"http:\/\/www.ifbaiano.edu.br\/unidades\/santaines\/files\/2013\/02\/Lista-de-Convocacao-Edital-15-de-2013.pdf\" target=\"_blank\">Confira aqui a Rela\u00e7\u00e3o de convocados para a Reuni\u00e3o<\/a><\/p>\n<p align=\"JUSTIFY\"><a href=\"http:\/\/www.ifbaiano.edu.br\/unidades\/santaines\/files\/2013\/02\/Edital-15-de-2013.pdf\" target=\"_blank\">Edital dispon\u00edvel<\/a><\/p>\n<p align=\"JUSTIFY\"><a href=\"http:\/\/sisu.mec.gov.br\/\" target=\"_blank\">P\u00e1gina do Sisu<\/a><\/p>\n<p align=\"JUSTIFY\">\n","protected":false},"excerpt":{"rendered":"<p>O Instituto Federal Baiano (IF Baiano) convoca todos os candidatos que est\u00e3o na lista de espera do SISU para uma reuni\u00e3o na pr\u00f3xima ter\u00e7a-feira, 05 de mar\u00e7o.<\/p>\n","protected":false},"author":26,"featured_media":0,"comment_status":"closed","ping_status":"closed","sticky":false,"template":"","format":"standard","meta":[],"categories":[10],"tags":[],"_links":{"self":[{"href":"https:\/\/www.ifbaiano.edu.br\/unidades\/santaines\/wp-json\/wp\/v2\/posts\/2861"}],"collection":[{"href":"https:\/\/www.ifbaiano.edu.br\/unidades\/santaines\/wp-json\/wp\/v2\/posts"}],"about":[{"href":"https:\/\/www.ifbaiano.edu.br\/unidades\/santaines\/wp-json\/wp\/v2\/types\/post"}],"author":[{"embeddable":true,"href":"https:\/\/www.ifbaiano.edu.br\/unidades\/santaines\/wp-json\/wp\/v2\/users\/26"}],"replies":[{"embeddable":true,"href":"https:\/\/www.ifbaiano.edu.br\/unidades\/santaines\/wp-json\/wp\/v2\/comments?post=2861"}],"version-history":[{"count":6,"href":"https:\/\/www.ifbaiano.edu.br\/unidades\/santaines\/wp-json\/wp\/v2\/posts\/2861\/revisions"}],"predecessor-version":[{"id":2866,"href":"https:\/\/www.ifbaiano.edu.br\/unidades\/santaines\/wp-json\/wp\/v2\/posts\/2861\/revisions\/2866"}],"wp:attachment":[{"href":"https:\/\/www.ifbaiano.edu.br\/unidades\/santaines\/wp-json\/wp\/v2\/media?parent=2861"}],"wp:term":[{"taxonomy":"category","embeddable":true,"href":"https:\/\/www.ifbaiano.edu.br\/unidades\/santaines\/wp-json\/wp\/v2\/categories?post=2861"},{"taxonomy":"post_tag","embeddable":true,"href":"https:\/\/www.ifbaiano.edu.br\/unidades\/santaines\/wp-json\/wp\/v2\/tags?post=2861"}],"curies":[{"name":"wp","href":"https:\/\/api.w.org\/{rel}","templated":true}]}}