{"id":2878,"date":"2013-03-01T10:47:46","date_gmt":"2013-03-01T13:47:46","guid":{"rendered":"http:\/\/www.ifbaiano.edu.br\/unidades\/santaines\/?p=2878"},"modified":"2013-03-19T09:04:24","modified_gmt":"2013-03-19T12:04:24","slug":"campus-santa-ines-convoca-os-alunos-matriculado-nos-cursos-superiores-para-provimento-imediato-da-vaga","status":"publish","type":"post","link":"https:\/\/www.ifbaiano.edu.br\/unidades\/santaines\/campus-santa-ines-convoca-os-alunos-matriculado-nos-cursos-superiores-para-provimento-imediato-da-vaga\/","title":{"rendered":"Campus Santa In\u00eas convoca os Alunos matriculado nos Cursos Superiores para provimento imediato da vaga"},"content":{"rendered":"<p>O Instituto Federal Baiano (IF Baiano) convoca todos os alunos matriculados nos<strong> <\/strong>Cursos de<strong> Licenciatura em Biologia<\/strong>,<strong> Licenciatura em Geografia <\/strong>e<strong> Bacharelado em Zootecnia <\/strong>do IF Baiano, <em>Campus<\/em> Santa In\u00eas (rela\u00e7\u00e3o em anexo)<strong> <\/strong>para COMPARECEREM \u00e0 Secretaria de Registros Acad\u00eamicos do IF Baiano, <em>Campus <\/em>Santa In\u00eas (Rodovia BR 420, Santa In\u00eas &#8211; Uba\u00edra, Km 2,5, Santa In\u00eas \u2013 BA) at\u00e9 as 21 horas do dia 04 de mar\u00e7o de 2013 para provimento imediato de sua vaga.<\/p>\n<p><a href=\"http:\/\/www.ifbaiano.edu.br\/unidades\/santaines\/files\/2013\/03\/Edital-14-de-2013.pdf\" target=\"_blank\">Edital Dispon\u00edvel<\/a><\/p>\n<p>&nbsp;<\/p>\n","protected":false},"excerpt":{"rendered":"<p>Os alunos devem comparecer at\u00e9 as 21 horas do dia 04 de mar\u00e7o de 2013. O n\u00e3o comparecimento at\u00e9 a data e hora estipuladas implicar\u00e1 na desist\u00eancia da vaga.<\/p>\n","protected":false},"author":26,"featured_media":0,"comment_status":"closed","ping_status":"closed","sticky":false,"template":"","format":"standard","meta":[],"categories":[10],"tags":[],"_links":{"self":[{"href":"https:\/\/www.ifbaiano.edu.br\/unidades\/santaines\/wp-json\/wp\/v2\/posts\/2878"}],"collection":[{"href":"https:\/\/www.ifbaiano.edu.br\/unidades\/santaines\/wp-json\/wp\/v2\/posts"}],"about":[{"href":"https:\/\/www.ifbaiano.edu.br\/unidades\/santaines\/wp-json\/wp\/v2\/types\/post"}],"author":[{"embeddable":true,"href":"https:\/\/www.ifbaiano.edu.br\/unidades\/santaines\/wp-json\/wp\/v2\/users\/26"}],"replies":[{"embeddable":true,"href":"https:\/\/www.ifbaiano.edu.br\/unidades\/santaines\/wp-json\/wp\/v2\/comments?post=2878"}],"version-history":[{"count":4,"href":"https:\/\/www.ifbaiano.edu.br\/unidades\/santaines\/wp-json\/wp\/v2\/posts\/2878\/revisions"}],"predecessor-version":[{"id":2882,"href":"https:\/\/www.ifbaiano.edu.br\/unidades\/santaines\/wp-json\/wp\/v2\/posts\/2878\/revisions\/2882"}],"wp:attachment":[{"href":"https:\/\/www.ifbaiano.edu.br\/unidades\/santaines\/wp-json\/wp\/v2\/media?parent=2878"}],"wp:term":[{"taxonomy":"category","embeddable":true,"href":"https:\/\/www.ifbaiano.edu.br\/unidades\/santaines\/wp-json\/wp\/v2\/categories?post=2878"},{"taxonomy":"post_tag","embeddable":true,"href":"https:\/\/www.ifbaiano.edu.br\/unidades\/santaines\/wp-json\/wp\/v2\/tags?post=2878"}],"curies":[{"name":"wp","href":"https:\/\/api.w.org\/{rel}","templated":true}]}}