{"id":2907,"date":"2013-03-12T08:27:10","date_gmt":"2013-03-12T11:27:10","guid":{"rendered":"http:\/\/www.ifbaiano.edu.br\/unidades\/santaines\/?p=2907"},"modified":"2013-03-12T12:06:23","modified_gmt":"2013-03-12T15:06:23","slug":"12-de-marco-dia-do-bibliotecario","status":"publish","type":"post","link":"https:\/\/www.ifbaiano.edu.br\/unidades\/santaines\/12-de-marco-dia-do-bibliotecario\/","title":{"rendered":"12 de Mar\u00e7o &#8211; Dia do Bibliotec\u00e1rio"},"content":{"rendered":"<p>O bibliotec\u00e1rio \u00e9 um profissional que trabalha com informa\u00e7\u00e3o, esteja ela em um suporte f\u00edsico, como livros e peri\u00f3dicos impressos, ou no meio digital, como bases de dados. Ele \u00e9 capaz de atuar em qualquer fun\u00e7\u00e3o que vise a organiza\u00e7\u00e3o e obten\u00e7\u00e3o de informa\u00e7\u00f5es.<\/p>\n<p>Acesse o texto completo em arquivo PDF &#8211;<strong><a href=\"http:\/\/www.ifbaiano.edu.br\/unidades\/santaines\/files\/2013\/03\/dia_do_bibliotecario.pdf\">Dia do Bibliotec\u00e1rio<\/a><\/strong><\/p>\n","protected":false},"excerpt":{"rendered":"<p>Dia do Bibliotec\u00e1rio.<br \/>\nProfissional cujo of\u00edcio se direciona \u00e0 gest\u00e3o das informa\u00e7\u00f5es por meio da organiza\u00e7\u00e3o, do cuidado e da disponibilidade r\u00e1pida destas, atrav\u00e9s de livros, peri\u00f3dicos, m\u00eddias digitais, entre outras formas.<\/p>\n","protected":false},"author":7,"featured_media":0,"comment_status":"closed","ping_status":"closed","sticky":false,"template":"","format":"standard","meta":[],"categories":[10],"tags":[],"_links":{"self":[{"href":"https:\/\/www.ifbaiano.edu.br\/unidades\/santaines\/wp-json\/wp\/v2\/posts\/2907"}],"collection":[{"href":"https:\/\/www.ifbaiano.edu.br\/unidades\/santaines\/wp-json\/wp\/v2\/posts"}],"about":[{"href":"https:\/\/www.ifbaiano.edu.br\/unidades\/santaines\/wp-json\/wp\/v2\/types\/post"}],"author":[{"embeddable":true,"href":"https:\/\/www.ifbaiano.edu.br\/unidades\/santaines\/wp-json\/wp\/v2\/users\/7"}],"replies":[{"embeddable":true,"href":"https:\/\/www.ifbaiano.edu.br\/unidades\/santaines\/wp-json\/wp\/v2\/comments?post=2907"}],"version-history":[{"count":5,"href":"https:\/\/www.ifbaiano.edu.br\/unidades\/santaines\/wp-json\/wp\/v2\/posts\/2907\/revisions"}],"predecessor-version":[{"id":2914,"href":"https:\/\/www.ifbaiano.edu.br\/unidades\/santaines\/wp-json\/wp\/v2\/posts\/2907\/revisions\/2914"}],"wp:attachment":[{"href":"https:\/\/www.ifbaiano.edu.br\/unidades\/santaines\/wp-json\/wp\/v2\/media?parent=2907"}],"wp:term":[{"taxonomy":"category","embeddable":true,"href":"https:\/\/www.ifbaiano.edu.br\/unidades\/santaines\/wp-json\/wp\/v2\/categories?post=2907"},{"taxonomy":"post_tag","embeddable":true,"href":"https:\/\/www.ifbaiano.edu.br\/unidades\/santaines\/wp-json\/wp\/v2\/tags?post=2907"}],"curies":[{"name":"wp","href":"https:\/\/api.w.org\/{rel}","templated":true}]}}