{"id":2921,"date":"2013-03-19T08:03:39","date_gmt":"2013-03-19T11:03:39","guid":{"rendered":"http:\/\/www.ifbaiano.edu.br\/unidades\/santaines\/?p=2921"},"modified":"2013-03-19T08:03:39","modified_gmt":"2013-03-19T11:03:39","slug":"escola-profissional-de-camaroes-faz-visita-ao-if-baiano","status":"publish","type":"post","link":"https:\/\/www.ifbaiano.edu.br\/unidades\/santaines\/escola-profissional-de-camaroes-faz-visita-ao-if-baiano\/","title":{"rendered":"Escola profissional de Camar\u00f5es faz visita ao IF Baiano"},"content":{"rendered":"<p align=\"JUSTIFY\">Entre os dias 13 e 22 de mar\u00e7o, o Instituto Federal Baiano (IF Baiano) receber\u00e1 a visita de delega\u00e7\u00e3o da Escola Pr\u00e1tica de Agricultura de Binguela (EPAB) do pa\u00eds africano Rep\u00fablica dos Camar\u00f5es.<\/p>\n<p align=\"JUSTIFY\">A segunda vinda do grupo ao Brasil representa uma a\u00e7\u00e3o de encaminhamento do Protocolo de Inten\u00e7\u00f5es assinado entre o IF Baiano e a EPAB em 2011. Nesta visita de 2013, o objetivo ser\u00e1 fazer levantamentos, reflex\u00f5es e discuss\u00f5es sobre a reelabora\u00e7\u00e3o e a aprova\u00e7\u00e3o do projeto de revitaliza\u00e7\u00e3o da escola africana, al\u00e9m de visitas a reitoria (em Salvador) e estrutura f\u00edsica dos\u00a0<em>campi<\/em>\u00a0de Uru\u00e7uca, Guanambi, Santa In\u00eas e Catu.<\/p>\n<p lang=\"en-US\" align=\"JUSTIFY\"><strong>Programa\u00e7\u00e3o:<\/strong><\/p>\n<p align=\"JUSTIFY\"><strong>13 de mar\u00e7o (quarta-feira) \u2013 CAMPUS URU\u00c7UCA<\/strong><\/p>\n<p align=\"JUSTIFY\">9h30 \u2013 Encontro do IF Baiano \/ EPAB<\/p>\n<p align=\"JUSTIFY\"><strong>14 de mar\u00e7o (quinta-feira) \u2013 CAMPUS URU\u00c7UCA<\/strong><\/p>\n<p align=\"JUSTIFY\">9h30 \u2013 Encontro do IF Baiano \/ EPAB<\/p>\n<p align=\"JUSTIFY\"><strong>15 de mar\u00e7o (sexta-feira) \u2013 CAMPUS URU\u00c7UCA<\/strong><\/p>\n<p align=\"JUSTIFY\">9h30 \u2013 Visita t\u00e9cnica (f\u00e1brica, bovinocultura, suinocultura, laborat\u00f3rios, oficina, horta, \u00e1rea de cacau, hospedaria etc)<\/p>\n<p align=\"JUSTIFY\">13h30 \u2013 Visita ao assentamento rural (biof\u00e1brica)<\/p>\n<p align=\"JUSTIFY\"><strong>16 de mar\u00e7o (s\u00e1bado) \u2013 SERRA GRANDE<\/strong><\/p>\n<p align=\"JUSTIFY\">9h30 \u2013 Visita a Serra Grande \/ Barroc\u00e3o \/ Mulheres Mil<\/p>\n<p align=\"JUSTIFY\"><strong>18 de mar\u00e7o (segunda-feira) \u2013 CAMPUS GUANAMBI<\/strong><\/p>\n<p align=\"JUSTIFY\">9h \u2013 Visita t\u00e9cnica ao campus<\/p>\n<p align=\"JUSTIFY\"><strong>20 de mar\u00e7o (quarta-feira) \u2013 CAMPUS SANTA IN\u00caS<\/strong><\/p>\n<p align=\"JUSTIFY\">9h \u2013 Visita ao campus<\/p>\n<p align=\"JUSTIFY\"><strong>21 de mar\u00e7o (quinta-feira) \u2013 CAMPUS CATU<\/strong><\/p>\n<p align=\"JUSTIFY\">9h \u2013 Visita ao campus<\/p>\n<p align=\"JUSTIFY\"><strong>22 de mar\u00e7o (sexta-feira) \u2013 REITORIA<\/strong><\/p>\n<p align=\"JUSTIFY\">9h30 \u2013 Solenidade de encerramento da visita EPAB\/IF Baiano<\/p>\n","protected":false},"excerpt":{"rendered":"<p>Visita em Santa In\u00eas ocorrer\u00e1 no dia 20 de Mar\u00e7o<\/p>\n","protected":false},"author":26,"featured_media":0,"comment_status":"closed","ping_status":"closed","sticky":false,"template":"","format":"standard","meta":[],"categories":[10],"tags":[],"_links":{"self":[{"href":"https:\/\/www.ifbaiano.edu.br\/unidades\/santaines\/wp-json\/wp\/v2\/posts\/2921"}],"collection":[{"href":"https:\/\/www.ifbaiano.edu.br\/unidades\/santaines\/wp-json\/wp\/v2\/posts"}],"about":[{"href":"https:\/\/www.ifbaiano.edu.br\/unidades\/santaines\/wp-json\/wp\/v2\/types\/post"}],"author":[{"embeddable":true,"href":"https:\/\/www.ifbaiano.edu.br\/unidades\/santaines\/wp-json\/wp\/v2\/users\/26"}],"replies":[{"embeddable":true,"href":"https:\/\/www.ifbaiano.edu.br\/unidades\/santaines\/wp-json\/wp\/v2\/comments?post=2921"}],"version-history":[{"count":2,"href":"https:\/\/www.ifbaiano.edu.br\/unidades\/santaines\/wp-json\/wp\/v2\/posts\/2921\/revisions"}],"predecessor-version":[{"id":2923,"href":"https:\/\/www.ifbaiano.edu.br\/unidades\/santaines\/wp-json\/wp\/v2\/posts\/2921\/revisions\/2923"}],"wp:attachment":[{"href":"https:\/\/www.ifbaiano.edu.br\/unidades\/santaines\/wp-json\/wp\/v2\/media?parent=2921"}],"wp:term":[{"taxonomy":"category","embeddable":true,"href":"https:\/\/www.ifbaiano.edu.br\/unidades\/santaines\/wp-json\/wp\/v2\/categories?post=2921"},{"taxonomy":"post_tag","embeddable":true,"href":"https:\/\/www.ifbaiano.edu.br\/unidades\/santaines\/wp-json\/wp\/v2\/tags?post=2921"}],"curies":[{"name":"wp","href":"https:\/\/api.w.org\/{rel}","templated":true}]}}