{"id":2938,"date":"2013-03-21T09:44:30","date_gmt":"2013-03-21T12:44:30","guid":{"rendered":"http:\/\/www.ifbaiano.edu.br\/unidades\/santaines\/?p=2938"},"modified":"2013-03-21T09:51:18","modified_gmt":"2013-03-21T12:51:18","slug":"aluna-do-campus","status":"publish","type":"post","link":"https:\/\/www.ifbaiano.edu.br\/unidades\/santaines\/aluna-do-campus\/","title":{"rendered":"Aluna do Campus Santa In\u00eas \u00e9 vencedora do pr\u00eamio estadual no concurso 8\u00ba Pr\u00eamio Construindo a Igualdade de G\u00eanero"},"content":{"rendered":"<p>A aluna Bruna La\u00eds dos Santos, 3\u00ba ano do curso de Agropecu\u00e1ria do IFBAIANO, Campus Santa In\u00eas, sob orienta\u00e7\u00e3o do Prof. Derneval Ferreira ganhou em 1\u00ba Lugar o Pr\u00eamio Construindo a igualdade de g\u00eanero, com o trabalho intitulado \u201cM\u00e3e Maria, uma mulher do campo\u201d. Com mais de 4.100 inscri\u00e7\u00f5es na categoria Estudante do Ensino M\u00e9dio, a estudante logrou o 1\u00ba lugar em \u00e2mbito estadual.<\/p>\n<div id=\"attachment_2944\" style=\"width: 160px\" class=\"wp-caption alignright\"><a href=\"http:\/\/www.ifbaiano.edu.br\/unidades\/santaines\/files\/2013\/03\/Bruna3.jpg\"><img aria-describedby=\"caption-attachment-2944\" decoding=\"async\" loading=\"lazy\" class=\"size-thumbnail wp-image-2944\" src=\"http:\/\/www.ifbaiano.edu.br\/unidades\/santaines\/files\/2013\/03\/Bruna3-150x150.jpg\" alt=\"\" width=\"150\" height=\"150\" \/><\/a><p id=\"caption-attachment-2944\" class=\"wp-caption-text\">Aluna do IF Baiano, Campus Santa In\u00eas, Bruna La\u00eds dos Santos<\/p><\/div>\n<p>\u201cExperi\u00eancias e viv\u00eancias cotidianas s\u00e3o marcas registradas no trabalho de Bruna, acreditamos que isso tenha dado mais originalidade ao texto, levando assim Bruna a ganhar a premia\u00e7\u00e3o\u201d afirma o professor orientador. A proposta de trabalho \u00e9 uma iniciativa do\u00a0Conselho Nacional de Desenvolvimento Cient\u00edfico e Tecnol\u00f3gico (CNPq\/MCTI), a\u00a0<a href=\"http:\/\/www.sepm.gov.br\/\">Secretaria de Pol\u00edticas para as Mulheres<\/a>(SPM\/PR), o\u00a0<a href=\"http:\/\/portal.mec.gov.br\/index.php\">Minist\u00e9rio da Educa\u00e7\u00e3o<\/a>\u00a0(MEC) e a<a href=\"http:\/\/www.onu.org.br\/onu-no-brasil\/onu-mulheres\/\">\u00a0ONU Mulheres<\/a>.\u00a0 \u201cEspera-se que essa premia\u00e7\u00e3o seja um elemento motivador para os estudantes desenvolverem projetos e produzirem mais textos, incentivando tamb\u00e9m o processo de leitura.\u201d Argumenta Bruna La\u00eds que est\u00e1 muito feliz.<\/p>\n<p>Mais informa\u00e7\u00f5es sobre a premia\u00e7\u00e3o e participa\u00e7\u00e3o, vide site: <a href=\"http:\/\/www.igualdadedegenero.cnpq.br\/igualdade.html\">http:\/\/www.igualdadedegenero.cnpq.br\/igualdade.html<\/a><a href=\"http:\/\/www.ifbaiano.edu.br\/unidades\/santaines\/files\/2013\/03\/Bruna1.jpg\"><br \/>\n<\/a><\/p>\n<p>&nbsp;<\/p>\n","protected":false},"excerpt":{"rendered":"<p>Com mais de 4.100 inscri\u00e7\u00f5es na categoria Estudante do Ensino M\u00e9dio, a estudante Bruna La\u00eds dos Santos logrou o 1\u00ba lugar em \u00e2mbito estadual<\/p>\n","protected":false},"author":26,"featured_media":0,"comment_status":"closed","ping_status":"closed","sticky":false,"template":"","format":"standard","meta":[],"categories":[10],"tags":[],"_links":{"self":[{"href":"https:\/\/www.ifbaiano.edu.br\/unidades\/santaines\/wp-json\/wp\/v2\/posts\/2938"}],"collection":[{"href":"https:\/\/www.ifbaiano.edu.br\/unidades\/santaines\/wp-json\/wp\/v2\/posts"}],"about":[{"href":"https:\/\/www.ifbaiano.edu.br\/unidades\/santaines\/wp-json\/wp\/v2\/types\/post"}],"author":[{"embeddable":true,"href":"https:\/\/www.ifbaiano.edu.br\/unidades\/santaines\/wp-json\/wp\/v2\/users\/26"}],"replies":[{"embeddable":true,"href":"https:\/\/www.ifbaiano.edu.br\/unidades\/santaines\/wp-json\/wp\/v2\/comments?post=2938"}],"version-history":[{"count":6,"href":"https:\/\/www.ifbaiano.edu.br\/unidades\/santaines\/wp-json\/wp\/v2\/posts\/2938\/revisions"}],"predecessor-version":[{"id":2947,"href":"https:\/\/www.ifbaiano.edu.br\/unidades\/santaines\/wp-json\/wp\/v2\/posts\/2938\/revisions\/2947"}],"wp:attachment":[{"href":"https:\/\/www.ifbaiano.edu.br\/unidades\/santaines\/wp-json\/wp\/v2\/media?parent=2938"}],"wp:term":[{"taxonomy":"category","embeddable":true,"href":"https:\/\/www.ifbaiano.edu.br\/unidades\/santaines\/wp-json\/wp\/v2\/categories?post=2938"},{"taxonomy":"post_tag","embeddable":true,"href":"https:\/\/www.ifbaiano.edu.br\/unidades\/santaines\/wp-json\/wp\/v2\/tags?post=2938"}],"curies":[{"name":"wp","href":"https:\/\/api.w.org\/{rel}","templated":true}]}}