{"id":2950,"date":"2013-03-22T08:26:34","date_gmt":"2013-03-22T11:26:34","guid":{"rendered":"http:\/\/www.ifbaiano.edu.br\/unidades\/santaines\/?p=2950"},"modified":"2013-03-22T08:26:34","modified_gmt":"2013-03-22T11:26:34","slug":"comecam-no-dia-22-de-marco-as-matriculas-dos-cursos-ead","status":"publish","type":"post","link":"https:\/\/www.ifbaiano.edu.br\/unidades\/santaines\/comecam-no-dia-22-de-marco-as-matriculas-dos-cursos-ead\/","title":{"rendered":"Come\u00e7am no dia 22 de mar\u00e7o as matr\u00edculas dos cursos EaD"},"content":{"rendered":"<p>Os candidatos aprovados na sele\u00e7\u00e3o para ingresso de estudantes nos cursos EaD ofertados pelo IF Baiano, devem realizar a matr\u00edcula\u00a0<strong>nos dias 22, 25, 26 e 27 de mar\u00e7o de 2013<\/strong>. Para efetiva\u00e7\u00e3o da matr\u00edcula, os aprovados t\u00eam que apresentar a documenta\u00e7\u00e3o exigida no edital, sob pena de perder a vaga pleiteada.<\/p>\n<p>Quanto aos concorrentes por sistema de cotas, a documenta\u00e7\u00e3o passar\u00e1 por uma an\u00e1lise para comprova\u00e7\u00e3o das exig\u00eancias do certame.<\/p>\n<p>Para maiores informa\u00e7\u00f5es sobre a matr\u00edcula, acesse o\u00a0<a href=\"http:\/\/www.ifbaiano.edu.br\/reitoria\/wp-content\/uploads\/2013\/03\/Comunicado-de-matricula.pdf\">Comunicado de Matr\u00edcula<\/a>.<\/p>\n<p><a href=\"http:\/\/www.ifbaiano.edu.br\/reitoria\/?attachment_id=19564\">RESULTADO<\/a><\/p>\n<p>Ascom \/ Reitoria<\/p>\n","protected":false},"excerpt":{"rendered":"<p>Os cursos ser\u00e3o sediados em 13 munic\u00edpios da Bahia.<\/p>\n","protected":false},"author":26,"featured_media":0,"comment_status":"closed","ping_status":"closed","sticky":false,"template":"","format":"standard","meta":[],"categories":[10],"tags":[],"_links":{"self":[{"href":"https:\/\/www.ifbaiano.edu.br\/unidades\/santaines\/wp-json\/wp\/v2\/posts\/2950"}],"collection":[{"href":"https:\/\/www.ifbaiano.edu.br\/unidades\/santaines\/wp-json\/wp\/v2\/posts"}],"about":[{"href":"https:\/\/www.ifbaiano.edu.br\/unidades\/santaines\/wp-json\/wp\/v2\/types\/post"}],"author":[{"embeddable":true,"href":"https:\/\/www.ifbaiano.edu.br\/unidades\/santaines\/wp-json\/wp\/v2\/users\/26"}],"replies":[{"embeddable":true,"href":"https:\/\/www.ifbaiano.edu.br\/unidades\/santaines\/wp-json\/wp\/v2\/comments?post=2950"}],"version-history":[{"count":2,"href":"https:\/\/www.ifbaiano.edu.br\/unidades\/santaines\/wp-json\/wp\/v2\/posts\/2950\/revisions"}],"predecessor-version":[{"id":2952,"href":"https:\/\/www.ifbaiano.edu.br\/unidades\/santaines\/wp-json\/wp\/v2\/posts\/2950\/revisions\/2952"}],"wp:attachment":[{"href":"https:\/\/www.ifbaiano.edu.br\/unidades\/santaines\/wp-json\/wp\/v2\/media?parent=2950"}],"wp:term":[{"taxonomy":"category","embeddable":true,"href":"https:\/\/www.ifbaiano.edu.br\/unidades\/santaines\/wp-json\/wp\/v2\/categories?post=2950"},{"taxonomy":"post_tag","embeddable":true,"href":"https:\/\/www.ifbaiano.edu.br\/unidades\/santaines\/wp-json\/wp\/v2\/tags?post=2950"}],"curies":[{"name":"wp","href":"https:\/\/api.w.org\/{rel}","templated":true}]}}