{"id":2977,"date":"2013-04-10T16:52:51","date_gmt":"2013-04-10T19:52:51","guid":{"rendered":"http:\/\/www.ifbaiano.edu.br\/unidades\/santaines\/?p=2977"},"modified":"2013-04-23T16:24:45","modified_gmt":"2013-04-23T19:24:45","slug":"vagas-remanescentes-2013-1-e-2013-2","status":"publish","type":"post","link":"https:\/\/www.ifbaiano.edu.br\/unidades\/santaines\/vagas-remanescentes-2013-1-e-2013-2\/","title":{"rendered":"VAGAS REMANESCENTES 2013.1 e 2013.2"},"content":{"rendered":"<p><span style=\"font-size: medium;line-height: 19px\">Vagas remanescentes:<\/span><\/p>\n<p><span style=\"font-size: medium;line-height: 19px\">Per\u00edodo de inscri\u00e7\u00e3o: 10 a 19 de abril de 2013<\/span><\/p>\n<p><span style=\"font-size: medium;line-height: 19px\">Acesse o \u00a0e<\/span><span style=\"font-size: medium;line-height: 19px\">dital para preenchimento de vagas remanescentes do Processo Seletivo para Ingresso de Estudantes do Curso T\u00e9cnico Integrado em <\/span><strong>Zootecnia e Alimentos<\/strong><span style=\"font-size: medium;line-height: 19px\">; T\u00e9cnico Subsequente em <\/span><strong>Inform\u00e1tica<\/strong><span style=\"font-size: medium;line-height: 19px\">, do <\/span><em>Campus <\/em><span style=\"font-size: medium;line-height: 19px\">Santa In\u00eas<\/span><\/p>\n<p><a href=\"http:\/\/www.ifbaiano.edu.br\/unidades\/santaines\/files\/2013\/04\/edital_retificacao_vagas_remanescentes_20013_1_2013_2.pdf\">Edital_retificacao_vagas_remanescentes_20013_1_2013_2<\/a><\/p>\n","protected":false},"excerpt":{"rendered":"<p>Edital para preenchimento de vagas remanescentes do Processo Seletivo para Ingresso de Estudantes do Curso T\u00e9cnico Integrado em Zootecnia e Alimentos; T\u00e9cnico Subsequente em Inform\u00e1tica, do Campus Santa In\u00eas<\/p>\n","protected":false},"author":7,"featured_media":0,"comment_status":"closed","ping_status":"closed","sticky":false,"template":"","format":"standard","meta":[],"categories":[10],"tags":[],"_links":{"self":[{"href":"https:\/\/www.ifbaiano.edu.br\/unidades\/santaines\/wp-json\/wp\/v2\/posts\/2977"}],"collection":[{"href":"https:\/\/www.ifbaiano.edu.br\/unidades\/santaines\/wp-json\/wp\/v2\/posts"}],"about":[{"href":"https:\/\/www.ifbaiano.edu.br\/unidades\/santaines\/wp-json\/wp\/v2\/types\/post"}],"author":[{"embeddable":true,"href":"https:\/\/www.ifbaiano.edu.br\/unidades\/santaines\/wp-json\/wp\/v2\/users\/7"}],"replies":[{"embeddable":true,"href":"https:\/\/www.ifbaiano.edu.br\/unidades\/santaines\/wp-json\/wp\/v2\/comments?post=2977"}],"version-history":[{"count":7,"href":"https:\/\/www.ifbaiano.edu.br\/unidades\/santaines\/wp-json\/wp\/v2\/posts\/2977\/revisions"}],"predecessor-version":[{"id":2997,"href":"https:\/\/www.ifbaiano.edu.br\/unidades\/santaines\/wp-json\/wp\/v2\/posts\/2977\/revisions\/2997"}],"wp:attachment":[{"href":"https:\/\/www.ifbaiano.edu.br\/unidades\/santaines\/wp-json\/wp\/v2\/media?parent=2977"}],"wp:term":[{"taxonomy":"category","embeddable":true,"href":"https:\/\/www.ifbaiano.edu.br\/unidades\/santaines\/wp-json\/wp\/v2\/categories?post=2977"},{"taxonomy":"post_tag","embeddable":true,"href":"https:\/\/www.ifbaiano.edu.br\/unidades\/santaines\/wp-json\/wp\/v2\/tags?post=2977"}],"curies":[{"name":"wp","href":"https:\/\/api.w.org\/{rel}","templated":true}]}}