{"id":2984,"date":"2013-04-12T10:52:55","date_gmt":"2013-04-12T13:52:55","guid":{"rendered":"http:\/\/www.ifbaiano.edu.br\/unidades\/santaines\/?p=2984"},"modified":"2013-04-12T17:02:16","modified_gmt":"2013-04-12T20:02:16","slug":"comecam-hoje-as-inscricoes-da-selecao-de-professores-bolsistas-do-pronatec","status":"publish","type":"post","link":"https:\/\/www.ifbaiano.edu.br\/unidades\/santaines\/comecam-hoje-as-inscricoes-da-selecao-de-professores-bolsistas-do-pronatec\/","title":{"rendered":"Come\u00e7am hoje(12\/04) as inscri\u00e7\u00f5es da sele\u00e7\u00e3o de professores bolsistas do Pronatec"},"content":{"rendered":"<p>Seguem at\u00e9 o dia 24 de abril de 2013, as inscri\u00e7\u00f5es do Processo Seletivo para professor bolsista do Pronatec (vagas remanescentes). Ao total s\u00e3o 8 (oito) vagas distribu\u00eddas nos <em>Campi<\/em> Guanambi, Senhor do Bonfim e Santa In\u00eas.<\/p>\n<p align=\"JUSTIFY\">Podem se inscrever servidores ativos e nativos da Reitoria e campi do IF Baiano. O candidato deve preencher a Ficha de Inscri\u00e7\u00e3o (Anexo I), anexar os documentos solicitados no edital e encaminhar, no formato PDF, para o endere\u00e7o:\u00a0 <strong>pronatece@ifbaiano.edu.br<\/strong> com c\u00f3pia para <strong>selecaopronatec@gmail.com<\/strong>. N\u00e3o ser\u00e1 cobrada taxa de inscri\u00e7\u00e3o.<\/p>\n<p align=\"JUSTIFY\">Os selecionados atuar\u00e3o como professores bolsistas nos Cursos T\u00e9cnicos Profissionalizantes na forma Concomitante, com remunera\u00e7\u00e3o de R$ 50,00 (cinquenta reais) por hora\/aula.<\/p>\n<p align=\"JUSTIFY\">Acesse a <a href=\"http:\/\/www.ifbaiano.edu.br\/reitoria\/wp-content\/uploads\/2013\/04\/Chamada-Interna-02.pdf\">Chamada Interna<\/a><\/p>\n","protected":false},"excerpt":{"rendered":"<p>Ao total s\u00e3o 8 (oito) vagas distribu\u00eddas entres os Campi Guanambi, Senhor do Bonfim e Santa In\u00eas.<\/p>\n","protected":false},"author":26,"featured_media":0,"comment_status":"closed","ping_status":"closed","sticky":false,"template":"","format":"standard","meta":[],"categories":[10],"tags":[],"_links":{"self":[{"href":"https:\/\/www.ifbaiano.edu.br\/unidades\/santaines\/wp-json\/wp\/v2\/posts\/2984"}],"collection":[{"href":"https:\/\/www.ifbaiano.edu.br\/unidades\/santaines\/wp-json\/wp\/v2\/posts"}],"about":[{"href":"https:\/\/www.ifbaiano.edu.br\/unidades\/santaines\/wp-json\/wp\/v2\/types\/post"}],"author":[{"embeddable":true,"href":"https:\/\/www.ifbaiano.edu.br\/unidades\/santaines\/wp-json\/wp\/v2\/users\/26"}],"replies":[{"embeddable":true,"href":"https:\/\/www.ifbaiano.edu.br\/unidades\/santaines\/wp-json\/wp\/v2\/comments?post=2984"}],"version-history":[{"count":4,"href":"https:\/\/www.ifbaiano.edu.br\/unidades\/santaines\/wp-json\/wp\/v2\/posts\/2984\/revisions"}],"predecessor-version":[{"id":2987,"href":"https:\/\/www.ifbaiano.edu.br\/unidades\/santaines\/wp-json\/wp\/v2\/posts\/2984\/revisions\/2987"}],"wp:attachment":[{"href":"https:\/\/www.ifbaiano.edu.br\/unidades\/santaines\/wp-json\/wp\/v2\/media?parent=2984"}],"wp:term":[{"taxonomy":"category","embeddable":true,"href":"https:\/\/www.ifbaiano.edu.br\/unidades\/santaines\/wp-json\/wp\/v2\/categories?post=2984"},{"taxonomy":"post_tag","embeddable":true,"href":"https:\/\/www.ifbaiano.edu.br\/unidades\/santaines\/wp-json\/wp\/v2\/tags?post=2984"}],"curies":[{"name":"wp","href":"https:\/\/api.w.org\/{rel}","templated":true}]}}