{"id":3001,"date":"2013-04-23T19:11:46","date_gmt":"2013-04-23T22:11:46","guid":{"rendered":"http:\/\/www.ifbaiano.edu.br\/unidades\/santaines\/?p=3001"},"modified":"2013-04-23T19:11:46","modified_gmt":"2013-04-23T22:11:46","slug":"cotas-para-estudantes-oriundos-da-escola-publica","status":"publish","type":"post","link":"https:\/\/www.ifbaiano.edu.br\/unidades\/santaines\/cotas-para-estudantes-oriundos-da-escola-publica\/","title":{"rendered":"Cotas para estudantes oriundos da Escola P\u00fablica"},"content":{"rendered":"<p><a href=\"http:\/\/www.ifbaiano.edu.br\/unidades\/santaines\/files\/2013\/04\/COTAS-ESCOLA-PuBLICA.pdf\" target=\"_blank\">Rela\u00e7\u00e3o dos candidatos ap\u00f3s an\u00e1lise da documenta\u00e7\u00e3o<\/a><\/p>\n","protected":false},"excerpt":{"rendered":"<p>Rela\u00e7\u00e3o dos candidatos ap\u00f3s an\u00e1lise da documenta\u00e7\u00e3o<\/p>\n","protected":false},"author":26,"featured_media":0,"comment_status":"closed","ping_status":"closed","sticky":false,"template":"","format":"standard","meta":[],"categories":[10],"tags":[],"_links":{"self":[{"href":"https:\/\/www.ifbaiano.edu.br\/unidades\/santaines\/wp-json\/wp\/v2\/posts\/3001"}],"collection":[{"href":"https:\/\/www.ifbaiano.edu.br\/unidades\/santaines\/wp-json\/wp\/v2\/posts"}],"about":[{"href":"https:\/\/www.ifbaiano.edu.br\/unidades\/santaines\/wp-json\/wp\/v2\/types\/post"}],"author":[{"embeddable":true,"href":"https:\/\/www.ifbaiano.edu.br\/unidades\/santaines\/wp-json\/wp\/v2\/users\/26"}],"replies":[{"embeddable":true,"href":"https:\/\/www.ifbaiano.edu.br\/unidades\/santaines\/wp-json\/wp\/v2\/comments?post=3001"}],"version-history":[{"count":2,"href":"https:\/\/www.ifbaiano.edu.br\/unidades\/santaines\/wp-json\/wp\/v2\/posts\/3001\/revisions"}],"predecessor-version":[{"id":3004,"href":"https:\/\/www.ifbaiano.edu.br\/unidades\/santaines\/wp-json\/wp\/v2\/posts\/3001\/revisions\/3004"}],"wp:attachment":[{"href":"https:\/\/www.ifbaiano.edu.br\/unidades\/santaines\/wp-json\/wp\/v2\/media?parent=3001"}],"wp:term":[{"taxonomy":"category","embeddable":true,"href":"https:\/\/www.ifbaiano.edu.br\/unidades\/santaines\/wp-json\/wp\/v2\/categories?post=3001"},{"taxonomy":"post_tag","embeddable":true,"href":"https:\/\/www.ifbaiano.edu.br\/unidades\/santaines\/wp-json\/wp\/v2\/tags?post=3001"}],"curies":[{"name":"wp","href":"https:\/\/api.w.org\/{rel}","templated":true}]}}