{"id":3022,"date":"2013-05-02T13:37:45","date_gmt":"2013-05-02T16:37:45","guid":{"rendered":"http:\/\/www.ifbaiano.edu.br\/unidades\/santaines\/?p=3022"},"modified":"2013-05-03T14:43:09","modified_gmt":"2013-05-03T17:43:09","slug":"resultado-do-processo-seletivovagas-remanescentes-2012-1-e-2012-2","status":"publish","type":"post","link":"https:\/\/www.ifbaiano.edu.br\/unidades\/santaines\/resultado-do-processo-seletivovagas-remanescentes-2012-1-e-2012-2\/","title":{"rendered":"Resultado do Processo Seletivo\/Vagas Remanescentes 2013.1 e 2013.2"},"content":{"rendered":"<p><strong>Resultado do Processo Seletivo\/Vagas Remanescentes 2013.1 e 2013.2<\/strong><br \/>\n<strong><span style=\"font-size: 13px;line-height: 19px\"><a href=\"http:\/\/www.ifbaiano.edu.br\/unidades\/santaines\/files\/2013\/05\/RESULTADO-_PROCESSO_SELETIVO_VAGAS_REMANESCENTES_2013_1_e_2013_2.pdf\">Acessar aqui!<br \/>\n<\/a><\/span><\/strong><a href=\"http:\/\/www.ifbaiano.edu.br\/unidades\/santaines\/files\/2013\/05\/RESULTADO-_PROCESSO_SELETIVO_VAGAS_REMANESCENTES_2013_1_e_2013_2.pdf\">Resultado do Processo Seletivo Vagas Remanescentes 2013.1 e 2013.2<\/a><\/p>\n<p>As matr\u00edculas ser\u00e3o realizadas <span style=\"text-decoration: underline\">nos dias 06 e 07 de maio de 2013<\/span>. Vejam a Documenta\u00e7\u00e3o necess\u00e1rio no Edital.<\/p>\n<p>Comiss\u00e3o do Processo Seletivo<\/p>\n","protected":false},"excerpt":{"rendered":"<p>Resultado do Processo Seletivo\/Vagas Remanescentes 2013.1 e 2013.2<br \/>\nAs matr\u00edculas ser\u00e3o realizadas nos dias 06 e 07 de maio de 2013<\/p>\n","protected":false},"author":7,"featured_media":0,"comment_status":"closed","ping_status":"closed","sticky":false,"template":"","format":"standard","meta":[],"categories":[5],"tags":[],"_links":{"self":[{"href":"https:\/\/www.ifbaiano.edu.br\/unidades\/santaines\/wp-json\/wp\/v2\/posts\/3022"}],"collection":[{"href":"https:\/\/www.ifbaiano.edu.br\/unidades\/santaines\/wp-json\/wp\/v2\/posts"}],"about":[{"href":"https:\/\/www.ifbaiano.edu.br\/unidades\/santaines\/wp-json\/wp\/v2\/types\/post"}],"author":[{"embeddable":true,"href":"https:\/\/www.ifbaiano.edu.br\/unidades\/santaines\/wp-json\/wp\/v2\/users\/7"}],"replies":[{"embeddable":true,"href":"https:\/\/www.ifbaiano.edu.br\/unidades\/santaines\/wp-json\/wp\/v2\/comments?post=3022"}],"version-history":[{"count":3,"href":"https:\/\/www.ifbaiano.edu.br\/unidades\/santaines\/wp-json\/wp\/v2\/posts\/3022\/revisions"}],"predecessor-version":[{"id":3035,"href":"https:\/\/www.ifbaiano.edu.br\/unidades\/santaines\/wp-json\/wp\/v2\/posts\/3022\/revisions\/3035"}],"wp:attachment":[{"href":"https:\/\/www.ifbaiano.edu.br\/unidades\/santaines\/wp-json\/wp\/v2\/media?parent=3022"}],"wp:term":[{"taxonomy":"category","embeddable":true,"href":"https:\/\/www.ifbaiano.edu.br\/unidades\/santaines\/wp-json\/wp\/v2\/categories?post=3022"},{"taxonomy":"post_tag","embeddable":true,"href":"https:\/\/www.ifbaiano.edu.br\/unidades\/santaines\/wp-json\/wp\/v2\/tags?post=3022"}],"curies":[{"name":"wp","href":"https:\/\/api.w.org\/{rel}","templated":true}]}}