{"id":3069,"date":"2013-05-09T13:28:28","date_gmt":"2013-05-09T16:28:28","guid":{"rendered":"http:\/\/www.ifbaiano.edu.br\/unidades\/santaines\/?p=3069"},"modified":"2013-05-13T08:21:00","modified_gmt":"2013-05-13T11:21:00","slug":"3069","status":"publish","type":"post","link":"https:\/\/www.ifbaiano.edu.br\/unidades\/santaines\/3069\/","title":{"rendered":"A aula Inaugural ser\u00e1 realizada no dia 13 de maio de 2013"},"content":{"rendered":"<p>A Dire\u00e7\u00e3o do IF Baiano Campus Santa In\u00eas tem a honra de convidar todos os alunos, pais e respons\u00e1veis para a AULA INAUGURAL que acontecer\u00e1 no dia 13 de maio de 2013, a partir das 08:00 horas em nosso audit\u00f3rio.<\/p>\n<p>Este evento inicia nossa campanha de incentivo ao TROTE SOLID\u00c1RIO e, para tal, contamos com sua doa\u00e7\u00e3o de 1kg de alimento n\u00e3o perec\u00edvel ou agasalho para ser doado a uma entidade beneficente.<\/p>\n<p><a href=\"http:\/\/www.ifbaiano.edu.br\/unidades\/santaines\/files\/2013\/05\/IF_BAIANO_TRABALHO.jpg\"><img decoding=\"async\" loading=\"lazy\" class=\"size-medium wp-image-3070 alignleft\" src=\"http:\/\/www.ifbaiano.edu.br\/unidades\/santaines\/files\/2013\/05\/IF_BAIANO_TRABALHO-300x212.jpg\" alt=\"\" width=\"300\" height=\"212\" srcset=\"https:\/\/www.ifbaiano.edu.br\/unidades\/santaines\/files\/2013\/05\/IF_BAIANO_TRABALHO-300x212.jpg 300w, https:\/\/www.ifbaiano.edu.br\/unidades\/santaines\/files\/2013\/05\/IF_BAIANO_TRABALHO-1024x724.jpg 1024w, https:\/\/www.ifbaiano.edu.br\/unidades\/santaines\/files\/2013\/05\/IF_BAIANO_TRABALHO-400x282.jpg 400w\" sizes=\"(max-width: 300px) 100vw, 300px\" \/><\/a><\/p>\n<p>&nbsp;<\/p>\n<p>&nbsp;<\/p>\n<p>&nbsp;<\/p>\n","protected":false},"excerpt":{"rendered":"<p>O evento acontecer\u00e1 a partir das 08:00 horas em nosso Audit\u00f3rio. Contamos com sua presen\u00e7a!!!<\/p>\n","protected":false},"author":7,"featured_media":0,"comment_status":"closed","ping_status":"closed","sticky":false,"template":"","format":"standard","meta":[],"categories":[10],"tags":[],"_links":{"self":[{"href":"https:\/\/www.ifbaiano.edu.br\/unidades\/santaines\/wp-json\/wp\/v2\/posts\/3069"}],"collection":[{"href":"https:\/\/www.ifbaiano.edu.br\/unidades\/santaines\/wp-json\/wp\/v2\/posts"}],"about":[{"href":"https:\/\/www.ifbaiano.edu.br\/unidades\/santaines\/wp-json\/wp\/v2\/types\/post"}],"author":[{"embeddable":true,"href":"https:\/\/www.ifbaiano.edu.br\/unidades\/santaines\/wp-json\/wp\/v2\/users\/7"}],"replies":[{"embeddable":true,"href":"https:\/\/www.ifbaiano.edu.br\/unidades\/santaines\/wp-json\/wp\/v2\/comments?post=3069"}],"version-history":[{"count":8,"href":"https:\/\/www.ifbaiano.edu.br\/unidades\/santaines\/wp-json\/wp\/v2\/posts\/3069\/revisions"}],"predecessor-version":[{"id":3072,"href":"https:\/\/www.ifbaiano.edu.br\/unidades\/santaines\/wp-json\/wp\/v2\/posts\/3069\/revisions\/3072"}],"wp:attachment":[{"href":"https:\/\/www.ifbaiano.edu.br\/unidades\/santaines\/wp-json\/wp\/v2\/media?parent=3069"}],"wp:term":[{"taxonomy":"category","embeddable":true,"href":"https:\/\/www.ifbaiano.edu.br\/unidades\/santaines\/wp-json\/wp\/v2\/categories?post=3069"},{"taxonomy":"post_tag","embeddable":true,"href":"https:\/\/www.ifbaiano.edu.br\/unidades\/santaines\/wp-json\/wp\/v2\/tags?post=3069"}],"curies":[{"name":"wp","href":"https:\/\/api.w.org\/{rel}","templated":true}]}}