{"id":3089,"date":"2013-05-28T13:40:57","date_gmt":"2013-05-28T16:40:57","guid":{"rendered":"http:\/\/www.ifbaiano.edu.br\/unidades\/santaines\/?p=3089"},"modified":"2013-06-14T09:39:56","modified_gmt":"2013-06-14T12:39:56","slug":"curso-de-extensao-em-educacao-de-surdos-e-libras","status":"publish","type":"post","link":"https:\/\/www.ifbaiano.edu.br\/unidades\/santaines\/curso-de-extensao-em-educacao-de-surdos-e-libras\/","title":{"rendered":"Curso de Extens\u00e3o em Educa\u00e7\u00e3o de Surdos e LIBRAS"},"content":{"rendered":"<p>O N\u00facleo de Atendimento \u00e0s Pessoas com Necessidades Espec\u00edficas \u2013 NAPNE, do IF Baiano \u2013 <em>Campus\u00a0<\/em>Santa In\u00eas, informa que ser\u00e3o oferecidas aos docentes desta Unidade\u00a010 (dez) vagas\u00a0para o <strong>Curso de Extens\u00e3o em Educa\u00e7\u00e3o de Surdos e LIBRAS<\/strong>, com carga hor\u00e1ria total de 100h, a ser realizado no per\u00edodo de 23 de julho a 12 de dezembro deste ano, \u00e0s quintas-feiras, das 19h00 \u00e0s 21h00, no Centro de Capacita\u00e7\u00e3o Luiz Eduardo Magalh\u00e3es, em Santa In\u00eas.<\/p>\n<p>O <strong>per\u00edodo de inscri\u00e7\u00e3o<\/strong> \u00e9 de <strong>27\/05 a 31\/05\/2013<\/strong>. Para se inscrever, basta preencher a <strong>Ficha de Inscri\u00e7\u00e3o em anexo<\/strong> e envi\u00e1-la para <a href=\"mailto:napne@si.ifbaiano.edu.br\" target=\"_blank\">napne@si.ifbaiano.edu.br<\/a>, de prefer\u00eancia do e-mail institucional pessoal, com assunto \u201cCurso de Extens\u00e3o\u201d. As 10 (dez) primeiras fichas enviadas ser\u00e3o contempladas. A lista de confirma\u00e7\u00e3o de inscritos ser\u00e1 divulgada nesta p\u00e1gina, e tamb\u00e9m por e-mail, at\u00e9 o dia 03 de junho deste.<\/p>\n<p>As d\u00favidas poder\u00e3o ser esclarecidas atrav\u00e9s do pr\u00f3prio e-mail de inscri\u00e7\u00e3o.<\/p>\n<p><a href=\"http:\/\/www.ifbaiano.edu.br\/unidades\/santaines\/files\/2013\/05\/Ficha-de-Inscricao.pdf\" target=\"_blank\">Ficha de Inscri\u00e7\u00e3o<\/a><\/p>\n","protected":false},"excerpt":{"rendered":"<p>O N\u00facleo de Atendimento \u00e0s Pessoas com Necessidades Espec\u00edficas \u2013 NAPNE, do IF Baiano \u2013 Campus Santa In\u00eas, informa que ser\u00e3o oferecidas aos docentes desta Unidade 10 (dez) vagas para o Curso de Extens\u00e3o em Educa\u00e7\u00e3o de Surdos e LIBRAS. <\/p>\n","protected":false},"author":26,"featured_media":0,"comment_status":"closed","ping_status":"closed","sticky":false,"template":"","format":"standard","meta":[],"categories":[10],"tags":[],"_links":{"self":[{"href":"https:\/\/www.ifbaiano.edu.br\/unidades\/santaines\/wp-json\/wp\/v2\/posts\/3089"}],"collection":[{"href":"https:\/\/www.ifbaiano.edu.br\/unidades\/santaines\/wp-json\/wp\/v2\/posts"}],"about":[{"href":"https:\/\/www.ifbaiano.edu.br\/unidades\/santaines\/wp-json\/wp\/v2\/types\/post"}],"author":[{"embeddable":true,"href":"https:\/\/www.ifbaiano.edu.br\/unidades\/santaines\/wp-json\/wp\/v2\/users\/26"}],"replies":[{"embeddable":true,"href":"https:\/\/www.ifbaiano.edu.br\/unidades\/santaines\/wp-json\/wp\/v2\/comments?post=3089"}],"version-history":[{"count":4,"href":"https:\/\/www.ifbaiano.edu.br\/unidades\/santaines\/wp-json\/wp\/v2\/posts\/3089\/revisions"}],"predecessor-version":[{"id":3093,"href":"https:\/\/www.ifbaiano.edu.br\/unidades\/santaines\/wp-json\/wp\/v2\/posts\/3089\/revisions\/3093"}],"wp:attachment":[{"href":"https:\/\/www.ifbaiano.edu.br\/unidades\/santaines\/wp-json\/wp\/v2\/media?parent=3089"}],"wp:term":[{"taxonomy":"category","embeddable":true,"href":"https:\/\/www.ifbaiano.edu.br\/unidades\/santaines\/wp-json\/wp\/v2\/categories?post=3089"},{"taxonomy":"post_tag","embeddable":true,"href":"https:\/\/www.ifbaiano.edu.br\/unidades\/santaines\/wp-json\/wp\/v2\/tags?post=3089"}],"curies":[{"name":"wp","href":"https:\/\/api.w.org\/{rel}","templated":true}]}}