{"id":3173,"date":"2013-07-17T10:01:59","date_gmt":"2013-07-17T13:01:59","guid":{"rendered":"http:\/\/www.ifbaiano.edu.br\/unidades\/santaines\/?p=3173"},"modified":"2013-07-17T13:32:27","modified_gmt":"2013-07-17T16:32:27","slug":"11","status":"publish","type":"post","link":"https:\/\/www.ifbaiano.edu.br\/unidades\/santaines\/11\/","title":{"rendered":"Divulgado resultado final do Processo Seletivo de Professor Substituto do Campus Santa In\u00eas"},"content":{"rendered":"<p>O processo seletivo para professor substituto 2013 oferece vagas nas \u00e1reas de Matem\u00e1tica (01 vaga), Hist\u00f3ria (01 vaga), Sociologia e Filosofia (01 vaga) e Pedagogia (01 vaga).<\/p>\n<p><a href=\"http:\/\/www.ifbaiano.edu.br\/unidades\/santaines\/files\/2013\/07\/Resultado-Final-Selecao-2013.pdf\">Confira aqui o resultado final<\/a><\/p>\n<p>O edital na \u00edntegra bem como sua retifica\u00e7\u00e3o (exclus\u00e3o da vaga de Geografia) se encontra no link: <a href=\"http:\/\/selecao.si.ifbaiano.edu.br\/site\/selecao\/2013\" target=\"_blank\">http:\/\/selecao.si.ifbaiano.edu.br\/site\/selecao\/2013<\/a>, local onde tamb\u00e9m foram realizadas as inscri\u00e7\u00f5es.<\/p>\n","protected":false},"excerpt":{"rendered":"<p>Confira o resultado final!<\/p>\n","protected":false},"author":26,"featured_media":0,"comment_status":"closed","ping_status":"closed","sticky":false,"template":"","format":"standard","meta":[],"categories":[10],"tags":[],"_links":{"self":[{"href":"https:\/\/www.ifbaiano.edu.br\/unidades\/santaines\/wp-json\/wp\/v2\/posts\/3173"}],"collection":[{"href":"https:\/\/www.ifbaiano.edu.br\/unidades\/santaines\/wp-json\/wp\/v2\/posts"}],"about":[{"href":"https:\/\/www.ifbaiano.edu.br\/unidades\/santaines\/wp-json\/wp\/v2\/types\/post"}],"author":[{"embeddable":true,"href":"https:\/\/www.ifbaiano.edu.br\/unidades\/santaines\/wp-json\/wp\/v2\/users\/26"}],"replies":[{"embeddable":true,"href":"https:\/\/www.ifbaiano.edu.br\/unidades\/santaines\/wp-json\/wp\/v2\/comments?post=3173"}],"version-history":[{"count":14,"href":"https:\/\/www.ifbaiano.edu.br\/unidades\/santaines\/wp-json\/wp\/v2\/posts\/3173\/revisions"}],"predecessor-version":[{"id":3177,"href":"https:\/\/www.ifbaiano.edu.br\/unidades\/santaines\/wp-json\/wp\/v2\/posts\/3173\/revisions\/3177"}],"wp:attachment":[{"href":"https:\/\/www.ifbaiano.edu.br\/unidades\/santaines\/wp-json\/wp\/v2\/media?parent=3173"}],"wp:term":[{"taxonomy":"category","embeddable":true,"href":"https:\/\/www.ifbaiano.edu.br\/unidades\/santaines\/wp-json\/wp\/v2\/categories?post=3173"},{"taxonomy":"post_tag","embeddable":true,"href":"https:\/\/www.ifbaiano.edu.br\/unidades\/santaines\/wp-json\/wp\/v2\/tags?post=3173"}],"curies":[{"name":"wp","href":"https:\/\/api.w.org\/{rel}","templated":true}]}}